{"id":64,"date":"2022-06-01T17:50:07","date_gmt":"2022-06-01T20:50:07","guid":{"rendered":"https:\/\/web3.cl\/dev-infancia\/?p=64"},"modified":"2022-06-03T17:20:04","modified_gmt":"2022-06-03T20:20:04","slug":"inauguracion-jardin-infantil-maria-victoria-peralta-2","status":"publish","type":"post","link":"https:\/\/web3.cl\/dev-infancia\/inauguracion-jardin-infantil-maria-victoria-peralta-2\/","title":{"rendered":"PRESENTACI\u00d3N MEMORIA ANUAL 2021 CIS"},"content":{"rendered":"<p class=\"news-extract\">En sesi\u00f3n celebrada el 31 de mayo de 2022, la Directora Ejecutiva de la Corporaci\u00f3n para la Infancia de Santiago Liliana Barrera Ulloa, acompa\u00f1ada por la Subdirectora Graciela Ruiz Araya y la Abogada Alejandra Acu\u00f1a, present\u00f3 la Memoria anual 2021 al pleno del Directorio.<\/p>\n<p>&nbsp;<\/p>\n<p style=\"text-align: left;\">En la reuni\u00f3n, a la que asistieron los directores\/as: Javiera Meneses Guti\u00e9rrez, presidenta; Poliana Pe\u00f1a Pav\u00e9z, 1\u00b0 directora; Pablo Selles Ferres, secretario y Hugo Cuevas Rojas, tesorero; mientras que el vicepresidente Rodrigo Rocco Fossa, particip\u00f3 telem\u00e1ticamente; se presentaron los principales avances de la gesti\u00f3n 2021, as\u00ed como la caracterizaci\u00f3n de los ni\u00f1os y ni\u00f1as que asisten a los jardines infantiles y salas cunas administrados por la corporaci\u00f3n, con la finalidad de orientar de manera m\u00e1s espec\u00edfica las acciones destinadas a su educaci\u00f3n y desarrollo. Adem\u00e1s, se revisaron los avances en Reconocimiento Oficial de los centros educativos y las diversas l\u00edneas de acci\u00f3n de la Corporaci\u00f3n.<\/p>\n<p>&nbsp;<\/p>\n<p>Junto con el recuento de los hitos m\u00e1s relevantes del 2021, la Directora Ejecutiva plante\u00f3 los desaf\u00edos m\u00e1s importantes de su gesti\u00f3n para el per\u00edodo 2022.<\/p>\n<p>\u201c<em>Quisiera agradecer al directorio por su constante apoyo y orientaci\u00f3n hacia la plena realizaci\u00f3n de la misi\u00f3n corporativa, ya que as\u00ed contribuimos d\u00eda a d\u00eda a la formaci\u00f3n inicial de cerca de 2000 ni\u00f1os y ni\u00f1as residentes en la comuna de Santiago<\/em>\u201d, indic\u00f3 Liliana Barrera.<\/p>\n<p><img loading=\"lazy\" decoding=\"async\" class=\"alignnone size-full wp-image-219\" src=\"https:\/\/web3.cl\/dev-infancia\/wp-content\/uploads\/2022\/06\/IMG_1350_x-300x200-1.jpg\" alt=\"\" width=\"300\" height=\"200\" \/>\u00a0 \u00a0 \u00a0 \u00a0 \u00a0 \u00a0 \u00a0 \u00a0 \u00a0 \u00a0 \u00a0 \u00a0 \u00a0 \u00a0 \u00a0 \u00a0 \u00a0 \u00a0 \u00a0 \u00a0 \u00a0 \u00a0 \u00a0 \u00a0 \u00a0 \u00a0 \u00a0 \u00a0 \u00a0 \u00a0 \u00a0 \u00a0 \u00a0 \u00a0 <img loading=\"lazy\" decoding=\"async\" class=\"alignnone size-full wp-image-220\" src=\"https:\/\/web3.cl\/dev-infancia\/wp-content\/uploads\/2022\/06\/IMG_1335_y-300x200-1.jpg\" alt=\"\" width=\"300\" height=\"200\" \/><\/p>\n","protected":false},"excerpt":{"rendered":"<p>En sesi\u00f3n celebrada el 31 de mayo de 2022, la Directora Ejecutiva de la Corporaci\u00f3n para la Infancia de Santiago Liliana Barrera Ulloa, acompa\u00f1ada por la Subdirectora Graciela Ruiz Araya y la Abogada Alejandra Acu\u00f1a, present\u00f3 la Memoria anual 2021 al pleno del Directorio. &nbsp; En la reuni\u00f3n, a la que asistieron los directores\/as: Javiera [&hellip;]<\/p>\n","protected":false},"author":1,"featured_media":0,"comment_status":"open","ping_status":"open","sticky":false,"template":"","format":"standard","meta":{"inline_featured_image":false,"footnotes":""},"categories":[1],"tags":[],"class_list":["post-64","post","type-post","status-publish","format-standard","hentry","category-sin-categoria"],"acf":[],"yoast_head":"<!-- This site is optimized with the Yoast SEO plugin v26.9 - https:\/\/yoast.com\/product\/yoast-seo-wordpress\/ -->\n<title>PRESENTACI\u00d3N MEMORIA ANUAL 2021 CIS - Infancia<\/title>\n<meta name=\"robots\" content=\"index, follow, max-snippet:-1, max-image-preview:large, max-video-preview:-1\" \/>\n<link rel=\"canonical\" href=\"https:\/\/web3.cl\/dev-infancia\/inauguracion-jardin-infantil-maria-victoria-peralta-2\/\" \/>\n<meta property=\"og:locale\" content=\"es_ES\" \/>\n<meta property=\"og:type\" content=\"article\" \/>\n<meta property=\"og:title\" content=\"PRESENTACI\u00d3N MEMORIA ANUAL 2021 CIS - Infancia\" \/>\n<meta property=\"og:description\" content=\"En sesi\u00f3n celebrada el 31 de mayo de 2022, la Directora Ejecutiva de la Corporaci\u00f3n para la Infancia de Santiago Liliana Barrera Ulloa, acompa\u00f1ada por la Subdirectora Graciela Ruiz Araya y la Abogada Alejandra Acu\u00f1a, present\u00f3 la Memoria anual 2021 al pleno del Directorio. &nbsp; En la reuni\u00f3n, a la que asistieron los directores\/as: Javiera [&hellip;]\" \/>\n<meta property=\"og:url\" content=\"https:\/\/web3.cl\/dev-infancia\/inauguracion-jardin-infantil-maria-victoria-peralta-2\/\" \/>\n<meta property=\"og:site_name\" content=\"Infancia\" \/>\n<meta property=\"article:published_time\" content=\"2022-06-01T20:50:07+00:00\" \/>\n<meta property=\"article:modified_time\" content=\"2022-06-03T20:20:04+00:00\" \/>\n<meta property=\"og:image\" content=\"https:\/\/web3.cl\/dev-infancia\/wp-content\/uploads\/2022\/06\/IMG_1350_x-300x200-1.jpg\" \/>\n<meta name=\"author\" content=\"naitus\" \/>\n<meta name=\"twitter:card\" content=\"summary_large_image\" \/>\n<meta name=\"twitter:label1\" content=\"Escrito por\" \/>\n\t<meta name=\"twitter:data1\" content=\"naitus\" \/>\n\t<meta name=\"twitter:label2\" content=\"Tiempo estimado de lectura\" \/>\n\t<meta name=\"twitter:data2\" content=\"1 minuto\" \/>\n<script type=\"application\/ld+json\" class=\"yoast-schema-graph\">{\"@context\":\"https:\/\/schema.org\",\"@graph\":[{\"@type\":\"Article\",\"@id\":\"https:\/\/web3.cl\/dev-infancia\/inauguracion-jardin-infantil-maria-victoria-peralta-2\/#article\",\"isPartOf\":{\"@id\":\"https:\/\/web3.cl\/dev-infancia\/inauguracion-jardin-infantil-maria-victoria-peralta-2\/\"},\"author\":{\"name\":\"naitus\",\"@id\":\"https:\/\/web3.cl\/dev-infancia\/#\/schema\/person\/cfc69e69dbb20c8536fadb51155042d8\"},\"headline\":\"PRESENTACI\u00d3N MEMORIA ANUAL 2021 CIS\",\"datePublished\":\"2022-06-01T20:50:07+00:00\",\"dateModified\":\"2022-06-03T20:20:04+00:00\",\"mainEntityOfPage\":{\"@id\":\"https:\/\/web3.cl\/dev-infancia\/inauguracion-jardin-infantil-maria-victoria-peralta-2\/\"},\"wordCount\":254,\"commentCount\":0,\"image\":{\"@id\":\"https:\/\/web3.cl\/dev-infancia\/inauguracion-jardin-infantil-maria-victoria-peralta-2\/#primaryimage\"},\"thumbnailUrl\":\"https:\/\/web3.cl\/dev-infancia\/wp-content\/uploads\/2022\/06\/IMG_1350_x-300x200-1.jpg\",\"inLanguage\":\"es-CL\",\"potentialAction\":[{\"@type\":\"CommentAction\",\"name\":\"Comment\",\"target\":[\"https:\/\/web3.cl\/dev-infancia\/inauguracion-jardin-infantil-maria-victoria-peralta-2\/#respond\"]}]},{\"@type\":\"WebPage\",\"@id\":\"https:\/\/web3.cl\/dev-infancia\/inauguracion-jardin-infantil-maria-victoria-peralta-2\/\",\"url\":\"https:\/\/web3.cl\/dev-infancia\/inauguracion-jardin-infantil-maria-victoria-peralta-2\/\",\"name\":\"PRESENTACI\u00d3N MEMORIA ANUAL 2021 CIS - Infancia\",\"isPartOf\":{\"@id\":\"https:\/\/web3.cl\/dev-infancia\/#website\"},\"primaryImageOfPage\":{\"@id\":\"https:\/\/web3.cl\/dev-infancia\/inauguracion-jardin-infantil-maria-victoria-peralta-2\/#primaryimage\"},\"image\":{\"@id\":\"https:\/\/web3.cl\/dev-infancia\/inauguracion-jardin-infantil-maria-victoria-peralta-2\/#primaryimage\"},\"thumbnailUrl\":\"https:\/\/web3.cl\/dev-infancia\/wp-content\/uploads\/2022\/06\/IMG_1350_x-300x200-1.jpg\",\"datePublished\":\"2022-06-01T20:50:07+00:00\",\"dateModified\":\"2022-06-03T20:20:04+00:00\",\"author\":{\"@id\":\"https:\/\/web3.cl\/dev-infancia\/#\/schema\/person\/cfc69e69dbb20c8536fadb51155042d8\"},\"breadcrumb\":{\"@id\":\"https:\/\/web3.cl\/dev-infancia\/inauguracion-jardin-infantil-maria-victoria-peralta-2\/#breadcrumb\"},\"inLanguage\":\"es-CL\",\"potentialAction\":[{\"@type\":\"ReadAction\",\"target\":[\"https:\/\/web3.cl\/dev-infancia\/inauguracion-jardin-infantil-maria-victoria-peralta-2\/\"]}]},{\"@type\":\"ImageObject\",\"inLanguage\":\"es-CL\",\"@id\":\"https:\/\/web3.cl\/dev-infancia\/inauguracion-jardin-infantil-maria-victoria-peralta-2\/#primaryimage\",\"url\":\"https:\/\/web3.cl\/dev-infancia\/wp-content\/uploads\/2022\/06\/IMG_1350_x-300x200-1.jpg\",\"contentUrl\":\"https:\/\/web3.cl\/dev-infancia\/wp-content\/uploads\/2022\/06\/IMG_1350_x-300x200-1.jpg\",\"width\":300,\"height\":200},{\"@type\":\"BreadcrumbList\",\"@id\":\"https:\/\/web3.cl\/dev-infancia\/inauguracion-jardin-infantil-maria-victoria-peralta-2\/#breadcrumb\",\"itemListElement\":[{\"@type\":\"ListItem\",\"position\":1,\"name\":\"Portada\",\"item\":\"https:\/\/web3.cl\/dev-infancia\/\"},{\"@type\":\"ListItem\",\"position\":2,\"name\":\"PRESENTACI\u00d3N MEMORIA ANUAL 2021 CIS\"}]},{\"@type\":\"WebSite\",\"@id\":\"https:\/\/web3.cl\/dev-infancia\/#website\",\"url\":\"https:\/\/web3.cl\/dev-infancia\/\",\"name\":\"Infancia\",\"description\":\"Corporaci\u00f3n para la infancia de Santiago\",\"potentialAction\":[{\"@type\":\"SearchAction\",\"target\":{\"@type\":\"EntryPoint\",\"urlTemplate\":\"https:\/\/web3.cl\/dev-infancia\/?s={search_term_string}\"},\"query-input\":{\"@type\":\"PropertyValueSpecification\",\"valueRequired\":true,\"valueName\":\"search_term_string\"}}],\"inLanguage\":\"es-CL\"},{\"@type\":\"Person\",\"@id\":\"https:\/\/web3.cl\/dev-infancia\/#\/schema\/person\/cfc69e69dbb20c8536fadb51155042d8\",\"name\":\"naitus\",\"image\":{\"@type\":\"ImageObject\",\"inLanguage\":\"es-CL\",\"@id\":\"https:\/\/web3.cl\/dev-infancia\/#\/schema\/person\/image\/\",\"url\":\"https:\/\/secure.gravatar.com\/avatar\/d9d7d5af93146cf2cd9622f1b59d6c7df4310fe5833ecfd923eccfc3e2b5d19f?s=96&d=mm&r=g\",\"contentUrl\":\"https:\/\/secure.gravatar.com\/avatar\/d9d7d5af93146cf2cd9622f1b59d6c7df4310fe5833ecfd923eccfc3e2b5d19f?s=96&d=mm&r=g\",\"caption\":\"naitus\"},\"sameAs\":[\"https:\/\/web3.cl\/dev-infancia\"],\"url\":\"https:\/\/web3.cl\/dev-infancia\/author\/naitus\/\"}]}<\/script>\n<!-- \/ Yoast SEO plugin. -->","yoast_head_json":{"title":"PRESENTACI\u00d3N MEMORIA ANUAL 2021 CIS - Infancia","robots":{"index":"index","follow":"follow","max-snippet":"max-snippet:-1","max-image-preview":"max-image-preview:large","max-video-preview":"max-video-preview:-1"},"canonical":"https:\/\/web3.cl\/dev-infancia\/inauguracion-jardin-infantil-maria-victoria-peralta-2\/","og_locale":"es_ES","og_type":"article","og_title":"PRESENTACI\u00d3N MEMORIA ANUAL 2021 CIS - Infancia","og_description":"En sesi\u00f3n celebrada el 31 de mayo de 2022, la Directora Ejecutiva de la Corporaci\u00f3n para la Infancia de Santiago Liliana Barrera Ulloa, acompa\u00f1ada por la Subdirectora Graciela Ruiz Araya y la Abogada Alejandra Acu\u00f1a, present\u00f3 la Memoria anual 2021 al pleno del Directorio. &nbsp; En la reuni\u00f3n, a la que asistieron los directores\/as: Javiera [&hellip;]","og_url":"https:\/\/web3.cl\/dev-infancia\/inauguracion-jardin-infantil-maria-victoria-peralta-2\/","og_site_name":"Infancia","article_published_time":"2022-06-01T20:50:07+00:00","article_modified_time":"2022-06-03T20:20:04+00:00","og_image":[{"url":"https:\/\/web3.cl\/dev-infancia\/wp-content\/uploads\/2022\/06\/IMG_1350_x-300x200-1.jpg","type":"","width":"","height":""}],"author":"naitus","twitter_card":"summary_large_image","twitter_misc":{"Escrito por":"naitus","Tiempo estimado de lectura":"1 minuto"},"schema":{"@context":"https:\/\/schema.org","@graph":[{"@type":"Article","@id":"https:\/\/web3.cl\/dev-infancia\/inauguracion-jardin-infantil-maria-victoria-peralta-2\/#article","isPartOf":{"@id":"https:\/\/web3.cl\/dev-infancia\/inauguracion-jardin-infantil-maria-victoria-peralta-2\/"},"author":{"name":"naitus","@id":"https:\/\/web3.cl\/dev-infancia\/#\/schema\/person\/cfc69e69dbb20c8536fadb51155042d8"},"headline":"PRESENTACI\u00d3N MEMORIA ANUAL 2021 CIS","datePublished":"2022-06-01T20:50:07+00:00","dateModified":"2022-06-03T20:20:04+00:00","mainEntityOfPage":{"@id":"https:\/\/web3.cl\/dev-infancia\/inauguracion-jardin-infantil-maria-victoria-peralta-2\/"},"wordCount":254,"commentCount":0,"image":{"@id":"https:\/\/web3.cl\/dev-infancia\/inauguracion-jardin-infantil-maria-victoria-peralta-2\/#primaryimage"},"thumbnailUrl":"https:\/\/web3.cl\/dev-infancia\/wp-content\/uploads\/2022\/06\/IMG_1350_x-300x200-1.jpg","inLanguage":"es-CL","potentialAction":[{"@type":"CommentAction","name":"Comment","target":["https:\/\/web3.cl\/dev-infancia\/inauguracion-jardin-infantil-maria-victoria-peralta-2\/#respond"]}]},{"@type":"WebPage","@id":"https:\/\/web3.cl\/dev-infancia\/inauguracion-jardin-infantil-maria-victoria-peralta-2\/","url":"https:\/\/web3.cl\/dev-infancia\/inauguracion-jardin-infantil-maria-victoria-peralta-2\/","name":"PRESENTACI\u00d3N MEMORIA ANUAL 2021 CIS - Infancia","isPartOf":{"@id":"https:\/\/web3.cl\/dev-infancia\/#website"},"primaryImageOfPage":{"@id":"https:\/\/web3.cl\/dev-infancia\/inauguracion-jardin-infantil-maria-victoria-peralta-2\/#primaryimage"},"image":{"@id":"https:\/\/web3.cl\/dev-infancia\/inauguracion-jardin-infantil-maria-victoria-peralta-2\/#primaryimage"},"thumbnailUrl":"https:\/\/web3.cl\/dev-infancia\/wp-content\/uploads\/2022\/06\/IMG_1350_x-300x200-1.jpg","datePublished":"2022-06-01T20:50:07+00:00","dateModified":"2022-06-03T20:20:04+00:00","author":{"@id":"https:\/\/web3.cl\/dev-infancia\/#\/schema\/person\/cfc69e69dbb20c8536fadb51155042d8"},"breadcrumb":{"@id":"https:\/\/web3.cl\/dev-infancia\/inauguracion-jardin-infantil-maria-victoria-peralta-2\/#breadcrumb"},"inLanguage":"es-CL","potentialAction":[{"@type":"ReadAction","target":["https:\/\/web3.cl\/dev-infancia\/inauguracion-jardin-infantil-maria-victoria-peralta-2\/"]}]},{"@type":"ImageObject","inLanguage":"es-CL","@id":"https:\/\/web3.cl\/dev-infancia\/inauguracion-jardin-infantil-maria-victoria-peralta-2\/#primaryimage","url":"https:\/\/web3.cl\/dev-infancia\/wp-content\/uploads\/2022\/06\/IMG_1350_x-300x200-1.jpg","contentUrl":"https:\/\/web3.cl\/dev-infancia\/wp-content\/uploads\/2022\/06\/IMG_1350_x-300x200-1.jpg","width":300,"height":200},{"@type":"BreadcrumbList","@id":"https:\/\/web3.cl\/dev-infancia\/inauguracion-jardin-infantil-maria-victoria-peralta-2\/#breadcrumb","itemListElement":[{"@type":"ListItem","position":1,"name":"Portada","item":"https:\/\/web3.cl\/dev-infancia\/"},{"@type":"ListItem","position":2,"name":"PRESENTACI\u00d3N MEMORIA ANUAL 2021 CIS"}]},{"@type":"WebSite","@id":"https:\/\/web3.cl\/dev-infancia\/#website","url":"https:\/\/web3.cl\/dev-infancia\/","name":"Infancia","description":"Corporaci\u00f3n para la infancia de Santiago","potentialAction":[{"@type":"SearchAction","target":{"@type":"EntryPoint","urlTemplate":"https:\/\/web3.cl\/dev-infancia\/?s={search_term_string}"},"query-input":{"@type":"PropertyValueSpecification","valueRequired":true,"valueName":"search_term_string"}}],"inLanguage":"es-CL"},{"@type":"Person","@id":"https:\/\/web3.cl\/dev-infancia\/#\/schema\/person\/cfc69e69dbb20c8536fadb51155042d8","name":"naitus","image":{"@type":"ImageObject","inLanguage":"es-CL","@id":"https:\/\/web3.cl\/dev-infancia\/#\/schema\/person\/image\/","url":"https:\/\/secure.gravatar.com\/avatar\/d9d7d5af93146cf2cd9622f1b59d6c7df4310fe5833ecfd923eccfc3e2b5d19f?s=96&d=mm&r=g","contentUrl":"https:\/\/secure.gravatar.com\/avatar\/d9d7d5af93146cf2cd9622f1b59d6c7df4310fe5833ecfd923eccfc3e2b5d19f?s=96&d=mm&r=g","caption":"naitus"},"sameAs":["https:\/\/web3.cl\/dev-infancia"],"url":"https:\/\/web3.cl\/dev-infancia\/author\/naitus\/"}]}},"_links":{"self":[{"href":"https:\/\/web3.cl\/dev-infancia\/wp-json\/wp\/v2\/posts\/64","targetHints":{"allow":["GET"]}}],"collection":[{"href":"https:\/\/web3.cl\/dev-infancia\/wp-json\/wp\/v2\/posts"}],"about":[{"href":"https:\/\/web3.cl\/dev-infancia\/wp-json\/wp\/v2\/types\/post"}],"author":[{"embeddable":true,"href":"https:\/\/web3.cl\/dev-infancia\/wp-json\/wp\/v2\/users\/1"}],"replies":[{"embeddable":true,"href":"https:\/\/web3.cl\/dev-infancia\/wp-json\/wp\/v2\/comments?post=64"}],"version-history":[{"count":5,"href":"https:\/\/web3.cl\/dev-infancia\/wp-json\/wp\/v2\/posts\/64\/revisions"}],"predecessor-version":[{"id":221,"href":"https:\/\/web3.cl\/dev-infancia\/wp-json\/wp\/v2\/posts\/64\/revisions\/221"}],"wp:attachment":[{"href":"https:\/\/web3.cl\/dev-infancia\/wp-json\/wp\/v2\/media?parent=64"}],"wp:term":[{"taxonomy":"category","embeddable":true,"href":"https:\/\/web3.cl\/dev-infancia\/wp-json\/wp\/v2\/categories?post=64"},{"taxonomy":"post_tag","embeddable":true,"href":"https:\/\/web3.cl\/dev-infancia\/wp-json\/wp\/v2\/tags?post=64"}],"curies":[{"name":"wp","href":"https:\/\/api.w.org\/{rel}","templated":true}]}}