{"id":63,"date":"2022-06-02T17:50:21","date_gmt":"2022-06-02T20:50:21","guid":{"rendered":"https:\/\/web3.cl\/dev-infancia\/?p=63"},"modified":"2022-06-22T12:28:24","modified_gmt":"2022-06-22T15:28:24","slug":"inauguracion-jardin-infantil-maria-victoria-peralta-3","status":"publish","type":"post","link":"https:\/\/web3.cl\/dev-infancia\/inauguracion-jardin-infantil-maria-victoria-peralta-3\/","title":{"rendered":"INVITACI\u00d3N A CONSTRUCTORAS"},"content":{"rendered":"<p class=\"news-extract\">Corporaci\u00f3n para la Infancia de Santiago, instituci\u00f3n que administra 21 Jardines Infantiles y Salas Cunas, en la comuna, invita a las Empresas Constructoras a presentar sus antecedentes:<\/p>\n","protected":false},"excerpt":{"rendered":"<p>Este nuevo Jard\u00edn Infantil, llevar\u00e1 nombre el nombre de Mar\u00eda Victoria Peralta Espinosa, primera mujer educadora de p\u00e1rvulos en ganar el Premio Nacional de Ciencias de la Educaci\u00f3n en 2019, en reconocimiento de su destacada trayectoria.<\/p>\n","protected":false},"author":1,"featured_media":0,"comment_status":"open","ping_status":"open","sticky":false,"template":"","format":"standard","meta":{"inline_featured_image":false,"footnotes":""},"categories":[1],"tags":[],"class_list":["post-63","post","type-post","status-publish","format-standard","hentry","category-sin-categoria"],"acf":[],"yoast_head":"<!-- This site is optimized with the Yoast SEO plugin v26.9 - https:\/\/yoast.com\/product\/yoast-seo-wordpress\/ -->\n<title>INVITACI\u00d3N A CONSTRUCTORAS - Infancia<\/title>\n<meta name=\"robots\" content=\"index, follow, max-snippet:-1, max-image-preview:large, max-video-preview:-1\" \/>\n<link rel=\"canonical\" href=\"https:\/\/web3.cl\/dev-infancia\/inauguracion-jardin-infantil-maria-victoria-peralta-3\/\" \/>\n<meta property=\"og:locale\" content=\"es_ES\" \/>\n<meta property=\"og:type\" content=\"article\" \/>\n<meta property=\"og:title\" content=\"INVITACI\u00d3N A CONSTRUCTORAS - Infancia\" \/>\n<meta property=\"og:description\" content=\"Este nuevo Jard\u00edn Infantil, llevar\u00e1 nombre el nombre de Mar\u00eda Victoria Peralta Espinosa, primera mujer educadora de p\u00e1rvulos en ganar el Premio Nacional de Ciencias de la Educaci\u00f3n en 2019, en reconocimiento de su destacada trayectoria.\" \/>\n<meta property=\"og:url\" content=\"https:\/\/web3.cl\/dev-infancia\/inauguracion-jardin-infantil-maria-victoria-peralta-3\/\" \/>\n<meta property=\"og:site_name\" content=\"Infancia\" \/>\n<meta property=\"article:published_time\" content=\"2022-06-02T20:50:21+00:00\" \/>\n<meta property=\"article:modified_time\" content=\"2022-06-22T15:28:24+00:00\" \/>\n<meta name=\"author\" content=\"naitus\" \/>\n<meta name=\"twitter:card\" content=\"summary_large_image\" \/>\n<meta name=\"twitter:label1\" content=\"Escrito por\" \/>\n\t<meta name=\"twitter:data1\" content=\"naitus\" \/>\n<script type=\"application\/ld+json\" class=\"yoast-schema-graph\">{\"@context\":\"https:\/\/schema.org\",\"@graph\":[{\"@type\":\"Article\",\"@id\":\"https:\/\/web3.cl\/dev-infancia\/inauguracion-jardin-infantil-maria-victoria-peralta-3\/#article\",\"isPartOf\":{\"@id\":\"https:\/\/web3.cl\/dev-infancia\/inauguracion-jardin-infantil-maria-victoria-peralta-3\/\"},\"author\":{\"name\":\"naitus\",\"@id\":\"https:\/\/web3.cl\/dev-infancia\/#\/schema\/person\/cfc69e69dbb20c8536fadb51155042d8\"},\"headline\":\"INVITACI\u00d3N A CONSTRUCTORAS\",\"datePublished\":\"2022-06-02T20:50:21+00:00\",\"dateModified\":\"2022-06-22T15:28:24+00:00\",\"mainEntityOfPage\":{\"@id\":\"https:\/\/web3.cl\/dev-infancia\/inauguracion-jardin-infantil-maria-victoria-peralta-3\/\"},\"wordCount\":32,\"commentCount\":0,\"inLanguage\":\"es-CL\",\"potentialAction\":[{\"@type\":\"CommentAction\",\"name\":\"Comment\",\"target\":[\"https:\/\/web3.cl\/dev-infancia\/inauguracion-jardin-infantil-maria-victoria-peralta-3\/#respond\"]}]},{\"@type\":\"WebPage\",\"@id\":\"https:\/\/web3.cl\/dev-infancia\/inauguracion-jardin-infantil-maria-victoria-peralta-3\/\",\"url\":\"https:\/\/web3.cl\/dev-infancia\/inauguracion-jardin-infantil-maria-victoria-peralta-3\/\",\"name\":\"INVITACI\u00d3N A CONSTRUCTORAS - Infancia\",\"isPartOf\":{\"@id\":\"https:\/\/web3.cl\/dev-infancia\/#website\"},\"datePublished\":\"2022-06-02T20:50:21+00:00\",\"dateModified\":\"2022-06-22T15:28:24+00:00\",\"author\":{\"@id\":\"https:\/\/web3.cl\/dev-infancia\/#\/schema\/person\/cfc69e69dbb20c8536fadb51155042d8\"},\"breadcrumb\":{\"@id\":\"https:\/\/web3.cl\/dev-infancia\/inauguracion-jardin-infantil-maria-victoria-peralta-3\/#breadcrumb\"},\"inLanguage\":\"es-CL\",\"potentialAction\":[{\"@type\":\"ReadAction\",\"target\":[\"https:\/\/web3.cl\/dev-infancia\/inauguracion-jardin-infantil-maria-victoria-peralta-3\/\"]}]},{\"@type\":\"BreadcrumbList\",\"@id\":\"https:\/\/web3.cl\/dev-infancia\/inauguracion-jardin-infantil-maria-victoria-peralta-3\/#breadcrumb\",\"itemListElement\":[{\"@type\":\"ListItem\",\"position\":1,\"name\":\"Portada\",\"item\":\"https:\/\/web3.cl\/dev-infancia\/\"},{\"@type\":\"ListItem\",\"position\":2,\"name\":\"INVITACI\u00d3N A CONSTRUCTORAS\"}]},{\"@type\":\"WebSite\",\"@id\":\"https:\/\/web3.cl\/dev-infancia\/#website\",\"url\":\"https:\/\/web3.cl\/dev-infancia\/\",\"name\":\"Infancia\",\"description\":\"Corporaci\u00f3n para la infancia de Santiago\",\"potentialAction\":[{\"@type\":\"SearchAction\",\"target\":{\"@type\":\"EntryPoint\",\"urlTemplate\":\"https:\/\/web3.cl\/dev-infancia\/?s={search_term_string}\"},\"query-input\":{\"@type\":\"PropertyValueSpecification\",\"valueRequired\":true,\"valueName\":\"search_term_string\"}}],\"inLanguage\":\"es-CL\"},{\"@type\":\"Person\",\"@id\":\"https:\/\/web3.cl\/dev-infancia\/#\/schema\/person\/cfc69e69dbb20c8536fadb51155042d8\",\"name\":\"naitus\",\"image\":{\"@type\":\"ImageObject\",\"inLanguage\":\"es-CL\",\"@id\":\"https:\/\/web3.cl\/dev-infancia\/#\/schema\/person\/image\/\",\"url\":\"https:\/\/secure.gravatar.com\/avatar\/d9d7d5af93146cf2cd9622f1b59d6c7df4310fe5833ecfd923eccfc3e2b5d19f?s=96&d=mm&r=g\",\"contentUrl\":\"https:\/\/secure.gravatar.com\/avatar\/d9d7d5af93146cf2cd9622f1b59d6c7df4310fe5833ecfd923eccfc3e2b5d19f?s=96&d=mm&r=g\",\"caption\":\"naitus\"},\"sameAs\":[\"https:\/\/web3.cl\/dev-infancia\"],\"url\":\"https:\/\/web3.cl\/dev-infancia\/author\/naitus\/\"}]}<\/script>\n<!-- \/ Yoast SEO plugin. -->","yoast_head_json":{"title":"INVITACI\u00d3N A CONSTRUCTORAS - Infancia","robots":{"index":"index","follow":"follow","max-snippet":"max-snippet:-1","max-image-preview":"max-image-preview:large","max-video-preview":"max-video-preview:-1"},"canonical":"https:\/\/web3.cl\/dev-infancia\/inauguracion-jardin-infantil-maria-victoria-peralta-3\/","og_locale":"es_ES","og_type":"article","og_title":"INVITACI\u00d3N A CONSTRUCTORAS - Infancia","og_description":"Este nuevo Jard\u00edn Infantil, llevar\u00e1 nombre el nombre de Mar\u00eda Victoria Peralta Espinosa, primera mujer educadora de p\u00e1rvulos en ganar el Premio Nacional de Ciencias de la Educaci\u00f3n en 2019, en reconocimiento de su destacada trayectoria.","og_url":"https:\/\/web3.cl\/dev-infancia\/inauguracion-jardin-infantil-maria-victoria-peralta-3\/","og_site_name":"Infancia","article_published_time":"2022-06-02T20:50:21+00:00","article_modified_time":"2022-06-22T15:28:24+00:00","author":"naitus","twitter_card":"summary_large_image","twitter_misc":{"Escrito por":"naitus"},"schema":{"@context":"https:\/\/schema.org","@graph":[{"@type":"Article","@id":"https:\/\/web3.cl\/dev-infancia\/inauguracion-jardin-infantil-maria-victoria-peralta-3\/#article","isPartOf":{"@id":"https:\/\/web3.cl\/dev-infancia\/inauguracion-jardin-infantil-maria-victoria-peralta-3\/"},"author":{"name":"naitus","@id":"https:\/\/web3.cl\/dev-infancia\/#\/schema\/person\/cfc69e69dbb20c8536fadb51155042d8"},"headline":"INVITACI\u00d3N A CONSTRUCTORAS","datePublished":"2022-06-02T20:50:21+00:00","dateModified":"2022-06-22T15:28:24+00:00","mainEntityOfPage":{"@id":"https:\/\/web3.cl\/dev-infancia\/inauguracion-jardin-infantil-maria-victoria-peralta-3\/"},"wordCount":32,"commentCount":0,"inLanguage":"es-CL","potentialAction":[{"@type":"CommentAction","name":"Comment","target":["https:\/\/web3.cl\/dev-infancia\/inauguracion-jardin-infantil-maria-victoria-peralta-3\/#respond"]}]},{"@type":"WebPage","@id":"https:\/\/web3.cl\/dev-infancia\/inauguracion-jardin-infantil-maria-victoria-peralta-3\/","url":"https:\/\/web3.cl\/dev-infancia\/inauguracion-jardin-infantil-maria-victoria-peralta-3\/","name":"INVITACI\u00d3N A CONSTRUCTORAS - Infancia","isPartOf":{"@id":"https:\/\/web3.cl\/dev-infancia\/#website"},"datePublished":"2022-06-02T20:50:21+00:00","dateModified":"2022-06-22T15:28:24+00:00","author":{"@id":"https:\/\/web3.cl\/dev-infancia\/#\/schema\/person\/cfc69e69dbb20c8536fadb51155042d8"},"breadcrumb":{"@id":"https:\/\/web3.cl\/dev-infancia\/inauguracion-jardin-infantil-maria-victoria-peralta-3\/#breadcrumb"},"inLanguage":"es-CL","potentialAction":[{"@type":"ReadAction","target":["https:\/\/web3.cl\/dev-infancia\/inauguracion-jardin-infantil-maria-victoria-peralta-3\/"]}]},{"@type":"BreadcrumbList","@id":"https:\/\/web3.cl\/dev-infancia\/inauguracion-jardin-infantil-maria-victoria-peralta-3\/#breadcrumb","itemListElement":[{"@type":"ListItem","position":1,"name":"Portada","item":"https:\/\/web3.cl\/dev-infancia\/"},{"@type":"ListItem","position":2,"name":"INVITACI\u00d3N A CONSTRUCTORAS"}]},{"@type":"WebSite","@id":"https:\/\/web3.cl\/dev-infancia\/#website","url":"https:\/\/web3.cl\/dev-infancia\/","name":"Infancia","description":"Corporaci\u00f3n para la infancia de Santiago","potentialAction":[{"@type":"SearchAction","target":{"@type":"EntryPoint","urlTemplate":"https:\/\/web3.cl\/dev-infancia\/?s={search_term_string}"},"query-input":{"@type":"PropertyValueSpecification","valueRequired":true,"valueName":"search_term_string"}}],"inLanguage":"es-CL"},{"@type":"Person","@id":"https:\/\/web3.cl\/dev-infancia\/#\/schema\/person\/cfc69e69dbb20c8536fadb51155042d8","name":"naitus","image":{"@type":"ImageObject","inLanguage":"es-CL","@id":"https:\/\/web3.cl\/dev-infancia\/#\/schema\/person\/image\/","url":"https:\/\/secure.gravatar.com\/avatar\/d9d7d5af93146cf2cd9622f1b59d6c7df4310fe5833ecfd923eccfc3e2b5d19f?s=96&d=mm&r=g","contentUrl":"https:\/\/secure.gravatar.com\/avatar\/d9d7d5af93146cf2cd9622f1b59d6c7df4310fe5833ecfd923eccfc3e2b5d19f?s=96&d=mm&r=g","caption":"naitus"},"sameAs":["https:\/\/web3.cl\/dev-infancia"],"url":"https:\/\/web3.cl\/dev-infancia\/author\/naitus\/"}]}},"_links":{"self":[{"href":"https:\/\/web3.cl\/dev-infancia\/wp-json\/wp\/v2\/posts\/63","targetHints":{"allow":["GET"]}}],"collection":[{"href":"https:\/\/web3.cl\/dev-infancia\/wp-json\/wp\/v2\/posts"}],"about":[{"href":"https:\/\/web3.cl\/dev-infancia\/wp-json\/wp\/v2\/types\/post"}],"author":[{"embeddable":true,"href":"https:\/\/web3.cl\/dev-infancia\/wp-json\/wp\/v2\/users\/1"}],"replies":[{"embeddable":true,"href":"https:\/\/web3.cl\/dev-infancia\/wp-json\/wp\/v2\/comments?post=63"}],"version-history":[{"count":5,"href":"https:\/\/web3.cl\/dev-infancia\/wp-json\/wp\/v2\/posts\/63\/revisions"}],"predecessor-version":[{"id":1058,"href":"https:\/\/web3.cl\/dev-infancia\/wp-json\/wp\/v2\/posts\/63\/revisions\/1058"}],"wp:attachment":[{"href":"https:\/\/web3.cl\/dev-infancia\/wp-json\/wp\/v2\/media?parent=63"}],"wp:term":[{"taxonomy":"category","embeddable":true,"href":"https:\/\/web3.cl\/dev-infancia\/wp-json\/wp\/v2\/categories?post=63"},{"taxonomy":"post_tag","embeddable":true,"href":"https:\/\/web3.cl\/dev-infancia\/wp-json\/wp\/v2\/tags?post=63"}],"curies":[{"name":"wp","href":"https:\/\/api.w.org\/{rel}","templated":true}]}}