{"id":58,"date":"2022-06-01T17:49:37","date_gmt":"2022-06-01T20:49:37","guid":{"rendered":"https:\/\/web3.cl\/dev-infancia\/?p=58"},"modified":"2022-06-22T12:18:12","modified_gmt":"2022-06-22T15:18:12","slug":"inauguracion-jardin-infantil-maria-victoria-peralta","status":"publish","type":"post","link":"https:\/\/web3.cl\/dev-infancia\/inauguracion-jardin-infantil-maria-victoria-peralta\/","title":{"rendered":"REUNI\u00d3N CON NUEVA DIRECTIVA DEL SINDICATO"},"content":{"rendered":"<p class=\"news-extract\">El martes 24 de mayo, la direcci\u00f3n ejecutiva de la Corporaci\u00f3n para la infancia de Santiago, se reuni\u00f3 con la nueva directiva del sindicato de trabajadoras\/es, luego de resultar electas\/os en el proceso eleccionario llevado a cabo el lunes 9 de mayo de 2022.<\/p>\n<p>&nbsp;<\/p>\n<p>En este primer encuentro cada representante de las\/os trabajadores present\u00f3 desde sus distintos cargos, sus principales aspiraciones respecto de su rol como integrantes de la directiva sindical.<\/p>\n<p>\u201cFelicitamos al equipo del sindicato por el resultado obtenido y esperamos que los canales de comunicaci\u00f3n establecidos nos permitan seguir fortaleciendo una relaci\u00f3n armoniosa, sustentada en el dialogo permanente, el respeto y el reconocimiento respecto del aporte que realizan en el proyecto social y educativo de la Corporaci\u00f3n, de las y los trabajadores y sobre todo en beneficio de las ni\u00f1as y ni\u00f1os que son el foco de todas\/os los que ac\u00e1 nos desempe\u00f1amos\u201d. Recalc\u00f3 Liliana Barrera, al ser consultada sobre la reuni\u00f3n.<\/p>\n<p>&nbsp;<\/p>\n<p><img loading=\"lazy\" decoding=\"async\" class=\"alignnone wp-image-224\" src=\"https:\/\/web3.cl\/dev-infancia\/wp-content\/uploads\/2022\/06\/IMG_1329_2-300x200.jpg\" alt=\"\" width=\"311\" height=\"207\" srcset=\"https:\/\/web3.cl\/dev-infancia\/wp-content\/uploads\/2022\/06\/IMG_1329_2-300x200.jpg 300w, https:\/\/web3.cl\/dev-infancia\/wp-content\/uploads\/2022\/06\/IMG_1329_2.jpg 750w\" sizes=\"auto, (max-width: 311px) 100vw, 311px\" \/>\u00a0 \u00a0 \u00a0 \u00a0 \u00a0 \u00a0 \u00a0 \u00a0 \u00a0 \u00a0 \u00a0 \u00a0 \u00a0 \u00a0 \u00a0 \u00a0 \u00a0 \u00a0 \u00a0 \u00a0 \u00a0 \u00a0 \u00a0 \u00a0 \u00a0 \u00a0 \u00a0 \u00a0 \u00a0 \u00a0 \u00a0 \u00a0 \u00a0 \u00a0 \u00a0 \u00a0 \u00a0 \u00a0 \u00a0 \u00a0 \u00a0 <img loading=\"lazy\" decoding=\"async\" class=\"alignnone wp-image-225\" src=\"https:\/\/web3.cl\/dev-infancia\/wp-content\/uploads\/2022\/06\/IMG_1329_2-1-300x200.jpg\" alt=\"\" width=\"312\" height=\"208\" srcset=\"https:\/\/web3.cl\/dev-infancia\/wp-content\/uploads\/2022\/06\/IMG_1329_2-1-300x200.jpg 300w, https:\/\/web3.cl\/dev-infancia\/wp-content\/uploads\/2022\/06\/IMG_1329_2-1.jpg 750w\" sizes=\"auto, (max-width: 312px) 100vw, 312px\" \/><\/p>\n","protected":false},"excerpt":{"rendered":"<p>El martes 24 de mayo, la direcci\u00f3n ejecutiva de la Corporaci\u00f3n para la infancia de Santiago, se reuni\u00f3 con la nueva directiva del sindicato de trabajadoras\/es, luego de resultar electas\/os en el proceso eleccionario llevado a cabo el lunes 9 de mayo de 2022. &nbsp; En este primer encuentro cada representante de las\/os trabajadores present\u00f3 [&hellip;]<\/p>\n","protected":false},"author":1,"featured_media":0,"comment_status":"open","ping_status":"open","sticky":false,"template":"","format":"standard","meta":{"inline_featured_image":false,"footnotes":""},"categories":[1],"tags":[],"class_list":["post-58","post","type-post","status-publish","format-standard","hentry","category-sin-categoria"],"acf":[],"yoast_head":"<!-- This site is optimized with the Yoast SEO plugin v26.9 - https:\/\/yoast.com\/product\/yoast-seo-wordpress\/ -->\n<title>REUNI\u00d3N CON NUEVA DIRECTIVA DEL SINDICATO - Infancia<\/title>\n<meta name=\"robots\" content=\"index, follow, max-snippet:-1, max-image-preview:large, max-video-preview:-1\" \/>\n<link rel=\"canonical\" href=\"https:\/\/web3.cl\/dev-infancia\/inauguracion-jardin-infantil-maria-victoria-peralta\/\" \/>\n<meta property=\"og:locale\" content=\"es_ES\" \/>\n<meta property=\"og:type\" content=\"article\" \/>\n<meta property=\"og:title\" content=\"REUNI\u00d3N CON NUEVA DIRECTIVA DEL SINDICATO - Infancia\" \/>\n<meta property=\"og:description\" content=\"El martes 24 de mayo, la direcci\u00f3n ejecutiva de la Corporaci\u00f3n para la infancia de Santiago, se reuni\u00f3 con la nueva directiva del sindicato de trabajadoras\/es, luego de resultar electas\/os en el proceso eleccionario llevado a cabo el lunes 9 de mayo de 2022. &nbsp; En este primer encuentro cada representante de las\/os trabajadores present\u00f3 [&hellip;]\" \/>\n<meta property=\"og:url\" content=\"https:\/\/web3.cl\/dev-infancia\/inauguracion-jardin-infantil-maria-victoria-peralta\/\" \/>\n<meta property=\"og:site_name\" content=\"Infancia\" \/>\n<meta property=\"article:published_time\" content=\"2022-06-01T20:49:37+00:00\" \/>\n<meta property=\"article:modified_time\" content=\"2022-06-22T15:18:12+00:00\" \/>\n<meta property=\"og:image\" content=\"https:\/\/web3.cl\/dev-infancia\/wp-content\/uploads\/2022\/06\/IMG_1329_2-300x200.jpg\" \/>\n<meta name=\"author\" content=\"naitus\" \/>\n<meta name=\"twitter:card\" content=\"summary_large_image\" \/>\n<meta name=\"twitter:label1\" content=\"Escrito por\" \/>\n\t<meta name=\"twitter:data1\" content=\"naitus\" \/>\n\t<meta name=\"twitter:label2\" content=\"Tiempo estimado de lectura\" \/>\n\t<meta name=\"twitter:data2\" content=\"1 minuto\" \/>\n<script type=\"application\/ld+json\" class=\"yoast-schema-graph\">{\"@context\":\"https:\/\/schema.org\",\"@graph\":[{\"@type\":\"Article\",\"@id\":\"https:\/\/web3.cl\/dev-infancia\/inauguracion-jardin-infantil-maria-victoria-peralta\/#article\",\"isPartOf\":{\"@id\":\"https:\/\/web3.cl\/dev-infancia\/inauguracion-jardin-infantil-maria-victoria-peralta\/\"},\"author\":{\"name\":\"naitus\",\"@id\":\"https:\/\/web3.cl\/dev-infancia\/#\/schema\/person\/cfc69e69dbb20c8536fadb51155042d8\"},\"headline\":\"REUNI\u00d3N CON NUEVA DIRECTIVA DEL SINDICATO\",\"datePublished\":\"2022-06-01T20:49:37+00:00\",\"dateModified\":\"2022-06-22T15:18:12+00:00\",\"mainEntityOfPage\":{\"@id\":\"https:\/\/web3.cl\/dev-infancia\/inauguracion-jardin-infantil-maria-victoria-peralta\/\"},\"wordCount\":173,\"commentCount\":0,\"image\":{\"@id\":\"https:\/\/web3.cl\/dev-infancia\/inauguracion-jardin-infantil-maria-victoria-peralta\/#primaryimage\"},\"thumbnailUrl\":\"https:\/\/web3.cl\/dev-infancia\/wp-content\/uploads\/2022\/06\/IMG_1329_2-300x200.jpg\",\"inLanguage\":\"es-CL\",\"potentialAction\":[{\"@type\":\"CommentAction\",\"name\":\"Comment\",\"target\":[\"https:\/\/web3.cl\/dev-infancia\/inauguracion-jardin-infantil-maria-victoria-peralta\/#respond\"]}]},{\"@type\":\"WebPage\",\"@id\":\"https:\/\/web3.cl\/dev-infancia\/inauguracion-jardin-infantil-maria-victoria-peralta\/\",\"url\":\"https:\/\/web3.cl\/dev-infancia\/inauguracion-jardin-infantil-maria-victoria-peralta\/\",\"name\":\"REUNI\u00d3N CON NUEVA DIRECTIVA DEL SINDICATO - Infancia\",\"isPartOf\":{\"@id\":\"https:\/\/web3.cl\/dev-infancia\/#website\"},\"primaryImageOfPage\":{\"@id\":\"https:\/\/web3.cl\/dev-infancia\/inauguracion-jardin-infantil-maria-victoria-peralta\/#primaryimage\"},\"image\":{\"@id\":\"https:\/\/web3.cl\/dev-infancia\/inauguracion-jardin-infantil-maria-victoria-peralta\/#primaryimage\"},\"thumbnailUrl\":\"https:\/\/web3.cl\/dev-infancia\/wp-content\/uploads\/2022\/06\/IMG_1329_2-300x200.jpg\",\"datePublished\":\"2022-06-01T20:49:37+00:00\",\"dateModified\":\"2022-06-22T15:18:12+00:00\",\"author\":{\"@id\":\"https:\/\/web3.cl\/dev-infancia\/#\/schema\/person\/cfc69e69dbb20c8536fadb51155042d8\"},\"breadcrumb\":{\"@id\":\"https:\/\/web3.cl\/dev-infancia\/inauguracion-jardin-infantil-maria-victoria-peralta\/#breadcrumb\"},\"inLanguage\":\"es-CL\",\"potentialAction\":[{\"@type\":\"ReadAction\",\"target\":[\"https:\/\/web3.cl\/dev-infancia\/inauguracion-jardin-infantil-maria-victoria-peralta\/\"]}]},{\"@type\":\"ImageObject\",\"inLanguage\":\"es-CL\",\"@id\":\"https:\/\/web3.cl\/dev-infancia\/inauguracion-jardin-infantil-maria-victoria-peralta\/#primaryimage\",\"url\":\"https:\/\/web3.cl\/dev-infancia\/wp-content\/uploads\/2022\/06\/IMG_1329_2.jpg\",\"contentUrl\":\"https:\/\/web3.cl\/dev-infancia\/wp-content\/uploads\/2022\/06\/IMG_1329_2.jpg\",\"width\":750,\"height\":500},{\"@type\":\"BreadcrumbList\",\"@id\":\"https:\/\/web3.cl\/dev-infancia\/inauguracion-jardin-infantil-maria-victoria-peralta\/#breadcrumb\",\"itemListElement\":[{\"@type\":\"ListItem\",\"position\":1,\"name\":\"Portada\",\"item\":\"https:\/\/web3.cl\/dev-infancia\/\"},{\"@type\":\"ListItem\",\"position\":2,\"name\":\"REUNI\u00d3N CON NUEVA DIRECTIVA DEL SINDICATO\"}]},{\"@type\":\"WebSite\",\"@id\":\"https:\/\/web3.cl\/dev-infancia\/#website\",\"url\":\"https:\/\/web3.cl\/dev-infancia\/\",\"name\":\"Infancia\",\"description\":\"Corporaci\u00f3n para la infancia de Santiago\",\"potentialAction\":[{\"@type\":\"SearchAction\",\"target\":{\"@type\":\"EntryPoint\",\"urlTemplate\":\"https:\/\/web3.cl\/dev-infancia\/?s={search_term_string}\"},\"query-input\":{\"@type\":\"PropertyValueSpecification\",\"valueRequired\":true,\"valueName\":\"search_term_string\"}}],\"inLanguage\":\"es-CL\"},{\"@type\":\"Person\",\"@id\":\"https:\/\/web3.cl\/dev-infancia\/#\/schema\/person\/cfc69e69dbb20c8536fadb51155042d8\",\"name\":\"naitus\",\"image\":{\"@type\":\"ImageObject\",\"inLanguage\":\"es-CL\",\"@id\":\"https:\/\/web3.cl\/dev-infancia\/#\/schema\/person\/image\/\",\"url\":\"https:\/\/secure.gravatar.com\/avatar\/d9d7d5af93146cf2cd9622f1b59d6c7df4310fe5833ecfd923eccfc3e2b5d19f?s=96&d=mm&r=g\",\"contentUrl\":\"https:\/\/secure.gravatar.com\/avatar\/d9d7d5af93146cf2cd9622f1b59d6c7df4310fe5833ecfd923eccfc3e2b5d19f?s=96&d=mm&r=g\",\"caption\":\"naitus\"},\"sameAs\":[\"https:\/\/web3.cl\/dev-infancia\"],\"url\":\"https:\/\/web3.cl\/dev-infancia\/author\/naitus\/\"}]}<\/script>\n<!-- \/ Yoast SEO plugin. -->","yoast_head_json":{"title":"REUNI\u00d3N CON NUEVA DIRECTIVA DEL SINDICATO - Infancia","robots":{"index":"index","follow":"follow","max-snippet":"max-snippet:-1","max-image-preview":"max-image-preview:large","max-video-preview":"max-video-preview:-1"},"canonical":"https:\/\/web3.cl\/dev-infancia\/inauguracion-jardin-infantil-maria-victoria-peralta\/","og_locale":"es_ES","og_type":"article","og_title":"REUNI\u00d3N CON NUEVA DIRECTIVA DEL SINDICATO - Infancia","og_description":"El martes 24 de mayo, la direcci\u00f3n ejecutiva de la Corporaci\u00f3n para la infancia de Santiago, se reuni\u00f3 con la nueva directiva del sindicato de trabajadoras\/es, luego de resultar electas\/os en el proceso eleccionario llevado a cabo el lunes 9 de mayo de 2022. &nbsp; En este primer encuentro cada representante de las\/os trabajadores present\u00f3 [&hellip;]","og_url":"https:\/\/web3.cl\/dev-infancia\/inauguracion-jardin-infantil-maria-victoria-peralta\/","og_site_name":"Infancia","article_published_time":"2022-06-01T20:49:37+00:00","article_modified_time":"2022-06-22T15:18:12+00:00","og_image":[{"url":"https:\/\/web3.cl\/dev-infancia\/wp-content\/uploads\/2022\/06\/IMG_1329_2-300x200.jpg","type":"","width":"","height":""}],"author":"naitus","twitter_card":"summary_large_image","twitter_misc":{"Escrito por":"naitus","Tiempo estimado de lectura":"1 minuto"},"schema":{"@context":"https:\/\/schema.org","@graph":[{"@type":"Article","@id":"https:\/\/web3.cl\/dev-infancia\/inauguracion-jardin-infantil-maria-victoria-peralta\/#article","isPartOf":{"@id":"https:\/\/web3.cl\/dev-infancia\/inauguracion-jardin-infantil-maria-victoria-peralta\/"},"author":{"name":"naitus","@id":"https:\/\/web3.cl\/dev-infancia\/#\/schema\/person\/cfc69e69dbb20c8536fadb51155042d8"},"headline":"REUNI\u00d3N CON NUEVA DIRECTIVA DEL SINDICATO","datePublished":"2022-06-01T20:49:37+00:00","dateModified":"2022-06-22T15:18:12+00:00","mainEntityOfPage":{"@id":"https:\/\/web3.cl\/dev-infancia\/inauguracion-jardin-infantil-maria-victoria-peralta\/"},"wordCount":173,"commentCount":0,"image":{"@id":"https:\/\/web3.cl\/dev-infancia\/inauguracion-jardin-infantil-maria-victoria-peralta\/#primaryimage"},"thumbnailUrl":"https:\/\/web3.cl\/dev-infancia\/wp-content\/uploads\/2022\/06\/IMG_1329_2-300x200.jpg","inLanguage":"es-CL","potentialAction":[{"@type":"CommentAction","name":"Comment","target":["https:\/\/web3.cl\/dev-infancia\/inauguracion-jardin-infantil-maria-victoria-peralta\/#respond"]}]},{"@type":"WebPage","@id":"https:\/\/web3.cl\/dev-infancia\/inauguracion-jardin-infantil-maria-victoria-peralta\/","url":"https:\/\/web3.cl\/dev-infancia\/inauguracion-jardin-infantil-maria-victoria-peralta\/","name":"REUNI\u00d3N CON NUEVA DIRECTIVA DEL SINDICATO - Infancia","isPartOf":{"@id":"https:\/\/web3.cl\/dev-infancia\/#website"},"primaryImageOfPage":{"@id":"https:\/\/web3.cl\/dev-infancia\/inauguracion-jardin-infantil-maria-victoria-peralta\/#primaryimage"},"image":{"@id":"https:\/\/web3.cl\/dev-infancia\/inauguracion-jardin-infantil-maria-victoria-peralta\/#primaryimage"},"thumbnailUrl":"https:\/\/web3.cl\/dev-infancia\/wp-content\/uploads\/2022\/06\/IMG_1329_2-300x200.jpg","datePublished":"2022-06-01T20:49:37+00:00","dateModified":"2022-06-22T15:18:12+00:00","author":{"@id":"https:\/\/web3.cl\/dev-infancia\/#\/schema\/person\/cfc69e69dbb20c8536fadb51155042d8"},"breadcrumb":{"@id":"https:\/\/web3.cl\/dev-infancia\/inauguracion-jardin-infantil-maria-victoria-peralta\/#breadcrumb"},"inLanguage":"es-CL","potentialAction":[{"@type":"ReadAction","target":["https:\/\/web3.cl\/dev-infancia\/inauguracion-jardin-infantil-maria-victoria-peralta\/"]}]},{"@type":"ImageObject","inLanguage":"es-CL","@id":"https:\/\/web3.cl\/dev-infancia\/inauguracion-jardin-infantil-maria-victoria-peralta\/#primaryimage","url":"https:\/\/web3.cl\/dev-infancia\/wp-content\/uploads\/2022\/06\/IMG_1329_2.jpg","contentUrl":"https:\/\/web3.cl\/dev-infancia\/wp-content\/uploads\/2022\/06\/IMG_1329_2.jpg","width":750,"height":500},{"@type":"BreadcrumbList","@id":"https:\/\/web3.cl\/dev-infancia\/inauguracion-jardin-infantil-maria-victoria-peralta\/#breadcrumb","itemListElement":[{"@type":"ListItem","position":1,"name":"Portada","item":"https:\/\/web3.cl\/dev-infancia\/"},{"@type":"ListItem","position":2,"name":"REUNI\u00d3N CON NUEVA DIRECTIVA DEL SINDICATO"}]},{"@type":"WebSite","@id":"https:\/\/web3.cl\/dev-infancia\/#website","url":"https:\/\/web3.cl\/dev-infancia\/","name":"Infancia","description":"Corporaci\u00f3n para la infancia de Santiago","potentialAction":[{"@type":"SearchAction","target":{"@type":"EntryPoint","urlTemplate":"https:\/\/web3.cl\/dev-infancia\/?s={search_term_string}"},"query-input":{"@type":"PropertyValueSpecification","valueRequired":true,"valueName":"search_term_string"}}],"inLanguage":"es-CL"},{"@type":"Person","@id":"https:\/\/web3.cl\/dev-infancia\/#\/schema\/person\/cfc69e69dbb20c8536fadb51155042d8","name":"naitus","image":{"@type":"ImageObject","inLanguage":"es-CL","@id":"https:\/\/web3.cl\/dev-infancia\/#\/schema\/person\/image\/","url":"https:\/\/secure.gravatar.com\/avatar\/d9d7d5af93146cf2cd9622f1b59d6c7df4310fe5833ecfd923eccfc3e2b5d19f?s=96&d=mm&r=g","contentUrl":"https:\/\/secure.gravatar.com\/avatar\/d9d7d5af93146cf2cd9622f1b59d6c7df4310fe5833ecfd923eccfc3e2b5d19f?s=96&d=mm&r=g","caption":"naitus"},"sameAs":["https:\/\/web3.cl\/dev-infancia"],"url":"https:\/\/web3.cl\/dev-infancia\/author\/naitus\/"}]}},"_links":{"self":[{"href":"https:\/\/web3.cl\/dev-infancia\/wp-json\/wp\/v2\/posts\/58","targetHints":{"allow":["GET"]}}],"collection":[{"href":"https:\/\/web3.cl\/dev-infancia\/wp-json\/wp\/v2\/posts"}],"about":[{"href":"https:\/\/web3.cl\/dev-infancia\/wp-json\/wp\/v2\/types\/post"}],"author":[{"embeddable":true,"href":"https:\/\/web3.cl\/dev-infancia\/wp-json\/wp\/v2\/users\/1"}],"replies":[{"embeddable":true,"href":"https:\/\/web3.cl\/dev-infancia\/wp-json\/wp\/v2\/comments?post=58"}],"version-history":[{"count":5,"href":"https:\/\/web3.cl\/dev-infancia\/wp-json\/wp\/v2\/posts\/58\/revisions"}],"predecessor-version":[{"id":1056,"href":"https:\/\/web3.cl\/dev-infancia\/wp-json\/wp\/v2\/posts\/58\/revisions\/1056"}],"wp:attachment":[{"href":"https:\/\/web3.cl\/dev-infancia\/wp-json\/wp\/v2\/media?parent=58"}],"wp:term":[{"taxonomy":"category","embeddable":true,"href":"https:\/\/web3.cl\/dev-infancia\/wp-json\/wp\/v2\/categories?post=58"},{"taxonomy":"post_tag","embeddable":true,"href":"https:\/\/web3.cl\/dev-infancia\/wp-json\/wp\/v2\/tags?post=58"}],"curies":[{"name":"wp","href":"https:\/\/api.w.org\/{rel}","templated":true}]}}