{"id":513,"date":"2021-12-30T12:19:32","date_gmt":"2021-12-30T15:19:32","guid":{"rendered":"https:\/\/web3.cl\/dev-infancia\/?p=513"},"modified":"2022-06-13T12:22:45","modified_gmt":"2022-06-13T15:22:45","slug":"taller-de-evaluacion-y-proyecciones-del-plan-de-mejoramiento-en-educacion-parvularia","status":"publish","type":"post","link":"https:\/\/web3.cl\/dev-infancia\/taller-de-evaluacion-y-proyecciones-del-plan-de-mejoramiento-en-educacion-parvularia\/","title":{"rendered":"TALLER DE EVALUACI\u00d3N Y PROYECCIONES DEL PLAN DE MEJORAMIENTO EN EDUCACI\u00d3N PARVULARIA"},"content":{"rendered":"<p>Para evaluar los avances alcanzados el a\u00f1o 2021 y proyectar una mejora en los resultados para el a\u00f1o pr\u00f3ximo, las educadoras de p\u00e1rvulos, directoras de nuestros jardines infantiles y salas cunas, se reunieron hoy con la jefa del \u00e1rea educativa de la direcci\u00f3n de calidad educativa de la Corporaci\u00f3n para la Infancia de Santiago, en el \u201cEncuentro de Acompa\u00f1amiento T\u00e9cnico sobre el Plan de Mejoramiento Educativo en Educaci\u00f3n Parvularia\u201d (PME EP).<\/p>\n<p>La instancia entreg\u00f3 orientaciones para la realizaci\u00f3n del taller \u00abEtapa de Evaluaci\u00f3n a\u00f1o 1\u00bb ideado por la Subsecretar\u00eda de Educaci\u00f3n Parvularia, que busca ser desarrollado por todos los centros educativos que participaron en la implementaci\u00f3n del PME EP este a\u00f1o.<\/p>\n<p>De este modo, nuestro equipo educativo reforz\u00f3 la importancia de instalar procesos de gesti\u00f3n colaborativos, participativos, reflexivos y sistem\u00e1ticos en un esfuerzo constante por avanzar y responder a los distintos desaf\u00edos de nuestro nivel.<\/p>\n<p>La instancia constituye un hito relevante para Corporaci\u00f3n de cara a los ni\u00f1os y ni\u00f1as que asisten a nuestros jardines infantiles y salas cunas, as\u00ed como sus familias, ya que son los beneficiados directos con el resultado del trabajo conjunto de nuestro equipo educativo y cont\u00f3 con una masiva participaci\u00f3n.<\/p>\n<p><img loading=\"lazy\" decoding=\"async\" class=\"alignnone wp-image-515\" src=\"https:\/\/web3.cl\/dev-infancia\/wp-content\/uploads\/2022\/06\/2-1-1-300x124.png\" alt=\"\" width=\"351\" height=\"145\" srcset=\"https:\/\/web3.cl\/dev-infancia\/wp-content\/uploads\/2022\/06\/2-1-1-300x124.png 300w, https:\/\/web3.cl\/dev-infancia\/wp-content\/uploads\/2022\/06\/2-1-1.png 500w\" sizes=\"auto, (max-width: 351px) 100vw, 351px\" \/><\/p>\n<p><img loading=\"lazy\" decoding=\"async\" class=\"alignnone wp-image-516\" src=\"https:\/\/web3.cl\/dev-infancia\/wp-content\/uploads\/2022\/06\/1-300x140.png\" alt=\"\" width=\"402\" height=\"187\" srcset=\"https:\/\/web3.cl\/dev-infancia\/wp-content\/uploads\/2022\/06\/1-300x140.png 300w, https:\/\/web3.cl\/dev-infancia\/wp-content\/uploads\/2022\/06\/1.png 400w\" sizes=\"auto, (max-width: 402px) 100vw, 402px\" \/>\u00a0 \u00a0 <img loading=\"lazy\" decoding=\"async\" class=\"alignnone wp-image-517\" src=\"https:\/\/web3.cl\/dev-infancia\/wp-content\/uploads\/2022\/06\/3-300x169.png\" alt=\"\" width=\"334\" height=\"188\" srcset=\"https:\/\/web3.cl\/dev-infancia\/wp-content\/uploads\/2022\/06\/3-300x169.png 300w, https:\/\/web3.cl\/dev-infancia\/wp-content\/uploads\/2022\/06\/3.png 400w\" sizes=\"auto, (max-width: 334px) 100vw, 334px\" \/><\/p>\n","protected":false},"excerpt":{"rendered":"<p>Para evaluar los avances alcanzados el a\u00f1o 2021 y proyectar una mejora en los resultados para el a\u00f1o pr\u00f3ximo, las&#8230;<\/p>\n","protected":false},"author":1,"featured_media":0,"comment_status":"open","ping_status":"open","sticky":false,"template":"","format":"standard","meta":{"inline_featured_image":false,"footnotes":""},"categories":[1],"tags":[],"class_list":["post-513","post","type-post","status-publish","format-standard","hentry","category-sin-categoria"],"acf":[],"yoast_head":"<!-- This site is optimized with the Yoast SEO plugin v26.9 - https:\/\/yoast.com\/product\/yoast-seo-wordpress\/ -->\n<title>TALLER DE EVALUACI\u00d3N Y PROYECCIONES DEL PLAN DE MEJORAMIENTO EN EDUCACI\u00d3N PARVULARIA - Infancia<\/title>\n<meta name=\"robots\" content=\"index, follow, max-snippet:-1, max-image-preview:large, max-video-preview:-1\" \/>\n<link rel=\"canonical\" href=\"https:\/\/web3.cl\/dev-infancia\/taller-de-evaluacion-y-proyecciones-del-plan-de-mejoramiento-en-educacion-parvularia\/\" \/>\n<meta property=\"og:locale\" content=\"es_ES\" \/>\n<meta property=\"og:type\" content=\"article\" \/>\n<meta property=\"og:title\" content=\"TALLER DE EVALUACI\u00d3N Y PROYECCIONES DEL PLAN DE MEJORAMIENTO EN EDUCACI\u00d3N PARVULARIA - Infancia\" \/>\n<meta property=\"og:description\" content=\"Para evaluar los avances alcanzados el a\u00f1o 2021 y proyectar una mejora en los resultados para el a\u00f1o pr\u00f3ximo, las...\" \/>\n<meta property=\"og:url\" content=\"https:\/\/web3.cl\/dev-infancia\/taller-de-evaluacion-y-proyecciones-del-plan-de-mejoramiento-en-educacion-parvularia\/\" \/>\n<meta property=\"og:site_name\" content=\"Infancia\" \/>\n<meta property=\"article:published_time\" content=\"2021-12-30T15:19:32+00:00\" \/>\n<meta property=\"article:modified_time\" content=\"2022-06-13T15:22:45+00:00\" \/>\n<meta property=\"og:image\" content=\"https:\/\/web3.cl\/dev-infancia\/wp-content\/uploads\/2022\/06\/2-1-1-300x124.png\" \/>\n<meta name=\"author\" content=\"naitus\" \/>\n<meta name=\"twitter:card\" content=\"summary_large_image\" \/>\n<meta name=\"twitter:label1\" content=\"Escrito por\" \/>\n\t<meta name=\"twitter:data1\" content=\"naitus\" \/>\n\t<meta name=\"twitter:label2\" content=\"Tiempo estimado de lectura\" \/>\n\t<meta name=\"twitter:data2\" content=\"1 minuto\" \/>\n<script type=\"application\/ld+json\" class=\"yoast-schema-graph\">{\"@context\":\"https:\/\/schema.org\",\"@graph\":[{\"@type\":\"Article\",\"@id\":\"https:\/\/web3.cl\/dev-infancia\/taller-de-evaluacion-y-proyecciones-del-plan-de-mejoramiento-en-educacion-parvularia\/#article\",\"isPartOf\":{\"@id\":\"https:\/\/web3.cl\/dev-infancia\/taller-de-evaluacion-y-proyecciones-del-plan-de-mejoramiento-en-educacion-parvularia\/\"},\"author\":{\"name\":\"naitus\",\"@id\":\"https:\/\/web3.cl\/dev-infancia\/#\/schema\/person\/cfc69e69dbb20c8536fadb51155042d8\"},\"headline\":\"TALLER DE EVALUACI\u00d3N Y PROYECCIONES DEL PLAN DE MEJORAMIENTO EN EDUCACI\u00d3N PARVULARIA\",\"datePublished\":\"2021-12-30T15:19:32+00:00\",\"dateModified\":\"2022-06-13T15:22:45+00:00\",\"mainEntityOfPage\":{\"@id\":\"https:\/\/web3.cl\/dev-infancia\/taller-de-evaluacion-y-proyecciones-del-plan-de-mejoramiento-en-educacion-parvularia\/\"},\"wordCount\":230,\"commentCount\":0,\"image\":{\"@id\":\"https:\/\/web3.cl\/dev-infancia\/taller-de-evaluacion-y-proyecciones-del-plan-de-mejoramiento-en-educacion-parvularia\/#primaryimage\"},\"thumbnailUrl\":\"https:\/\/web3.cl\/dev-infancia\/wp-content\/uploads\/2022\/06\/2-1-1-300x124.png\",\"inLanguage\":\"es-CL\",\"potentialAction\":[{\"@type\":\"CommentAction\",\"name\":\"Comment\",\"target\":[\"https:\/\/web3.cl\/dev-infancia\/taller-de-evaluacion-y-proyecciones-del-plan-de-mejoramiento-en-educacion-parvularia\/#respond\"]}]},{\"@type\":\"WebPage\",\"@id\":\"https:\/\/web3.cl\/dev-infancia\/taller-de-evaluacion-y-proyecciones-del-plan-de-mejoramiento-en-educacion-parvularia\/\",\"url\":\"https:\/\/web3.cl\/dev-infancia\/taller-de-evaluacion-y-proyecciones-del-plan-de-mejoramiento-en-educacion-parvularia\/\",\"name\":\"TALLER DE EVALUACI\u00d3N Y PROYECCIONES DEL PLAN DE MEJORAMIENTO EN EDUCACI\u00d3N PARVULARIA - Infancia\",\"isPartOf\":{\"@id\":\"https:\/\/web3.cl\/dev-infancia\/#website\"},\"primaryImageOfPage\":{\"@id\":\"https:\/\/web3.cl\/dev-infancia\/taller-de-evaluacion-y-proyecciones-del-plan-de-mejoramiento-en-educacion-parvularia\/#primaryimage\"},\"image\":{\"@id\":\"https:\/\/web3.cl\/dev-infancia\/taller-de-evaluacion-y-proyecciones-del-plan-de-mejoramiento-en-educacion-parvularia\/#primaryimage\"},\"thumbnailUrl\":\"https:\/\/web3.cl\/dev-infancia\/wp-content\/uploads\/2022\/06\/2-1-1-300x124.png\",\"datePublished\":\"2021-12-30T15:19:32+00:00\",\"dateModified\":\"2022-06-13T15:22:45+00:00\",\"author\":{\"@id\":\"https:\/\/web3.cl\/dev-infancia\/#\/schema\/person\/cfc69e69dbb20c8536fadb51155042d8\"},\"breadcrumb\":{\"@id\":\"https:\/\/web3.cl\/dev-infancia\/taller-de-evaluacion-y-proyecciones-del-plan-de-mejoramiento-en-educacion-parvularia\/#breadcrumb\"},\"inLanguage\":\"es-CL\",\"potentialAction\":[{\"@type\":\"ReadAction\",\"target\":[\"https:\/\/web3.cl\/dev-infancia\/taller-de-evaluacion-y-proyecciones-del-plan-de-mejoramiento-en-educacion-parvularia\/\"]}]},{\"@type\":\"ImageObject\",\"inLanguage\":\"es-CL\",\"@id\":\"https:\/\/web3.cl\/dev-infancia\/taller-de-evaluacion-y-proyecciones-del-plan-de-mejoramiento-en-educacion-parvularia\/#primaryimage\",\"url\":\"https:\/\/web3.cl\/dev-infancia\/wp-content\/uploads\/2022\/06\/2-1-1.png\",\"contentUrl\":\"https:\/\/web3.cl\/dev-infancia\/wp-content\/uploads\/2022\/06\/2-1-1.png\",\"width\":500,\"height\":207},{\"@type\":\"BreadcrumbList\",\"@id\":\"https:\/\/web3.cl\/dev-infancia\/taller-de-evaluacion-y-proyecciones-del-plan-de-mejoramiento-en-educacion-parvularia\/#breadcrumb\",\"itemListElement\":[{\"@type\":\"ListItem\",\"position\":1,\"name\":\"Portada\",\"item\":\"https:\/\/web3.cl\/dev-infancia\/\"},{\"@type\":\"ListItem\",\"position\":2,\"name\":\"TALLER DE EVALUACI\u00d3N Y PROYECCIONES DEL PLAN DE MEJORAMIENTO EN EDUCACI\u00d3N PARVULARIA\"}]},{\"@type\":\"WebSite\",\"@id\":\"https:\/\/web3.cl\/dev-infancia\/#website\",\"url\":\"https:\/\/web3.cl\/dev-infancia\/\",\"name\":\"Infancia\",\"description\":\"Corporaci\u00f3n para la infancia de Santiago\",\"potentialAction\":[{\"@type\":\"SearchAction\",\"target\":{\"@type\":\"EntryPoint\",\"urlTemplate\":\"https:\/\/web3.cl\/dev-infancia\/?s={search_term_string}\"},\"query-input\":{\"@type\":\"PropertyValueSpecification\",\"valueRequired\":true,\"valueName\":\"search_term_string\"}}],\"inLanguage\":\"es-CL\"},{\"@type\":\"Person\",\"@id\":\"https:\/\/web3.cl\/dev-infancia\/#\/schema\/person\/cfc69e69dbb20c8536fadb51155042d8\",\"name\":\"naitus\",\"image\":{\"@type\":\"ImageObject\",\"inLanguage\":\"es-CL\",\"@id\":\"https:\/\/web3.cl\/dev-infancia\/#\/schema\/person\/image\/\",\"url\":\"https:\/\/secure.gravatar.com\/avatar\/d9d7d5af93146cf2cd9622f1b59d6c7df4310fe5833ecfd923eccfc3e2b5d19f?s=96&d=mm&r=g\",\"contentUrl\":\"https:\/\/secure.gravatar.com\/avatar\/d9d7d5af93146cf2cd9622f1b59d6c7df4310fe5833ecfd923eccfc3e2b5d19f?s=96&d=mm&r=g\",\"caption\":\"naitus\"},\"sameAs\":[\"https:\/\/web3.cl\/dev-infancia\"],\"url\":\"https:\/\/web3.cl\/dev-infancia\/author\/naitus\/\"}]}<\/script>\n<!-- \/ Yoast SEO plugin. -->","yoast_head_json":{"title":"TALLER DE EVALUACI\u00d3N Y PROYECCIONES DEL PLAN DE MEJORAMIENTO EN EDUCACI\u00d3N PARVULARIA - Infancia","robots":{"index":"index","follow":"follow","max-snippet":"max-snippet:-1","max-image-preview":"max-image-preview:large","max-video-preview":"max-video-preview:-1"},"canonical":"https:\/\/web3.cl\/dev-infancia\/taller-de-evaluacion-y-proyecciones-del-plan-de-mejoramiento-en-educacion-parvularia\/","og_locale":"es_ES","og_type":"article","og_title":"TALLER DE EVALUACI\u00d3N Y PROYECCIONES DEL PLAN DE MEJORAMIENTO EN EDUCACI\u00d3N PARVULARIA - Infancia","og_description":"Para evaluar los avances alcanzados el a\u00f1o 2021 y proyectar una mejora en los resultados para el a\u00f1o pr\u00f3ximo, las...","og_url":"https:\/\/web3.cl\/dev-infancia\/taller-de-evaluacion-y-proyecciones-del-plan-de-mejoramiento-en-educacion-parvularia\/","og_site_name":"Infancia","article_published_time":"2021-12-30T15:19:32+00:00","article_modified_time":"2022-06-13T15:22:45+00:00","og_image":[{"url":"https:\/\/web3.cl\/dev-infancia\/wp-content\/uploads\/2022\/06\/2-1-1-300x124.png","type":"","width":"","height":""}],"author":"naitus","twitter_card":"summary_large_image","twitter_misc":{"Escrito por":"naitus","Tiempo estimado de lectura":"1 minuto"},"schema":{"@context":"https:\/\/schema.org","@graph":[{"@type":"Article","@id":"https:\/\/web3.cl\/dev-infancia\/taller-de-evaluacion-y-proyecciones-del-plan-de-mejoramiento-en-educacion-parvularia\/#article","isPartOf":{"@id":"https:\/\/web3.cl\/dev-infancia\/taller-de-evaluacion-y-proyecciones-del-plan-de-mejoramiento-en-educacion-parvularia\/"},"author":{"name":"naitus","@id":"https:\/\/web3.cl\/dev-infancia\/#\/schema\/person\/cfc69e69dbb20c8536fadb51155042d8"},"headline":"TALLER DE EVALUACI\u00d3N Y PROYECCIONES DEL PLAN DE MEJORAMIENTO EN EDUCACI\u00d3N PARVULARIA","datePublished":"2021-12-30T15:19:32+00:00","dateModified":"2022-06-13T15:22:45+00:00","mainEntityOfPage":{"@id":"https:\/\/web3.cl\/dev-infancia\/taller-de-evaluacion-y-proyecciones-del-plan-de-mejoramiento-en-educacion-parvularia\/"},"wordCount":230,"commentCount":0,"image":{"@id":"https:\/\/web3.cl\/dev-infancia\/taller-de-evaluacion-y-proyecciones-del-plan-de-mejoramiento-en-educacion-parvularia\/#primaryimage"},"thumbnailUrl":"https:\/\/web3.cl\/dev-infancia\/wp-content\/uploads\/2022\/06\/2-1-1-300x124.png","inLanguage":"es-CL","potentialAction":[{"@type":"CommentAction","name":"Comment","target":["https:\/\/web3.cl\/dev-infancia\/taller-de-evaluacion-y-proyecciones-del-plan-de-mejoramiento-en-educacion-parvularia\/#respond"]}]},{"@type":"WebPage","@id":"https:\/\/web3.cl\/dev-infancia\/taller-de-evaluacion-y-proyecciones-del-plan-de-mejoramiento-en-educacion-parvularia\/","url":"https:\/\/web3.cl\/dev-infancia\/taller-de-evaluacion-y-proyecciones-del-plan-de-mejoramiento-en-educacion-parvularia\/","name":"TALLER DE EVALUACI\u00d3N Y PROYECCIONES DEL PLAN DE MEJORAMIENTO EN EDUCACI\u00d3N PARVULARIA - Infancia","isPartOf":{"@id":"https:\/\/web3.cl\/dev-infancia\/#website"},"primaryImageOfPage":{"@id":"https:\/\/web3.cl\/dev-infancia\/taller-de-evaluacion-y-proyecciones-del-plan-de-mejoramiento-en-educacion-parvularia\/#primaryimage"},"image":{"@id":"https:\/\/web3.cl\/dev-infancia\/taller-de-evaluacion-y-proyecciones-del-plan-de-mejoramiento-en-educacion-parvularia\/#primaryimage"},"thumbnailUrl":"https:\/\/web3.cl\/dev-infancia\/wp-content\/uploads\/2022\/06\/2-1-1-300x124.png","datePublished":"2021-12-30T15:19:32+00:00","dateModified":"2022-06-13T15:22:45+00:00","author":{"@id":"https:\/\/web3.cl\/dev-infancia\/#\/schema\/person\/cfc69e69dbb20c8536fadb51155042d8"},"breadcrumb":{"@id":"https:\/\/web3.cl\/dev-infancia\/taller-de-evaluacion-y-proyecciones-del-plan-de-mejoramiento-en-educacion-parvularia\/#breadcrumb"},"inLanguage":"es-CL","potentialAction":[{"@type":"ReadAction","target":["https:\/\/web3.cl\/dev-infancia\/taller-de-evaluacion-y-proyecciones-del-plan-de-mejoramiento-en-educacion-parvularia\/"]}]},{"@type":"ImageObject","inLanguage":"es-CL","@id":"https:\/\/web3.cl\/dev-infancia\/taller-de-evaluacion-y-proyecciones-del-plan-de-mejoramiento-en-educacion-parvularia\/#primaryimage","url":"https:\/\/web3.cl\/dev-infancia\/wp-content\/uploads\/2022\/06\/2-1-1.png","contentUrl":"https:\/\/web3.cl\/dev-infancia\/wp-content\/uploads\/2022\/06\/2-1-1.png","width":500,"height":207},{"@type":"BreadcrumbList","@id":"https:\/\/web3.cl\/dev-infancia\/taller-de-evaluacion-y-proyecciones-del-plan-de-mejoramiento-en-educacion-parvularia\/#breadcrumb","itemListElement":[{"@type":"ListItem","position":1,"name":"Portada","item":"https:\/\/web3.cl\/dev-infancia\/"},{"@type":"ListItem","position":2,"name":"TALLER DE EVALUACI\u00d3N Y PROYECCIONES DEL PLAN DE MEJORAMIENTO EN EDUCACI\u00d3N PARVULARIA"}]},{"@type":"WebSite","@id":"https:\/\/web3.cl\/dev-infancia\/#website","url":"https:\/\/web3.cl\/dev-infancia\/","name":"Infancia","description":"Corporaci\u00f3n para la infancia de Santiago","potentialAction":[{"@type":"SearchAction","target":{"@type":"EntryPoint","urlTemplate":"https:\/\/web3.cl\/dev-infancia\/?s={search_term_string}"},"query-input":{"@type":"PropertyValueSpecification","valueRequired":true,"valueName":"search_term_string"}}],"inLanguage":"es-CL"},{"@type":"Person","@id":"https:\/\/web3.cl\/dev-infancia\/#\/schema\/person\/cfc69e69dbb20c8536fadb51155042d8","name":"naitus","image":{"@type":"ImageObject","inLanguage":"es-CL","@id":"https:\/\/web3.cl\/dev-infancia\/#\/schema\/person\/image\/","url":"https:\/\/secure.gravatar.com\/avatar\/d9d7d5af93146cf2cd9622f1b59d6c7df4310fe5833ecfd923eccfc3e2b5d19f?s=96&d=mm&r=g","contentUrl":"https:\/\/secure.gravatar.com\/avatar\/d9d7d5af93146cf2cd9622f1b59d6c7df4310fe5833ecfd923eccfc3e2b5d19f?s=96&d=mm&r=g","caption":"naitus"},"sameAs":["https:\/\/web3.cl\/dev-infancia"],"url":"https:\/\/web3.cl\/dev-infancia\/author\/naitus\/"}]}},"_links":{"self":[{"href":"https:\/\/web3.cl\/dev-infancia\/wp-json\/wp\/v2\/posts\/513","targetHints":{"allow":["GET"]}}],"collection":[{"href":"https:\/\/web3.cl\/dev-infancia\/wp-json\/wp\/v2\/posts"}],"about":[{"href":"https:\/\/web3.cl\/dev-infancia\/wp-json\/wp\/v2\/types\/post"}],"author":[{"embeddable":true,"href":"https:\/\/web3.cl\/dev-infancia\/wp-json\/wp\/v2\/users\/1"}],"replies":[{"embeddable":true,"href":"https:\/\/web3.cl\/dev-infancia\/wp-json\/wp\/v2\/comments?post=513"}],"version-history":[{"count":1,"href":"https:\/\/web3.cl\/dev-infancia\/wp-json\/wp\/v2\/posts\/513\/revisions"}],"predecessor-version":[{"id":518,"href":"https:\/\/web3.cl\/dev-infancia\/wp-json\/wp\/v2\/posts\/513\/revisions\/518"}],"wp:attachment":[{"href":"https:\/\/web3.cl\/dev-infancia\/wp-json\/wp\/v2\/media?parent=513"}],"wp:term":[{"taxonomy":"category","embeddable":true,"href":"https:\/\/web3.cl\/dev-infancia\/wp-json\/wp\/v2\/categories?post=513"},{"taxonomy":"post_tag","embeddable":true,"href":"https:\/\/web3.cl\/dev-infancia\/wp-json\/wp\/v2\/tags?post=513"}],"curies":[{"name":"wp","href":"https:\/\/api.w.org\/{rel}","templated":true}]}}