{"id":500,"date":"2022-01-04T12:13:02","date_gmt":"2022-01-04T15:13:02","guid":{"rendered":"https:\/\/web3.cl\/dev-infancia\/?p=500"},"modified":"2022-06-13T12:18:13","modified_gmt":"2022-06-13T15:18:13","slug":"visores-de-colores-un-universo-de-posibilidades","status":"publish","type":"post","link":"https:\/\/web3.cl\/dev-infancia\/visores-de-colores-un-universo-de-posibilidades\/","title":{"rendered":"VISORES DE COLORES: UN UNIVERSO DE POSIBILIDADES"},"content":{"rendered":"<p>La observaci\u00f3n del equipo educativo de los intereses de todos los ni\u00f1os y ni\u00f1as que asisten a la sala cuna Marcela Paz de la Corporaci\u00f3n para la Infancia de Santiago, sumado a una mirada inclusiva y la creatividad sin l\u00edmites de sus educadoras, hicieron posible la creaci\u00f3n e implementaci\u00f3n, en el patio del centro educativo, de un maravilloso recurso did\u00e1ctico que denominaron \u201cLos visores de colores\u201d que permiten a los ni\u00f1os y ni\u00f1as la oportunidad de observar su entorno desde diversas perspectivas.<\/p>\n<p>En palabras de la educadora del nivel, Rosa Hern\u00e1ndez Fredes, \u201c<em>estos permiten a todos nuestros ni\u00f1os y ni\u00f1as observar y explorar el entorno de diferentes maneras, experimentando nuevas posibilidades a trav\u00e9s de combinaci\u00f3n de colores (anteponi\u00e9ndolos), reflejos seg\u00fan luz solar, movimientos por corrientes de viento, etc., logrando favorecer as\u00ed el v\u00ednculo con su entorno, las interacciones con otros por medio del juego que generan espont\u00e1neamente, la participaci\u00f3n, la exploraci\u00f3n y el disfrute de los espacios educativos<\/em>\u201d.<\/p>\n<p>La experiencia de aprendizaje de los visores de colores, considera varios aspectos: como la edad de cada ni\u00f1o y ni\u00f1a, la etapa exploratoria y sensorial propios de su nivel, las diversidades presentadas en el grupo y sus intereses, ni\u00f1os o ni\u00f1as diagnosticados con TEA (trastorno del espectro autista) la observaci\u00f3n y la incesante b\u00fasqueda del equipo educativo por implementar espacios y recursos pedag\u00f3gicos atractivos para todos los ni\u00f1os y ni\u00f1as en general, creando y disponiendo de estos elementos para el grupo general de ni\u00f1os\/as, pero apuntando principalmente a un enfoque de\u00a0<em>Educar en la diversidad<\/em>.<\/p>\n<p><img loading=\"lazy\" decoding=\"async\" class=\"alignnone wp-image-501\" src=\"https:\/\/web3.cl\/dev-infancia\/wp-content\/uploads\/2022\/06\/IMG_1937-225x300.jpg\" alt=\"\" width=\"232\" height=\"309\" srcset=\"https:\/\/web3.cl\/dev-infancia\/wp-content\/uploads\/2022\/06\/IMG_1937-225x300.jpg 225w, https:\/\/web3.cl\/dev-infancia\/wp-content\/uploads\/2022\/06\/IMG_1937.jpg 338w\" sizes=\"auto, (max-width: 232px) 100vw, 232px\" \/>\u00a0 \u00a0 \u00a0 <img loading=\"lazy\" decoding=\"async\" class=\"alignnone wp-image-502\" src=\"https:\/\/web3.cl\/dev-infancia\/wp-content\/uploads\/2022\/06\/IMG_1943-225x300.jpg\" alt=\"\" width=\"232\" height=\"309\" srcset=\"https:\/\/web3.cl\/dev-infancia\/wp-content\/uploads\/2022\/06\/IMG_1943-225x300.jpg 225w, https:\/\/web3.cl\/dev-infancia\/wp-content\/uploads\/2022\/06\/IMG_1943.jpg 338w\" sizes=\"auto, (max-width: 232px) 100vw, 232px\" \/>\u00a0 \u00a0 \u00a0 <img loading=\"lazy\" decoding=\"async\" class=\"alignnone wp-image-503\" src=\"https:\/\/web3.cl\/dev-infancia\/wp-content\/uploads\/2022\/06\/IMG_1948-225x300.jpg\" alt=\"\" width=\"233\" height=\"310\" srcset=\"https:\/\/web3.cl\/dev-infancia\/wp-content\/uploads\/2022\/06\/IMG_1948-225x300.jpg 225w, https:\/\/web3.cl\/dev-infancia\/wp-content\/uploads\/2022\/06\/IMG_1948.jpg 338w\" sizes=\"auto, (max-width: 233px) 100vw, 233px\" \/><\/p>\n<p><img loading=\"lazy\" decoding=\"async\" class=\"alignnone wp-image-504\" src=\"https:\/\/web3.cl\/dev-infancia\/wp-content\/uploads\/2022\/06\/IMG_1946-225x300.jpg\" alt=\"\" width=\"230\" height=\"307\" srcset=\"https:\/\/web3.cl\/dev-infancia\/wp-content\/uploads\/2022\/06\/IMG_1946-225x300.jpg 225w, https:\/\/web3.cl\/dev-infancia\/wp-content\/uploads\/2022\/06\/IMG_1946.jpg 338w\" sizes=\"auto, (max-width: 230px) 100vw, 230px\" \/>\u00a0 \u00a0 \u00a0 <img loading=\"lazy\" decoding=\"async\" class=\"alignnone wp-image-505\" src=\"https:\/\/web3.cl\/dev-infancia\/wp-content\/uploads\/2022\/06\/IMG_1945-225x300.jpg\" alt=\"\" width=\"230\" height=\"307\" srcset=\"https:\/\/web3.cl\/dev-infancia\/wp-content\/uploads\/2022\/06\/IMG_1945-225x300.jpg 225w, https:\/\/web3.cl\/dev-infancia\/wp-content\/uploads\/2022\/06\/IMG_1945.jpg 338w\" sizes=\"auto, (max-width: 230px) 100vw, 230px\" \/>\u00a0 \u00a0 \u00a0 \u00a0<img loading=\"lazy\" decoding=\"async\" class=\"alignnone wp-image-506\" src=\"https:\/\/web3.cl\/dev-infancia\/wp-content\/uploads\/2022\/06\/IMG_1944-225x300.jpg\" alt=\"\" width=\"230\" height=\"307\" srcset=\"https:\/\/web3.cl\/dev-infancia\/wp-content\/uploads\/2022\/06\/IMG_1944-225x300.jpg 225w, https:\/\/web3.cl\/dev-infancia\/wp-content\/uploads\/2022\/06\/IMG_1944.jpg 338w\" sizes=\"auto, (max-width: 230px) 100vw, 230px\" \/><\/p>\n<p><img loading=\"lazy\" decoding=\"async\" class=\"alignnone wp-image-507\" src=\"https:\/\/web3.cl\/dev-infancia\/wp-content\/uploads\/2022\/06\/IMG_1952-225x300.jpg\" alt=\"\" width=\"230\" height=\"307\" srcset=\"https:\/\/web3.cl\/dev-infancia\/wp-content\/uploads\/2022\/06\/IMG_1952-225x300.jpg 225w, https:\/\/web3.cl\/dev-infancia\/wp-content\/uploads\/2022\/06\/IMG_1952.jpg 338w\" sizes=\"auto, (max-width: 230px) 100vw, 230px\" \/>\u00a0 \u00a0 \u00a0 <img loading=\"lazy\" decoding=\"async\" class=\"alignnone wp-image-508\" src=\"https:\/\/web3.cl\/dev-infancia\/wp-content\/uploads\/2022\/06\/IMG_1953-225x300.jpg\" alt=\"\" width=\"230\" height=\"307\" srcset=\"https:\/\/web3.cl\/dev-infancia\/wp-content\/uploads\/2022\/06\/IMG_1953-225x300.jpg 225w, https:\/\/web3.cl\/dev-infancia\/wp-content\/uploads\/2022\/06\/IMG_1953.jpg 338w\" sizes=\"auto, (max-width: 230px) 100vw, 230px\" \/>\u00a0 \u00a0 \u00a0 <img loading=\"lazy\" decoding=\"async\" class=\"alignnone wp-image-509\" src=\"https:\/\/web3.cl\/dev-infancia\/wp-content\/uploads\/2022\/06\/IMG_1951-225x300.jpg\" alt=\"\" width=\"228\" height=\"304\" srcset=\"https:\/\/web3.cl\/dev-infancia\/wp-content\/uploads\/2022\/06\/IMG_1951-225x300.jpg 225w, https:\/\/web3.cl\/dev-infancia\/wp-content\/uploads\/2022\/06\/IMG_1951.jpg 338w\" sizes=\"auto, (max-width: 228px) 100vw, 228px\" \/><\/p>\n","protected":false},"excerpt":{"rendered":"<p>La observaci\u00f3n del equipo educativo de los intereses de todos los ni\u00f1os y ni\u00f1as que asisten a la sala cuna&#8230;<\/p>\n","protected":false},"author":1,"featured_media":0,"comment_status":"open","ping_status":"open","sticky":false,"template":"","format":"standard","meta":{"inline_featured_image":false,"footnotes":""},"categories":[1],"tags":[],"class_list":["post-500","post","type-post","status-publish","format-standard","hentry","category-sin-categoria"],"acf":[],"yoast_head":"<!-- This site is optimized with the Yoast SEO plugin v26.9 - https:\/\/yoast.com\/product\/yoast-seo-wordpress\/ -->\n<title>VISORES DE COLORES: UN UNIVERSO DE POSIBILIDADES - Infancia<\/title>\n<meta name=\"robots\" content=\"index, follow, max-snippet:-1, max-image-preview:large, max-video-preview:-1\" \/>\n<link rel=\"canonical\" href=\"https:\/\/web3.cl\/dev-infancia\/visores-de-colores-un-universo-de-posibilidades\/\" \/>\n<meta property=\"og:locale\" content=\"es_ES\" \/>\n<meta property=\"og:type\" content=\"article\" \/>\n<meta property=\"og:title\" content=\"VISORES DE COLORES: UN UNIVERSO DE POSIBILIDADES - Infancia\" \/>\n<meta property=\"og:description\" content=\"La observaci\u00f3n del equipo educativo de los intereses de todos los ni\u00f1os y ni\u00f1as que asisten a la sala cuna...\" \/>\n<meta property=\"og:url\" content=\"https:\/\/web3.cl\/dev-infancia\/visores-de-colores-un-universo-de-posibilidades\/\" \/>\n<meta property=\"og:site_name\" content=\"Infancia\" \/>\n<meta property=\"article:published_time\" content=\"2022-01-04T15:13:02+00:00\" \/>\n<meta property=\"article:modified_time\" content=\"2022-06-13T15:18:13+00:00\" \/>\n<meta property=\"og:image\" content=\"https:\/\/web3.cl\/dev-infancia\/wp-content\/uploads\/2022\/06\/IMG_1937-225x300.jpg\" \/>\n<meta name=\"author\" content=\"naitus\" \/>\n<meta name=\"twitter:card\" content=\"summary_large_image\" \/>\n<meta name=\"twitter:label1\" content=\"Escrito por\" \/>\n\t<meta name=\"twitter:data1\" content=\"naitus\" \/>\n\t<meta name=\"twitter:label2\" content=\"Tiempo estimado de lectura\" \/>\n\t<meta name=\"twitter:data2\" content=\"1 minuto\" \/>\n<script type=\"application\/ld+json\" class=\"yoast-schema-graph\">{\"@context\":\"https:\/\/schema.org\",\"@graph\":[{\"@type\":\"Article\",\"@id\":\"https:\/\/web3.cl\/dev-infancia\/visores-de-colores-un-universo-de-posibilidades\/#article\",\"isPartOf\":{\"@id\":\"https:\/\/web3.cl\/dev-infancia\/visores-de-colores-un-universo-de-posibilidades\/\"},\"author\":{\"name\":\"naitus\",\"@id\":\"https:\/\/web3.cl\/dev-infancia\/#\/schema\/person\/cfc69e69dbb20c8536fadb51155042d8\"},\"headline\":\"VISORES DE COLORES: UN UNIVERSO DE POSIBILIDADES\",\"datePublished\":\"2022-01-04T15:13:02+00:00\",\"dateModified\":\"2022-06-13T15:18:13+00:00\",\"mainEntityOfPage\":{\"@id\":\"https:\/\/web3.cl\/dev-infancia\/visores-de-colores-un-universo-de-posibilidades\/\"},\"wordCount\":292,\"commentCount\":0,\"image\":{\"@id\":\"https:\/\/web3.cl\/dev-infancia\/visores-de-colores-un-universo-de-posibilidades\/#primaryimage\"},\"thumbnailUrl\":\"https:\/\/web3.cl\/dev-infancia\/wp-content\/uploads\/2022\/06\/IMG_1937-225x300.jpg\",\"inLanguage\":\"es-CL\",\"potentialAction\":[{\"@type\":\"CommentAction\",\"name\":\"Comment\",\"target\":[\"https:\/\/web3.cl\/dev-infancia\/visores-de-colores-un-universo-de-posibilidades\/#respond\"]}]},{\"@type\":\"WebPage\",\"@id\":\"https:\/\/web3.cl\/dev-infancia\/visores-de-colores-un-universo-de-posibilidades\/\",\"url\":\"https:\/\/web3.cl\/dev-infancia\/visores-de-colores-un-universo-de-posibilidades\/\",\"name\":\"VISORES DE COLORES: UN UNIVERSO DE POSIBILIDADES - Infancia\",\"isPartOf\":{\"@id\":\"https:\/\/web3.cl\/dev-infancia\/#website\"},\"primaryImageOfPage\":{\"@id\":\"https:\/\/web3.cl\/dev-infancia\/visores-de-colores-un-universo-de-posibilidades\/#primaryimage\"},\"image\":{\"@id\":\"https:\/\/web3.cl\/dev-infancia\/visores-de-colores-un-universo-de-posibilidades\/#primaryimage\"},\"thumbnailUrl\":\"https:\/\/web3.cl\/dev-infancia\/wp-content\/uploads\/2022\/06\/IMG_1937-225x300.jpg\",\"datePublished\":\"2022-01-04T15:13:02+00:00\",\"dateModified\":\"2022-06-13T15:18:13+00:00\",\"author\":{\"@id\":\"https:\/\/web3.cl\/dev-infancia\/#\/schema\/person\/cfc69e69dbb20c8536fadb51155042d8\"},\"breadcrumb\":{\"@id\":\"https:\/\/web3.cl\/dev-infancia\/visores-de-colores-un-universo-de-posibilidades\/#breadcrumb\"},\"inLanguage\":\"es-CL\",\"potentialAction\":[{\"@type\":\"ReadAction\",\"target\":[\"https:\/\/web3.cl\/dev-infancia\/visores-de-colores-un-universo-de-posibilidades\/\"]}]},{\"@type\":\"ImageObject\",\"inLanguage\":\"es-CL\",\"@id\":\"https:\/\/web3.cl\/dev-infancia\/visores-de-colores-un-universo-de-posibilidades\/#primaryimage\",\"url\":\"https:\/\/web3.cl\/dev-infancia\/wp-content\/uploads\/2022\/06\/IMG_1937.jpg\",\"contentUrl\":\"https:\/\/web3.cl\/dev-infancia\/wp-content\/uploads\/2022\/06\/IMG_1937.jpg\",\"width\":338,\"height\":450},{\"@type\":\"BreadcrumbList\",\"@id\":\"https:\/\/web3.cl\/dev-infancia\/visores-de-colores-un-universo-de-posibilidades\/#breadcrumb\",\"itemListElement\":[{\"@type\":\"ListItem\",\"position\":1,\"name\":\"Portada\",\"item\":\"https:\/\/web3.cl\/dev-infancia\/\"},{\"@type\":\"ListItem\",\"position\":2,\"name\":\"VISORES DE COLORES: UN UNIVERSO DE POSIBILIDADES\"}]},{\"@type\":\"WebSite\",\"@id\":\"https:\/\/web3.cl\/dev-infancia\/#website\",\"url\":\"https:\/\/web3.cl\/dev-infancia\/\",\"name\":\"Infancia\",\"description\":\"Corporaci\u00f3n para la infancia de Santiago\",\"potentialAction\":[{\"@type\":\"SearchAction\",\"target\":{\"@type\":\"EntryPoint\",\"urlTemplate\":\"https:\/\/web3.cl\/dev-infancia\/?s={search_term_string}\"},\"query-input\":{\"@type\":\"PropertyValueSpecification\",\"valueRequired\":true,\"valueName\":\"search_term_string\"}}],\"inLanguage\":\"es-CL\"},{\"@type\":\"Person\",\"@id\":\"https:\/\/web3.cl\/dev-infancia\/#\/schema\/person\/cfc69e69dbb20c8536fadb51155042d8\",\"name\":\"naitus\",\"image\":{\"@type\":\"ImageObject\",\"inLanguage\":\"es-CL\",\"@id\":\"https:\/\/web3.cl\/dev-infancia\/#\/schema\/person\/image\/\",\"url\":\"https:\/\/secure.gravatar.com\/avatar\/d9d7d5af93146cf2cd9622f1b59d6c7df4310fe5833ecfd923eccfc3e2b5d19f?s=96&d=mm&r=g\",\"contentUrl\":\"https:\/\/secure.gravatar.com\/avatar\/d9d7d5af93146cf2cd9622f1b59d6c7df4310fe5833ecfd923eccfc3e2b5d19f?s=96&d=mm&r=g\",\"caption\":\"naitus\"},\"sameAs\":[\"https:\/\/web3.cl\/dev-infancia\"],\"url\":\"https:\/\/web3.cl\/dev-infancia\/author\/naitus\/\"}]}<\/script>\n<!-- \/ Yoast SEO plugin. -->","yoast_head_json":{"title":"VISORES DE COLORES: UN UNIVERSO DE POSIBILIDADES - Infancia","robots":{"index":"index","follow":"follow","max-snippet":"max-snippet:-1","max-image-preview":"max-image-preview:large","max-video-preview":"max-video-preview:-1"},"canonical":"https:\/\/web3.cl\/dev-infancia\/visores-de-colores-un-universo-de-posibilidades\/","og_locale":"es_ES","og_type":"article","og_title":"VISORES DE COLORES: UN UNIVERSO DE POSIBILIDADES - Infancia","og_description":"La observaci\u00f3n del equipo educativo de los intereses de todos los ni\u00f1os y ni\u00f1as que asisten a la sala cuna...","og_url":"https:\/\/web3.cl\/dev-infancia\/visores-de-colores-un-universo-de-posibilidades\/","og_site_name":"Infancia","article_published_time":"2022-01-04T15:13:02+00:00","article_modified_time":"2022-06-13T15:18:13+00:00","og_image":[{"url":"https:\/\/web3.cl\/dev-infancia\/wp-content\/uploads\/2022\/06\/IMG_1937-225x300.jpg","type":"","width":"","height":""}],"author":"naitus","twitter_card":"summary_large_image","twitter_misc":{"Escrito por":"naitus","Tiempo estimado de lectura":"1 minuto"},"schema":{"@context":"https:\/\/schema.org","@graph":[{"@type":"Article","@id":"https:\/\/web3.cl\/dev-infancia\/visores-de-colores-un-universo-de-posibilidades\/#article","isPartOf":{"@id":"https:\/\/web3.cl\/dev-infancia\/visores-de-colores-un-universo-de-posibilidades\/"},"author":{"name":"naitus","@id":"https:\/\/web3.cl\/dev-infancia\/#\/schema\/person\/cfc69e69dbb20c8536fadb51155042d8"},"headline":"VISORES DE COLORES: UN UNIVERSO DE POSIBILIDADES","datePublished":"2022-01-04T15:13:02+00:00","dateModified":"2022-06-13T15:18:13+00:00","mainEntityOfPage":{"@id":"https:\/\/web3.cl\/dev-infancia\/visores-de-colores-un-universo-de-posibilidades\/"},"wordCount":292,"commentCount":0,"image":{"@id":"https:\/\/web3.cl\/dev-infancia\/visores-de-colores-un-universo-de-posibilidades\/#primaryimage"},"thumbnailUrl":"https:\/\/web3.cl\/dev-infancia\/wp-content\/uploads\/2022\/06\/IMG_1937-225x300.jpg","inLanguage":"es-CL","potentialAction":[{"@type":"CommentAction","name":"Comment","target":["https:\/\/web3.cl\/dev-infancia\/visores-de-colores-un-universo-de-posibilidades\/#respond"]}]},{"@type":"WebPage","@id":"https:\/\/web3.cl\/dev-infancia\/visores-de-colores-un-universo-de-posibilidades\/","url":"https:\/\/web3.cl\/dev-infancia\/visores-de-colores-un-universo-de-posibilidades\/","name":"VISORES DE COLORES: UN UNIVERSO DE POSIBILIDADES - Infancia","isPartOf":{"@id":"https:\/\/web3.cl\/dev-infancia\/#website"},"primaryImageOfPage":{"@id":"https:\/\/web3.cl\/dev-infancia\/visores-de-colores-un-universo-de-posibilidades\/#primaryimage"},"image":{"@id":"https:\/\/web3.cl\/dev-infancia\/visores-de-colores-un-universo-de-posibilidades\/#primaryimage"},"thumbnailUrl":"https:\/\/web3.cl\/dev-infancia\/wp-content\/uploads\/2022\/06\/IMG_1937-225x300.jpg","datePublished":"2022-01-04T15:13:02+00:00","dateModified":"2022-06-13T15:18:13+00:00","author":{"@id":"https:\/\/web3.cl\/dev-infancia\/#\/schema\/person\/cfc69e69dbb20c8536fadb51155042d8"},"breadcrumb":{"@id":"https:\/\/web3.cl\/dev-infancia\/visores-de-colores-un-universo-de-posibilidades\/#breadcrumb"},"inLanguage":"es-CL","potentialAction":[{"@type":"ReadAction","target":["https:\/\/web3.cl\/dev-infancia\/visores-de-colores-un-universo-de-posibilidades\/"]}]},{"@type":"ImageObject","inLanguage":"es-CL","@id":"https:\/\/web3.cl\/dev-infancia\/visores-de-colores-un-universo-de-posibilidades\/#primaryimage","url":"https:\/\/web3.cl\/dev-infancia\/wp-content\/uploads\/2022\/06\/IMG_1937.jpg","contentUrl":"https:\/\/web3.cl\/dev-infancia\/wp-content\/uploads\/2022\/06\/IMG_1937.jpg","width":338,"height":450},{"@type":"BreadcrumbList","@id":"https:\/\/web3.cl\/dev-infancia\/visores-de-colores-un-universo-de-posibilidades\/#breadcrumb","itemListElement":[{"@type":"ListItem","position":1,"name":"Portada","item":"https:\/\/web3.cl\/dev-infancia\/"},{"@type":"ListItem","position":2,"name":"VISORES DE COLORES: UN UNIVERSO DE POSIBILIDADES"}]},{"@type":"WebSite","@id":"https:\/\/web3.cl\/dev-infancia\/#website","url":"https:\/\/web3.cl\/dev-infancia\/","name":"Infancia","description":"Corporaci\u00f3n para la infancia de Santiago","potentialAction":[{"@type":"SearchAction","target":{"@type":"EntryPoint","urlTemplate":"https:\/\/web3.cl\/dev-infancia\/?s={search_term_string}"},"query-input":{"@type":"PropertyValueSpecification","valueRequired":true,"valueName":"search_term_string"}}],"inLanguage":"es-CL"},{"@type":"Person","@id":"https:\/\/web3.cl\/dev-infancia\/#\/schema\/person\/cfc69e69dbb20c8536fadb51155042d8","name":"naitus","image":{"@type":"ImageObject","inLanguage":"es-CL","@id":"https:\/\/web3.cl\/dev-infancia\/#\/schema\/person\/image\/","url":"https:\/\/secure.gravatar.com\/avatar\/d9d7d5af93146cf2cd9622f1b59d6c7df4310fe5833ecfd923eccfc3e2b5d19f?s=96&d=mm&r=g","contentUrl":"https:\/\/secure.gravatar.com\/avatar\/d9d7d5af93146cf2cd9622f1b59d6c7df4310fe5833ecfd923eccfc3e2b5d19f?s=96&d=mm&r=g","caption":"naitus"},"sameAs":["https:\/\/web3.cl\/dev-infancia"],"url":"https:\/\/web3.cl\/dev-infancia\/author\/naitus\/"}]}},"_links":{"self":[{"href":"https:\/\/web3.cl\/dev-infancia\/wp-json\/wp\/v2\/posts\/500","targetHints":{"allow":["GET"]}}],"collection":[{"href":"https:\/\/web3.cl\/dev-infancia\/wp-json\/wp\/v2\/posts"}],"about":[{"href":"https:\/\/web3.cl\/dev-infancia\/wp-json\/wp\/v2\/types\/post"}],"author":[{"embeddable":true,"href":"https:\/\/web3.cl\/dev-infancia\/wp-json\/wp\/v2\/users\/1"}],"replies":[{"embeddable":true,"href":"https:\/\/web3.cl\/dev-infancia\/wp-json\/wp\/v2\/comments?post=500"}],"version-history":[{"count":2,"href":"https:\/\/web3.cl\/dev-infancia\/wp-json\/wp\/v2\/posts\/500\/revisions"}],"predecessor-version":[{"id":511,"href":"https:\/\/web3.cl\/dev-infancia\/wp-json\/wp\/v2\/posts\/500\/revisions\/511"}],"wp:attachment":[{"href":"https:\/\/web3.cl\/dev-infancia\/wp-json\/wp\/v2\/media?parent=500"}],"wp:term":[{"taxonomy":"category","embeddable":true,"href":"https:\/\/web3.cl\/dev-infancia\/wp-json\/wp\/v2\/categories?post=500"},{"taxonomy":"post_tag","embeddable":true,"href":"https:\/\/web3.cl\/dev-infancia\/wp-json\/wp\/v2\/tags?post=500"}],"curies":[{"name":"wp","href":"https:\/\/api.w.org\/{rel}","templated":true}]}}