{"id":493,"date":"2022-03-07T12:09:02","date_gmt":"2022-03-07T15:09:02","guid":{"rendered":"https:\/\/web3.cl\/dev-infancia\/?p=493"},"modified":"2022-06-13T12:12:45","modified_gmt":"2022-06-13T15:12:45","slug":"reunion-de-planificacion-inicio-ano-parvulario-2022","status":"publish","type":"post","link":"https:\/\/web3.cl\/dev-infancia\/reunion-de-planificacion-inicio-ano-parvulario-2022\/","title":{"rendered":"REUNI\u00d3N DE PLANIFICACI\u00d3N INICIO A\u00d1O PARVULARIO 2022"},"content":{"rendered":"<p>Con mucha alegr\u00eda y optimismo las Directoras de los 21 jardines infantiles y salas cunas administrados por la Corporaci\u00f3n para la Infancia de Santiago, se reunieron con el equipo de oficina central, para planificar y orientar el regreso 100% presencial, de los ni\u00f1os y ni\u00f1as a sus respectivos centros educativos.<\/p>\n<p>En la ocasi\u00f3n, la Directora Ejecutiva de la Corporaci\u00f3n, dio la bienvenida a cada Directora y les recalc\u00f3 la importancia de la presencialidad en la trayectoria educativa de los ni\u00f1os y ni\u00f1as. Por su parte la Subdirectora, puso el \u00e9nfasis en el cumplimiento estricto de todos los protocolos sanitarios en favor de la salud de todos los miembros de la comunidad educativa. La jefa del \u00e1rea educativa, en tanto, mencion\u00f3 las orientaciones pedag\u00f3gicas para enfrentar el retorno de un modo que permita recuperar los aprendizajes que pudieron ver afectados por lo prolongado de modalidad virtual.<\/p>\n<p>\u201c<em>Estamos muy contentas y contentos de recibir de vuelta a los ni\u00f1os y ni\u00f1as en los jardines infantiles y salas cunas, esperamos con ansias que vuelvan y llenen de vida las salas<\/em>\u201d nos indic\u00f3 la Directora Ejecutiva, consultada por c\u00f3mo enfrentaba este inicio de a\u00f1o parvulario 2022.<\/p>\n<p><img loading=\"lazy\" decoding=\"async\" class=\"alignnone size-medium wp-image-495\" src=\"https:\/\/web3.cl\/dev-infancia\/wp-content\/uploads\/2022\/06\/Captura_5_1-1-300x132.jpg\" alt=\"\" width=\"300\" height=\"132\" srcset=\"https:\/\/web3.cl\/dev-infancia\/wp-content\/uploads\/2022\/06\/Captura_5_1-1-300x132.jpg 300w, https:\/\/web3.cl\/dev-infancia\/wp-content\/uploads\/2022\/06\/Captura_5_1-1-1024x451.jpg 1024w, https:\/\/web3.cl\/dev-infancia\/wp-content\/uploads\/2022\/06\/Captura_5_1-1-768x338.jpg 768w, https:\/\/web3.cl\/dev-infancia\/wp-content\/uploads\/2022\/06\/Captura_5_1-1.jpg 1080w\" sizes=\"auto, (max-width: 300px) 100vw, 300px\" \/>\u00a0 <img loading=\"lazy\" decoding=\"async\" class=\"alignnone size-medium wp-image-496\" src=\"https:\/\/web3.cl\/dev-infancia\/wp-content\/uploads\/2022\/06\/Captura_6_3-300x132.jpg\" alt=\"\" width=\"300\" height=\"132\" srcset=\"https:\/\/web3.cl\/dev-infancia\/wp-content\/uploads\/2022\/06\/Captura_6_3-300x132.jpg 300w, https:\/\/web3.cl\/dev-infancia\/wp-content\/uploads\/2022\/06\/Captura_6_3-1024x450.jpg 1024w, https:\/\/web3.cl\/dev-infancia\/wp-content\/uploads\/2022\/06\/Captura_6_3-768x338.jpg 768w, https:\/\/web3.cl\/dev-infancia\/wp-content\/uploads\/2022\/06\/Captura_6_3.jpg 1080w\" sizes=\"auto, (max-width: 300px) 100vw, 300px\" \/>\u00a0 \u00a0<img loading=\"lazy\" decoding=\"async\" class=\"alignnone size-medium wp-image-497\" src=\"https:\/\/web3.cl\/dev-infancia\/wp-content\/uploads\/2022\/06\/Captura_14_4-300x132.jpg\" alt=\"\" width=\"300\" height=\"132\" srcset=\"https:\/\/web3.cl\/dev-infancia\/wp-content\/uploads\/2022\/06\/Captura_14_4-300x132.jpg 300w, https:\/\/web3.cl\/dev-infancia\/wp-content\/uploads\/2022\/06\/Captura_14_4-1024x450.jpg 1024w, https:\/\/web3.cl\/dev-infancia\/wp-content\/uploads\/2022\/06\/Captura_14_4-768x338.jpg 768w, https:\/\/web3.cl\/dev-infancia\/wp-content\/uploads\/2022\/06\/Captura_14_4.jpg 1080w\" sizes=\"auto, (max-width: 300px) 100vw, 300px\" \/><\/p>\n<p><img loading=\"lazy\" decoding=\"async\" class=\" wp-image-498 aligncenter\" src=\"https:\/\/web3.cl\/dev-infancia\/wp-content\/uploads\/2022\/06\/Captura_17_2-1-1-300x133.jpg\" alt=\"\" width=\"442\" height=\"196\" srcset=\"https:\/\/web3.cl\/dev-infancia\/wp-content\/uploads\/2022\/06\/Captura_17_2-1-1-300x133.jpg 300w, https:\/\/web3.cl\/dev-infancia\/wp-content\/uploads\/2022\/06\/Captura_17_2-1-1-1024x452.jpg 1024w, https:\/\/web3.cl\/dev-infancia\/wp-content\/uploads\/2022\/06\/Captura_17_2-1-1-768x339.jpg 768w, https:\/\/web3.cl\/dev-infancia\/wp-content\/uploads\/2022\/06\/Captura_17_2-1-1.jpg 1080w\" sizes=\"auto, (max-width: 442px) 100vw, 442px\" \/><\/p>\n","protected":false},"excerpt":{"rendered":"<p>Con mucha alegr\u00eda y optimismo las Directoras de los 21 jardines infantiles y salas cunas administrados por la Corporaci\u00f3n para&#8230;<\/p>\n","protected":false},"author":1,"featured_media":0,"comment_status":"open","ping_status":"open","sticky":false,"template":"","format":"standard","meta":{"inline_featured_image":false,"footnotes":""},"categories":[1],"tags":[],"class_list":["post-493","post","type-post","status-publish","format-standard","hentry","category-sin-categoria"],"acf":[],"yoast_head":"<!-- This site is optimized with the Yoast SEO plugin v26.9 - https:\/\/yoast.com\/product\/yoast-seo-wordpress\/ -->\n<title>REUNI\u00d3N DE PLANIFICACI\u00d3N INICIO A\u00d1O PARVULARIO 2022 - Infancia<\/title>\n<meta name=\"robots\" content=\"index, follow, max-snippet:-1, max-image-preview:large, max-video-preview:-1\" \/>\n<link rel=\"canonical\" href=\"https:\/\/web3.cl\/dev-infancia\/reunion-de-planificacion-inicio-ano-parvulario-2022\/\" \/>\n<meta property=\"og:locale\" content=\"es_ES\" \/>\n<meta property=\"og:type\" content=\"article\" \/>\n<meta property=\"og:title\" content=\"REUNI\u00d3N DE PLANIFICACI\u00d3N INICIO A\u00d1O PARVULARIO 2022 - Infancia\" \/>\n<meta property=\"og:description\" content=\"Con mucha alegr\u00eda y optimismo las Directoras de los 21 jardines infantiles y salas cunas administrados por la Corporaci\u00f3n para...\" \/>\n<meta property=\"og:url\" content=\"https:\/\/web3.cl\/dev-infancia\/reunion-de-planificacion-inicio-ano-parvulario-2022\/\" \/>\n<meta property=\"og:site_name\" content=\"Infancia\" \/>\n<meta property=\"article:published_time\" content=\"2022-03-07T15:09:02+00:00\" \/>\n<meta property=\"article:modified_time\" content=\"2022-06-13T15:12:45+00:00\" \/>\n<meta property=\"og:image\" content=\"https:\/\/web3.cl\/dev-infancia\/wp-content\/uploads\/2022\/06\/Captura_5_1-1-300x132.jpg\" \/>\n<meta name=\"author\" content=\"naitus\" \/>\n<meta name=\"twitter:card\" content=\"summary_large_image\" \/>\n<meta name=\"twitter:label1\" content=\"Escrito por\" \/>\n\t<meta name=\"twitter:data1\" content=\"naitus\" \/>\n\t<meta name=\"twitter:label2\" content=\"Tiempo estimado de lectura\" \/>\n\t<meta name=\"twitter:data2\" content=\"1 minuto\" \/>\n<script type=\"application\/ld+json\" class=\"yoast-schema-graph\">{\"@context\":\"https:\/\/schema.org\",\"@graph\":[{\"@type\":\"Article\",\"@id\":\"https:\/\/web3.cl\/dev-infancia\/reunion-de-planificacion-inicio-ano-parvulario-2022\/#article\",\"isPartOf\":{\"@id\":\"https:\/\/web3.cl\/dev-infancia\/reunion-de-planificacion-inicio-ano-parvulario-2022\/\"},\"author\":{\"name\":\"naitus\",\"@id\":\"https:\/\/web3.cl\/dev-infancia\/#\/schema\/person\/cfc69e69dbb20c8536fadb51155042d8\"},\"headline\":\"REUNI\u00d3N DE PLANIFICACI\u00d3N INICIO A\u00d1O PARVULARIO 2022\",\"datePublished\":\"2022-03-07T15:09:02+00:00\",\"dateModified\":\"2022-06-13T15:12:45+00:00\",\"mainEntityOfPage\":{\"@id\":\"https:\/\/web3.cl\/dev-infancia\/reunion-de-planificacion-inicio-ano-parvulario-2022\/\"},\"wordCount\":211,\"commentCount\":0,\"image\":{\"@id\":\"https:\/\/web3.cl\/dev-infancia\/reunion-de-planificacion-inicio-ano-parvulario-2022\/#primaryimage\"},\"thumbnailUrl\":\"https:\/\/web3.cl\/dev-infancia\/wp-content\/uploads\/2022\/06\/Captura_5_1-1-300x132.jpg\",\"inLanguage\":\"es-CL\",\"potentialAction\":[{\"@type\":\"CommentAction\",\"name\":\"Comment\",\"target\":[\"https:\/\/web3.cl\/dev-infancia\/reunion-de-planificacion-inicio-ano-parvulario-2022\/#respond\"]}]},{\"@type\":\"WebPage\",\"@id\":\"https:\/\/web3.cl\/dev-infancia\/reunion-de-planificacion-inicio-ano-parvulario-2022\/\",\"url\":\"https:\/\/web3.cl\/dev-infancia\/reunion-de-planificacion-inicio-ano-parvulario-2022\/\",\"name\":\"REUNI\u00d3N DE PLANIFICACI\u00d3N INICIO A\u00d1O PARVULARIO 2022 - Infancia\",\"isPartOf\":{\"@id\":\"https:\/\/web3.cl\/dev-infancia\/#website\"},\"primaryImageOfPage\":{\"@id\":\"https:\/\/web3.cl\/dev-infancia\/reunion-de-planificacion-inicio-ano-parvulario-2022\/#primaryimage\"},\"image\":{\"@id\":\"https:\/\/web3.cl\/dev-infancia\/reunion-de-planificacion-inicio-ano-parvulario-2022\/#primaryimage\"},\"thumbnailUrl\":\"https:\/\/web3.cl\/dev-infancia\/wp-content\/uploads\/2022\/06\/Captura_5_1-1-300x132.jpg\",\"datePublished\":\"2022-03-07T15:09:02+00:00\",\"dateModified\":\"2022-06-13T15:12:45+00:00\",\"author\":{\"@id\":\"https:\/\/web3.cl\/dev-infancia\/#\/schema\/person\/cfc69e69dbb20c8536fadb51155042d8\"},\"breadcrumb\":{\"@id\":\"https:\/\/web3.cl\/dev-infancia\/reunion-de-planificacion-inicio-ano-parvulario-2022\/#breadcrumb\"},\"inLanguage\":\"es-CL\",\"potentialAction\":[{\"@type\":\"ReadAction\",\"target\":[\"https:\/\/web3.cl\/dev-infancia\/reunion-de-planificacion-inicio-ano-parvulario-2022\/\"]}]},{\"@type\":\"ImageObject\",\"inLanguage\":\"es-CL\",\"@id\":\"https:\/\/web3.cl\/dev-infancia\/reunion-de-planificacion-inicio-ano-parvulario-2022\/#primaryimage\",\"url\":\"https:\/\/web3.cl\/dev-infancia\/wp-content\/uploads\/2022\/06\/Captura_5_1-1.jpg\",\"contentUrl\":\"https:\/\/web3.cl\/dev-infancia\/wp-content\/uploads\/2022\/06\/Captura_5_1-1.jpg\",\"width\":1080,\"height\":476},{\"@type\":\"BreadcrumbList\",\"@id\":\"https:\/\/web3.cl\/dev-infancia\/reunion-de-planificacion-inicio-ano-parvulario-2022\/#breadcrumb\",\"itemListElement\":[{\"@type\":\"ListItem\",\"position\":1,\"name\":\"Portada\",\"item\":\"https:\/\/web3.cl\/dev-infancia\/\"},{\"@type\":\"ListItem\",\"position\":2,\"name\":\"REUNI\u00d3N DE PLANIFICACI\u00d3N INICIO A\u00d1O PARVULARIO 2022\"}]},{\"@type\":\"WebSite\",\"@id\":\"https:\/\/web3.cl\/dev-infancia\/#website\",\"url\":\"https:\/\/web3.cl\/dev-infancia\/\",\"name\":\"Infancia\",\"description\":\"Corporaci\u00f3n para la infancia de Santiago\",\"potentialAction\":[{\"@type\":\"SearchAction\",\"target\":{\"@type\":\"EntryPoint\",\"urlTemplate\":\"https:\/\/web3.cl\/dev-infancia\/?s={search_term_string}\"},\"query-input\":{\"@type\":\"PropertyValueSpecification\",\"valueRequired\":true,\"valueName\":\"search_term_string\"}}],\"inLanguage\":\"es-CL\"},{\"@type\":\"Person\",\"@id\":\"https:\/\/web3.cl\/dev-infancia\/#\/schema\/person\/cfc69e69dbb20c8536fadb51155042d8\",\"name\":\"naitus\",\"image\":{\"@type\":\"ImageObject\",\"inLanguage\":\"es-CL\",\"@id\":\"https:\/\/web3.cl\/dev-infancia\/#\/schema\/person\/image\/\",\"url\":\"https:\/\/secure.gravatar.com\/avatar\/d9d7d5af93146cf2cd9622f1b59d6c7df4310fe5833ecfd923eccfc3e2b5d19f?s=96&d=mm&r=g\",\"contentUrl\":\"https:\/\/secure.gravatar.com\/avatar\/d9d7d5af93146cf2cd9622f1b59d6c7df4310fe5833ecfd923eccfc3e2b5d19f?s=96&d=mm&r=g\",\"caption\":\"naitus\"},\"sameAs\":[\"https:\/\/web3.cl\/dev-infancia\"],\"url\":\"https:\/\/web3.cl\/dev-infancia\/author\/naitus\/\"}]}<\/script>\n<!-- \/ Yoast SEO plugin. -->","yoast_head_json":{"title":"REUNI\u00d3N DE PLANIFICACI\u00d3N INICIO A\u00d1O PARVULARIO 2022 - Infancia","robots":{"index":"index","follow":"follow","max-snippet":"max-snippet:-1","max-image-preview":"max-image-preview:large","max-video-preview":"max-video-preview:-1"},"canonical":"https:\/\/web3.cl\/dev-infancia\/reunion-de-planificacion-inicio-ano-parvulario-2022\/","og_locale":"es_ES","og_type":"article","og_title":"REUNI\u00d3N DE PLANIFICACI\u00d3N INICIO A\u00d1O PARVULARIO 2022 - Infancia","og_description":"Con mucha alegr\u00eda y optimismo las Directoras de los 21 jardines infantiles y salas cunas administrados por la Corporaci\u00f3n para...","og_url":"https:\/\/web3.cl\/dev-infancia\/reunion-de-planificacion-inicio-ano-parvulario-2022\/","og_site_name":"Infancia","article_published_time":"2022-03-07T15:09:02+00:00","article_modified_time":"2022-06-13T15:12:45+00:00","og_image":[{"url":"https:\/\/web3.cl\/dev-infancia\/wp-content\/uploads\/2022\/06\/Captura_5_1-1-300x132.jpg","type":"","width":"","height":""}],"author":"naitus","twitter_card":"summary_large_image","twitter_misc":{"Escrito por":"naitus","Tiempo estimado de lectura":"1 minuto"},"schema":{"@context":"https:\/\/schema.org","@graph":[{"@type":"Article","@id":"https:\/\/web3.cl\/dev-infancia\/reunion-de-planificacion-inicio-ano-parvulario-2022\/#article","isPartOf":{"@id":"https:\/\/web3.cl\/dev-infancia\/reunion-de-planificacion-inicio-ano-parvulario-2022\/"},"author":{"name":"naitus","@id":"https:\/\/web3.cl\/dev-infancia\/#\/schema\/person\/cfc69e69dbb20c8536fadb51155042d8"},"headline":"REUNI\u00d3N DE PLANIFICACI\u00d3N INICIO A\u00d1O PARVULARIO 2022","datePublished":"2022-03-07T15:09:02+00:00","dateModified":"2022-06-13T15:12:45+00:00","mainEntityOfPage":{"@id":"https:\/\/web3.cl\/dev-infancia\/reunion-de-planificacion-inicio-ano-parvulario-2022\/"},"wordCount":211,"commentCount":0,"image":{"@id":"https:\/\/web3.cl\/dev-infancia\/reunion-de-planificacion-inicio-ano-parvulario-2022\/#primaryimage"},"thumbnailUrl":"https:\/\/web3.cl\/dev-infancia\/wp-content\/uploads\/2022\/06\/Captura_5_1-1-300x132.jpg","inLanguage":"es-CL","potentialAction":[{"@type":"CommentAction","name":"Comment","target":["https:\/\/web3.cl\/dev-infancia\/reunion-de-planificacion-inicio-ano-parvulario-2022\/#respond"]}]},{"@type":"WebPage","@id":"https:\/\/web3.cl\/dev-infancia\/reunion-de-planificacion-inicio-ano-parvulario-2022\/","url":"https:\/\/web3.cl\/dev-infancia\/reunion-de-planificacion-inicio-ano-parvulario-2022\/","name":"REUNI\u00d3N DE PLANIFICACI\u00d3N INICIO A\u00d1O PARVULARIO 2022 - Infancia","isPartOf":{"@id":"https:\/\/web3.cl\/dev-infancia\/#website"},"primaryImageOfPage":{"@id":"https:\/\/web3.cl\/dev-infancia\/reunion-de-planificacion-inicio-ano-parvulario-2022\/#primaryimage"},"image":{"@id":"https:\/\/web3.cl\/dev-infancia\/reunion-de-planificacion-inicio-ano-parvulario-2022\/#primaryimage"},"thumbnailUrl":"https:\/\/web3.cl\/dev-infancia\/wp-content\/uploads\/2022\/06\/Captura_5_1-1-300x132.jpg","datePublished":"2022-03-07T15:09:02+00:00","dateModified":"2022-06-13T15:12:45+00:00","author":{"@id":"https:\/\/web3.cl\/dev-infancia\/#\/schema\/person\/cfc69e69dbb20c8536fadb51155042d8"},"breadcrumb":{"@id":"https:\/\/web3.cl\/dev-infancia\/reunion-de-planificacion-inicio-ano-parvulario-2022\/#breadcrumb"},"inLanguage":"es-CL","potentialAction":[{"@type":"ReadAction","target":["https:\/\/web3.cl\/dev-infancia\/reunion-de-planificacion-inicio-ano-parvulario-2022\/"]}]},{"@type":"ImageObject","inLanguage":"es-CL","@id":"https:\/\/web3.cl\/dev-infancia\/reunion-de-planificacion-inicio-ano-parvulario-2022\/#primaryimage","url":"https:\/\/web3.cl\/dev-infancia\/wp-content\/uploads\/2022\/06\/Captura_5_1-1.jpg","contentUrl":"https:\/\/web3.cl\/dev-infancia\/wp-content\/uploads\/2022\/06\/Captura_5_1-1.jpg","width":1080,"height":476},{"@type":"BreadcrumbList","@id":"https:\/\/web3.cl\/dev-infancia\/reunion-de-planificacion-inicio-ano-parvulario-2022\/#breadcrumb","itemListElement":[{"@type":"ListItem","position":1,"name":"Portada","item":"https:\/\/web3.cl\/dev-infancia\/"},{"@type":"ListItem","position":2,"name":"REUNI\u00d3N DE PLANIFICACI\u00d3N INICIO A\u00d1O PARVULARIO 2022"}]},{"@type":"WebSite","@id":"https:\/\/web3.cl\/dev-infancia\/#website","url":"https:\/\/web3.cl\/dev-infancia\/","name":"Infancia","description":"Corporaci\u00f3n para la infancia de Santiago","potentialAction":[{"@type":"SearchAction","target":{"@type":"EntryPoint","urlTemplate":"https:\/\/web3.cl\/dev-infancia\/?s={search_term_string}"},"query-input":{"@type":"PropertyValueSpecification","valueRequired":true,"valueName":"search_term_string"}}],"inLanguage":"es-CL"},{"@type":"Person","@id":"https:\/\/web3.cl\/dev-infancia\/#\/schema\/person\/cfc69e69dbb20c8536fadb51155042d8","name":"naitus","image":{"@type":"ImageObject","inLanguage":"es-CL","@id":"https:\/\/web3.cl\/dev-infancia\/#\/schema\/person\/image\/","url":"https:\/\/secure.gravatar.com\/avatar\/d9d7d5af93146cf2cd9622f1b59d6c7df4310fe5833ecfd923eccfc3e2b5d19f?s=96&d=mm&r=g","contentUrl":"https:\/\/secure.gravatar.com\/avatar\/d9d7d5af93146cf2cd9622f1b59d6c7df4310fe5833ecfd923eccfc3e2b5d19f?s=96&d=mm&r=g","caption":"naitus"},"sameAs":["https:\/\/web3.cl\/dev-infancia"],"url":"https:\/\/web3.cl\/dev-infancia\/author\/naitus\/"}]}},"_links":{"self":[{"href":"https:\/\/web3.cl\/dev-infancia\/wp-json\/wp\/v2\/posts\/493","targetHints":{"allow":["GET"]}}],"collection":[{"href":"https:\/\/web3.cl\/dev-infancia\/wp-json\/wp\/v2\/posts"}],"about":[{"href":"https:\/\/web3.cl\/dev-infancia\/wp-json\/wp\/v2\/types\/post"}],"author":[{"embeddable":true,"href":"https:\/\/web3.cl\/dev-infancia\/wp-json\/wp\/v2\/users\/1"}],"replies":[{"embeddable":true,"href":"https:\/\/web3.cl\/dev-infancia\/wp-json\/wp\/v2\/comments?post=493"}],"version-history":[{"count":1,"href":"https:\/\/web3.cl\/dev-infancia\/wp-json\/wp\/v2\/posts\/493\/revisions"}],"predecessor-version":[{"id":499,"href":"https:\/\/web3.cl\/dev-infancia\/wp-json\/wp\/v2\/posts\/493\/revisions\/499"}],"wp:attachment":[{"href":"https:\/\/web3.cl\/dev-infancia\/wp-json\/wp\/v2\/media?parent=493"}],"wp:term":[{"taxonomy":"category","embeddable":true,"href":"https:\/\/web3.cl\/dev-infancia\/wp-json\/wp\/v2\/categories?post=493"},{"taxonomy":"post_tag","embeddable":true,"href":"https:\/\/web3.cl\/dev-infancia\/wp-json\/wp\/v2\/tags?post=493"}],"curies":[{"name":"wp","href":"https:\/\/api.w.org\/{rel}","templated":true}]}}