{"id":480,"date":"2022-03-07T11:59:57","date_gmt":"2022-03-07T14:59:57","guid":{"rendered":"https:\/\/web3.cl\/dev-infancia\/?p=480"},"modified":"2022-06-22T12:33:56","modified_gmt":"2022-06-22T15:33:56","slug":"alcaldesa-da-inicio-al-ano-parvulario-en-santiago","status":"publish","type":"post","link":"https:\/\/web3.cl\/dev-infancia\/alcaldesa-da-inicio-al-ano-parvulario-en-santiago\/","title":{"rendered":"ALCALDESA DA INICIO AL A\u00d1O PARVULARIO EN SANTIAGO"},"content":{"rendered":"<p>&nbsp;<\/p>\n<p>Cargado de entusiasmo estuvo el primer d\u00eda de jard\u00edn infantil y sala cuna para los ni\u00f1os y ni\u00f1as de la comuna de Santiago.<\/p>\n<p>A las 09:00 hrs., la Alcaldesa de Santiago Irac\u00ed Hassler Jacob, lleg\u00f3 hasta el Jard\u00edn Infantil y Sala Cuna Cardenal Ra\u00fal Silva Henr\u00edquez, ubicado en calle Esperanza N\u00b0 1215, para recibir a los ni\u00f1os y ni\u00f1as -que ingresaban por primera vez- y dar inicio formalmente al a\u00f1o educativo parvulario 2022. En el lugar, fue recibida por la Directora del Jard\u00edn, Daniela Cort\u00e9s Morales; la Presidenta del Directorio y Directora Ejecutiva de la Corporaci\u00f3n para la Infancia de Santiago.<\/p>\n<p>En los dem\u00e1s centros educativos que administra la Corporaci\u00f3n, se vivi\u00f3 una experiencia similar, cada equipo esperaba a los ni\u00f1os y ni\u00f1as que ingresaban hoy, con los brazos abiertos, una gran sonrisa y los jardines en las mejores condiciones para recibirlos.<\/p>\n<p><img loading=\"lazy\" decoding=\"async\" class=\"alignnone wp-image-484\" src=\"https:\/\/web3.cl\/dev-infancia\/wp-content\/uploads\/2022\/06\/IMG_0115-300x200.jpg\" alt=\"\" width=\"242\" height=\"161\" srcset=\"https:\/\/web3.cl\/dev-infancia\/wp-content\/uploads\/2022\/06\/IMG_0115-300x200.jpg 300w, https:\/\/web3.cl\/dev-infancia\/wp-content\/uploads\/2022\/06\/IMG_0115.jpg 500w\" sizes=\"auto, (max-width: 242px) 100vw, 242px\" \/>\u00a0 <img loading=\"lazy\" decoding=\"async\" class=\"alignnone wp-image-485\" src=\"https:\/\/web3.cl\/dev-infancia\/wp-content\/uploads\/2022\/06\/IMG_0128-300x200.jpg\" alt=\"\" width=\"240\" height=\"160\" srcset=\"https:\/\/web3.cl\/dev-infancia\/wp-content\/uploads\/2022\/06\/IMG_0128-300x200.jpg 300w, https:\/\/web3.cl\/dev-infancia\/wp-content\/uploads\/2022\/06\/IMG_0128.jpg 500w\" sizes=\"auto, (max-width: 240px) 100vw, 240px\" \/>\u00a0 <img loading=\"lazy\" decoding=\"async\" class=\"alignnone wp-image-486\" src=\"https:\/\/web3.cl\/dev-infancia\/wp-content\/uploads\/2022\/06\/IMG_0151-300x200.jpg\" alt=\"\" width=\"245\" height=\"163\" srcset=\"https:\/\/web3.cl\/dev-infancia\/wp-content\/uploads\/2022\/06\/IMG_0151-300x200.jpg 300w, https:\/\/web3.cl\/dev-infancia\/wp-content\/uploads\/2022\/06\/IMG_0151.jpg 500w\" sizes=\"auto, (max-width: 245px) 100vw, 245px\" \/> <img loading=\"lazy\" decoding=\"async\" class=\"alignnone wp-image-487\" src=\"https:\/\/web3.cl\/dev-infancia\/wp-content\/uploads\/2022\/06\/IMG_0228-300x200.jpg\" alt=\"\" width=\"248\" height=\"165\" srcset=\"https:\/\/web3.cl\/dev-infancia\/wp-content\/uploads\/2022\/06\/IMG_0228-300x200.jpg 300w, https:\/\/web3.cl\/dev-infancia\/wp-content\/uploads\/2022\/06\/IMG_0228.jpg 500w\" sizes=\"auto, (max-width: 248px) 100vw, 248px\" \/><\/p>\n<p><img loading=\"lazy\" decoding=\"async\" class=\"alignnone wp-image-488\" src=\"https:\/\/web3.cl\/dev-infancia\/wp-content\/uploads\/2022\/06\/IMG_0251-300x200.jpg\" alt=\"\" width=\"311\" height=\"207\" srcset=\"https:\/\/web3.cl\/dev-infancia\/wp-content\/uploads\/2022\/06\/IMG_0251-300x200.jpg 300w, https:\/\/web3.cl\/dev-infancia\/wp-content\/uploads\/2022\/06\/IMG_0251.jpg 500w\" sizes=\"auto, (max-width: 311px) 100vw, 311px\" \/>\u00a0 <img loading=\"lazy\" decoding=\"async\" class=\"alignnone wp-image-489\" src=\"https:\/\/web3.cl\/dev-infancia\/wp-content\/uploads\/2022\/06\/IMG_0315-300x200.jpg\" alt=\"\" width=\"312\" height=\"208\" srcset=\"https:\/\/web3.cl\/dev-infancia\/wp-content\/uploads\/2022\/06\/IMG_0315-300x200.jpg 300w, https:\/\/web3.cl\/dev-infancia\/wp-content\/uploads\/2022\/06\/IMG_0315.jpg 500w\" sizes=\"auto, (max-width: 312px) 100vw, 312px\" \/>\u00a0 <img loading=\"lazy\" decoding=\"async\" class=\"alignnone wp-image-490\" src=\"https:\/\/web3.cl\/dev-infancia\/wp-content\/uploads\/2022\/06\/IMG_0346_6-300x200.jpg\" alt=\"\" width=\"309\" height=\"206\" srcset=\"https:\/\/web3.cl\/dev-infancia\/wp-content\/uploads\/2022\/06\/IMG_0346_6-300x200.jpg 300w, https:\/\/web3.cl\/dev-infancia\/wp-content\/uploads\/2022\/06\/IMG_0346_6.jpg 500w\" sizes=\"auto, (max-width: 309px) 100vw, 309px\" \/><\/p>\n","protected":false},"excerpt":{"rendered":"<p>Cargado de entusiasmo estuvo el primer d\u00eda de jard\u00edn infantil y sala cuna para los ni\u00f1os y ni\u00f1as de la&#8230;<\/p>\n","protected":false},"author":1,"featured_media":0,"comment_status":"open","ping_status":"open","sticky":false,"template":"","format":"standard","meta":{"inline_featured_image":false,"footnotes":""},"categories":[1],"tags":[],"class_list":["post-480","post","type-post","status-publish","format-standard","hentry","category-sin-categoria"],"acf":[],"yoast_head":"<!-- This site is optimized with the Yoast SEO plugin v26.9 - https:\/\/yoast.com\/product\/yoast-seo-wordpress\/ -->\n<title>ALCALDESA DA INICIO AL A\u00d1O PARVULARIO EN SANTIAGO - Infancia<\/title>\n<meta name=\"robots\" content=\"index, follow, max-snippet:-1, max-image-preview:large, max-video-preview:-1\" \/>\n<link rel=\"canonical\" href=\"https:\/\/web3.cl\/dev-infancia\/alcaldesa-da-inicio-al-ano-parvulario-en-santiago\/\" \/>\n<meta property=\"og:locale\" content=\"es_ES\" \/>\n<meta property=\"og:type\" content=\"article\" \/>\n<meta property=\"og:title\" content=\"ALCALDESA DA INICIO AL A\u00d1O PARVULARIO EN SANTIAGO - Infancia\" \/>\n<meta property=\"og:description\" content=\"Cargado de entusiasmo estuvo el primer d\u00eda de jard\u00edn infantil y sala cuna para los ni\u00f1os y ni\u00f1as de la...\" \/>\n<meta property=\"og:url\" content=\"https:\/\/web3.cl\/dev-infancia\/alcaldesa-da-inicio-al-ano-parvulario-en-santiago\/\" \/>\n<meta property=\"og:site_name\" content=\"Infancia\" \/>\n<meta property=\"article:published_time\" content=\"2022-03-07T14:59:57+00:00\" \/>\n<meta property=\"article:modified_time\" content=\"2022-06-22T15:33:56+00:00\" \/>\n<meta property=\"og:image\" content=\"https:\/\/web3.cl\/dev-infancia\/wp-content\/uploads\/2022\/06\/IMG_0115-300x200.jpg\" \/>\n<meta name=\"author\" content=\"naitus\" \/>\n<meta name=\"twitter:card\" content=\"summary_large_image\" \/>\n<meta name=\"twitter:label1\" content=\"Escrito por\" \/>\n\t<meta name=\"twitter:data1\" content=\"naitus\" \/>\n\t<meta name=\"twitter:label2\" content=\"Tiempo estimado de lectura\" \/>\n\t<meta name=\"twitter:data2\" content=\"1 minuto\" \/>\n<script type=\"application\/ld+json\" class=\"yoast-schema-graph\">{\"@context\":\"https:\/\/schema.org\",\"@graph\":[{\"@type\":\"Article\",\"@id\":\"https:\/\/web3.cl\/dev-infancia\/alcaldesa-da-inicio-al-ano-parvulario-en-santiago\/#article\",\"isPartOf\":{\"@id\":\"https:\/\/web3.cl\/dev-infancia\/alcaldesa-da-inicio-al-ano-parvulario-en-santiago\/\"},\"author\":{\"name\":\"naitus\",\"@id\":\"https:\/\/web3.cl\/dev-infancia\/#\/schema\/person\/cfc69e69dbb20c8536fadb51155042d8\"},\"headline\":\"ALCALDESA DA INICIO AL A\u00d1O PARVULARIO EN SANTIAGO\",\"datePublished\":\"2022-03-07T14:59:57+00:00\",\"dateModified\":\"2022-06-22T15:33:56+00:00\",\"mainEntityOfPage\":{\"@id\":\"https:\/\/web3.cl\/dev-infancia\/alcaldesa-da-inicio-al-ano-parvulario-en-santiago\/\"},\"wordCount\":166,\"commentCount\":0,\"image\":{\"@id\":\"https:\/\/web3.cl\/dev-infancia\/alcaldesa-da-inicio-al-ano-parvulario-en-santiago\/#primaryimage\"},\"thumbnailUrl\":\"https:\/\/web3.cl\/dev-infancia\/wp-content\/uploads\/2022\/06\/IMG_0115-300x200.jpg\",\"inLanguage\":\"es-CL\",\"potentialAction\":[{\"@type\":\"CommentAction\",\"name\":\"Comment\",\"target\":[\"https:\/\/web3.cl\/dev-infancia\/alcaldesa-da-inicio-al-ano-parvulario-en-santiago\/#respond\"]}]},{\"@type\":\"WebPage\",\"@id\":\"https:\/\/web3.cl\/dev-infancia\/alcaldesa-da-inicio-al-ano-parvulario-en-santiago\/\",\"url\":\"https:\/\/web3.cl\/dev-infancia\/alcaldesa-da-inicio-al-ano-parvulario-en-santiago\/\",\"name\":\"ALCALDESA DA INICIO AL A\u00d1O PARVULARIO EN SANTIAGO - Infancia\",\"isPartOf\":{\"@id\":\"https:\/\/web3.cl\/dev-infancia\/#website\"},\"primaryImageOfPage\":{\"@id\":\"https:\/\/web3.cl\/dev-infancia\/alcaldesa-da-inicio-al-ano-parvulario-en-santiago\/#primaryimage\"},\"image\":{\"@id\":\"https:\/\/web3.cl\/dev-infancia\/alcaldesa-da-inicio-al-ano-parvulario-en-santiago\/#primaryimage\"},\"thumbnailUrl\":\"https:\/\/web3.cl\/dev-infancia\/wp-content\/uploads\/2022\/06\/IMG_0115-300x200.jpg\",\"datePublished\":\"2022-03-07T14:59:57+00:00\",\"dateModified\":\"2022-06-22T15:33:56+00:00\",\"author\":{\"@id\":\"https:\/\/web3.cl\/dev-infancia\/#\/schema\/person\/cfc69e69dbb20c8536fadb51155042d8\"},\"breadcrumb\":{\"@id\":\"https:\/\/web3.cl\/dev-infancia\/alcaldesa-da-inicio-al-ano-parvulario-en-santiago\/#breadcrumb\"},\"inLanguage\":\"es-CL\",\"potentialAction\":[{\"@type\":\"ReadAction\",\"target\":[\"https:\/\/web3.cl\/dev-infancia\/alcaldesa-da-inicio-al-ano-parvulario-en-santiago\/\"]}]},{\"@type\":\"ImageObject\",\"inLanguage\":\"es-CL\",\"@id\":\"https:\/\/web3.cl\/dev-infancia\/alcaldesa-da-inicio-al-ano-parvulario-en-santiago\/#primaryimage\",\"url\":\"https:\/\/web3.cl\/dev-infancia\/wp-content\/uploads\/2022\/06\/IMG_0115.jpg\",\"contentUrl\":\"https:\/\/web3.cl\/dev-infancia\/wp-content\/uploads\/2022\/06\/IMG_0115.jpg\",\"width\":500,\"height\":333},{\"@type\":\"BreadcrumbList\",\"@id\":\"https:\/\/web3.cl\/dev-infancia\/alcaldesa-da-inicio-al-ano-parvulario-en-santiago\/#breadcrumb\",\"itemListElement\":[{\"@type\":\"ListItem\",\"position\":1,\"name\":\"Portada\",\"item\":\"https:\/\/web3.cl\/dev-infancia\/\"},{\"@type\":\"ListItem\",\"position\":2,\"name\":\"ALCALDESA DA INICIO AL A\u00d1O PARVULARIO EN SANTIAGO\"}]},{\"@type\":\"WebSite\",\"@id\":\"https:\/\/web3.cl\/dev-infancia\/#website\",\"url\":\"https:\/\/web3.cl\/dev-infancia\/\",\"name\":\"Infancia\",\"description\":\"Corporaci\u00f3n para la infancia de Santiago\",\"potentialAction\":[{\"@type\":\"SearchAction\",\"target\":{\"@type\":\"EntryPoint\",\"urlTemplate\":\"https:\/\/web3.cl\/dev-infancia\/?s={search_term_string}\"},\"query-input\":{\"@type\":\"PropertyValueSpecification\",\"valueRequired\":true,\"valueName\":\"search_term_string\"}}],\"inLanguage\":\"es-CL\"},{\"@type\":\"Person\",\"@id\":\"https:\/\/web3.cl\/dev-infancia\/#\/schema\/person\/cfc69e69dbb20c8536fadb51155042d8\",\"name\":\"naitus\",\"image\":{\"@type\":\"ImageObject\",\"inLanguage\":\"es-CL\",\"@id\":\"https:\/\/web3.cl\/dev-infancia\/#\/schema\/person\/image\/\",\"url\":\"https:\/\/secure.gravatar.com\/avatar\/d9d7d5af93146cf2cd9622f1b59d6c7df4310fe5833ecfd923eccfc3e2b5d19f?s=96&d=mm&r=g\",\"contentUrl\":\"https:\/\/secure.gravatar.com\/avatar\/d9d7d5af93146cf2cd9622f1b59d6c7df4310fe5833ecfd923eccfc3e2b5d19f?s=96&d=mm&r=g\",\"caption\":\"naitus\"},\"sameAs\":[\"https:\/\/web3.cl\/dev-infancia\"],\"url\":\"https:\/\/web3.cl\/dev-infancia\/author\/naitus\/\"}]}<\/script>\n<!-- \/ Yoast SEO plugin. -->","yoast_head_json":{"title":"ALCALDESA DA INICIO AL A\u00d1O PARVULARIO EN SANTIAGO - Infancia","robots":{"index":"index","follow":"follow","max-snippet":"max-snippet:-1","max-image-preview":"max-image-preview:large","max-video-preview":"max-video-preview:-1"},"canonical":"https:\/\/web3.cl\/dev-infancia\/alcaldesa-da-inicio-al-ano-parvulario-en-santiago\/","og_locale":"es_ES","og_type":"article","og_title":"ALCALDESA DA INICIO AL A\u00d1O PARVULARIO EN SANTIAGO - Infancia","og_description":"Cargado de entusiasmo estuvo el primer d\u00eda de jard\u00edn infantil y sala cuna para los ni\u00f1os y ni\u00f1as de la...","og_url":"https:\/\/web3.cl\/dev-infancia\/alcaldesa-da-inicio-al-ano-parvulario-en-santiago\/","og_site_name":"Infancia","article_published_time":"2022-03-07T14:59:57+00:00","article_modified_time":"2022-06-22T15:33:56+00:00","og_image":[{"url":"https:\/\/web3.cl\/dev-infancia\/wp-content\/uploads\/2022\/06\/IMG_0115-300x200.jpg","type":"","width":"","height":""}],"author":"naitus","twitter_card":"summary_large_image","twitter_misc":{"Escrito por":"naitus","Tiempo estimado de lectura":"1 minuto"},"schema":{"@context":"https:\/\/schema.org","@graph":[{"@type":"Article","@id":"https:\/\/web3.cl\/dev-infancia\/alcaldesa-da-inicio-al-ano-parvulario-en-santiago\/#article","isPartOf":{"@id":"https:\/\/web3.cl\/dev-infancia\/alcaldesa-da-inicio-al-ano-parvulario-en-santiago\/"},"author":{"name":"naitus","@id":"https:\/\/web3.cl\/dev-infancia\/#\/schema\/person\/cfc69e69dbb20c8536fadb51155042d8"},"headline":"ALCALDESA DA INICIO AL A\u00d1O PARVULARIO EN SANTIAGO","datePublished":"2022-03-07T14:59:57+00:00","dateModified":"2022-06-22T15:33:56+00:00","mainEntityOfPage":{"@id":"https:\/\/web3.cl\/dev-infancia\/alcaldesa-da-inicio-al-ano-parvulario-en-santiago\/"},"wordCount":166,"commentCount":0,"image":{"@id":"https:\/\/web3.cl\/dev-infancia\/alcaldesa-da-inicio-al-ano-parvulario-en-santiago\/#primaryimage"},"thumbnailUrl":"https:\/\/web3.cl\/dev-infancia\/wp-content\/uploads\/2022\/06\/IMG_0115-300x200.jpg","inLanguage":"es-CL","potentialAction":[{"@type":"CommentAction","name":"Comment","target":["https:\/\/web3.cl\/dev-infancia\/alcaldesa-da-inicio-al-ano-parvulario-en-santiago\/#respond"]}]},{"@type":"WebPage","@id":"https:\/\/web3.cl\/dev-infancia\/alcaldesa-da-inicio-al-ano-parvulario-en-santiago\/","url":"https:\/\/web3.cl\/dev-infancia\/alcaldesa-da-inicio-al-ano-parvulario-en-santiago\/","name":"ALCALDESA DA INICIO AL A\u00d1O PARVULARIO EN SANTIAGO - Infancia","isPartOf":{"@id":"https:\/\/web3.cl\/dev-infancia\/#website"},"primaryImageOfPage":{"@id":"https:\/\/web3.cl\/dev-infancia\/alcaldesa-da-inicio-al-ano-parvulario-en-santiago\/#primaryimage"},"image":{"@id":"https:\/\/web3.cl\/dev-infancia\/alcaldesa-da-inicio-al-ano-parvulario-en-santiago\/#primaryimage"},"thumbnailUrl":"https:\/\/web3.cl\/dev-infancia\/wp-content\/uploads\/2022\/06\/IMG_0115-300x200.jpg","datePublished":"2022-03-07T14:59:57+00:00","dateModified":"2022-06-22T15:33:56+00:00","author":{"@id":"https:\/\/web3.cl\/dev-infancia\/#\/schema\/person\/cfc69e69dbb20c8536fadb51155042d8"},"breadcrumb":{"@id":"https:\/\/web3.cl\/dev-infancia\/alcaldesa-da-inicio-al-ano-parvulario-en-santiago\/#breadcrumb"},"inLanguage":"es-CL","potentialAction":[{"@type":"ReadAction","target":["https:\/\/web3.cl\/dev-infancia\/alcaldesa-da-inicio-al-ano-parvulario-en-santiago\/"]}]},{"@type":"ImageObject","inLanguage":"es-CL","@id":"https:\/\/web3.cl\/dev-infancia\/alcaldesa-da-inicio-al-ano-parvulario-en-santiago\/#primaryimage","url":"https:\/\/web3.cl\/dev-infancia\/wp-content\/uploads\/2022\/06\/IMG_0115.jpg","contentUrl":"https:\/\/web3.cl\/dev-infancia\/wp-content\/uploads\/2022\/06\/IMG_0115.jpg","width":500,"height":333},{"@type":"BreadcrumbList","@id":"https:\/\/web3.cl\/dev-infancia\/alcaldesa-da-inicio-al-ano-parvulario-en-santiago\/#breadcrumb","itemListElement":[{"@type":"ListItem","position":1,"name":"Portada","item":"https:\/\/web3.cl\/dev-infancia\/"},{"@type":"ListItem","position":2,"name":"ALCALDESA DA INICIO AL A\u00d1O PARVULARIO EN SANTIAGO"}]},{"@type":"WebSite","@id":"https:\/\/web3.cl\/dev-infancia\/#website","url":"https:\/\/web3.cl\/dev-infancia\/","name":"Infancia","description":"Corporaci\u00f3n para la infancia de Santiago","potentialAction":[{"@type":"SearchAction","target":{"@type":"EntryPoint","urlTemplate":"https:\/\/web3.cl\/dev-infancia\/?s={search_term_string}"},"query-input":{"@type":"PropertyValueSpecification","valueRequired":true,"valueName":"search_term_string"}}],"inLanguage":"es-CL"},{"@type":"Person","@id":"https:\/\/web3.cl\/dev-infancia\/#\/schema\/person\/cfc69e69dbb20c8536fadb51155042d8","name":"naitus","image":{"@type":"ImageObject","inLanguage":"es-CL","@id":"https:\/\/web3.cl\/dev-infancia\/#\/schema\/person\/image\/","url":"https:\/\/secure.gravatar.com\/avatar\/d9d7d5af93146cf2cd9622f1b59d6c7df4310fe5833ecfd923eccfc3e2b5d19f?s=96&d=mm&r=g","contentUrl":"https:\/\/secure.gravatar.com\/avatar\/d9d7d5af93146cf2cd9622f1b59d6c7df4310fe5833ecfd923eccfc3e2b5d19f?s=96&d=mm&r=g","caption":"naitus"},"sameAs":["https:\/\/web3.cl\/dev-infancia"],"url":"https:\/\/web3.cl\/dev-infancia\/author\/naitus\/"}]}},"_links":{"self":[{"href":"https:\/\/web3.cl\/dev-infancia\/wp-json\/wp\/v2\/posts\/480","targetHints":{"allow":["GET"]}}],"collection":[{"href":"https:\/\/web3.cl\/dev-infancia\/wp-json\/wp\/v2\/posts"}],"about":[{"href":"https:\/\/web3.cl\/dev-infancia\/wp-json\/wp\/v2\/types\/post"}],"author":[{"embeddable":true,"href":"https:\/\/web3.cl\/dev-infancia\/wp-json\/wp\/v2\/users\/1"}],"replies":[{"embeddable":true,"href":"https:\/\/web3.cl\/dev-infancia\/wp-json\/wp\/v2\/comments?post=480"}],"version-history":[{"count":2,"href":"https:\/\/web3.cl\/dev-infancia\/wp-json\/wp\/v2\/posts\/480\/revisions"}],"predecessor-version":[{"id":1062,"href":"https:\/\/web3.cl\/dev-infancia\/wp-json\/wp\/v2\/posts\/480\/revisions\/1062"}],"wp:attachment":[{"href":"https:\/\/web3.cl\/dev-infancia\/wp-json\/wp\/v2\/media?parent=480"}],"wp:term":[{"taxonomy":"category","embeddable":true,"href":"https:\/\/web3.cl\/dev-infancia\/wp-json\/wp\/v2\/categories?post=480"},{"taxonomy":"post_tag","embeddable":true,"href":"https:\/\/web3.cl\/dev-infancia\/wp-json\/wp\/v2\/tags?post=480"}],"curies":[{"name":"wp","href":"https:\/\/api.w.org\/{rel}","templated":true}]}}