{"id":473,"date":"2022-03-10T11:56:44","date_gmt":"2022-03-10T14:56:44","guid":{"rendered":"https:\/\/web3.cl\/dev-infancia\/?p=473"},"modified":"2022-06-22T12:33:15","modified_gmt":"2022-06-22T15:33:15","slug":"sala-cuna-marcela-paz-obtiene-certificacion-ambiental-nivel-medio","status":"publish","type":"post","link":"https:\/\/web3.cl\/dev-infancia\/sala-cuna-marcela-paz-obtiene-certificacion-ambiental-nivel-medio\/","title":{"rendered":"SALA CUNA MARCELA PAZ OBTIENE CERTIFICACI\u00d3N AMBIENTAL, NIVEL MEDIO."},"content":{"rendered":"<p>&nbsp;<\/p>\n<p>Un nuevo reconocimiento al trabajo realizado por la comunidad educativa de la Sala Cuna Marcela Paz, en t\u00e9rminos de sustentabilidad y educaci\u00f3n ambiental, fue otorgado por el Sistema Nacional de Certificaci\u00f3n Ambiental de Establecimientos Educacionales del Ministerio del Medioambiente, SNCAE.<\/p>\n<p>La certificaci\u00f3n de nivel MEDIO que tiene una vigencia para el per\u00edodo 2022\u20132024, fue recibida por la Directora del centro educativo, Scarlett Mart\u00ednez Bustamante, en una ceremonia realizada en el Estadio Monumental David Arellano, en la que participaron 262 establecimientos educacionales de la Regi\u00f3n Metropolitana.<\/p>\n<p>En palabras de la Directora de la sala cuna: \u201c<em>Esto -como comunidad educativa- nos llena de felicidad y orgullo, al ver que todas aquellas experiencias medioambientales han dado su fruto, no solo desde el punto de vista de la certificaci\u00f3n en s\u00ed, sino tambi\u00e9n desde c\u00f3mo paulatinamente hemos ido sensibilizando desde la educaci\u00f3n en esta tem\u00e1tica tan relevante para estos tiempos de crisis clim\u00e1tica global.\u00a0Ha sido un trabajo con un alto involucramiento de las familias, equipo y redes, y en donde nuestros ni\u00f1os y ni\u00f1as han sido protagonistas y directos beneficiados<\/em>.\u201d<\/p>\n<p>Liliana Barrera Ulloa, Directora Ejecutiva de la Corporaci\u00f3n para la Infancia de Santiago, recalc\u00f3 que \u201c<em>Durante el per\u00edodo 2019-2021, la Sala Cuna Marcela Paz, ya hab\u00eda sido certificada con el nivel b\u00e1sico, lo que significa un nuevo avance en la sensibilizaci\u00f3n en torno a la sustentabilidad y educaci\u00f3n ambiental, en los equipos, los ni\u00f1os las ni\u00f1as y sus familias. En suma de toda la comunidad educativa de la comuna de Santiago. Por lo que nos sentimos muy orgullosas de este nuevo reconocimiento.<\/em>\u201d<\/p>\n<p>El Sistema Nacional de Certificaci\u00f3n Ambiental de Establecimientos Educacionales (SNCAE), es un programa intersectorial implementado por el Ministerio del Medio Ambiente, el Ministerio de Educaci\u00f3n, la Corporaci\u00f3n Nacional Forestal y UNESCO. En sus niveles regionales, el programa incorpora a diversas instituciones p\u00fablicas y privadas claves en el desarrollo de la educaci\u00f3n ambiental.<\/p>\n<p><img loading=\"lazy\" decoding=\"async\" class=\"alignnone wp-image-476\" src=\"https:\/\/web3.cl\/dev-infancia\/wp-content\/uploads\/2022\/06\/2_IMG_0386-rotated-1-200x300.jpg\" alt=\"\" width=\"227\" height=\"341\" srcset=\"https:\/\/web3.cl\/dev-infancia\/wp-content\/uploads\/2022\/06\/2_IMG_0386-rotated-1-200x300.jpg 200w, https:\/\/web3.cl\/dev-infancia\/wp-content\/uploads\/2022\/06\/2_IMG_0386-rotated-1-683x1024.jpg 683w, https:\/\/web3.cl\/dev-infancia\/wp-content\/uploads\/2022\/06\/2_IMG_0386-rotated-1.jpg 720w\" sizes=\"auto, (max-width: 227px) 100vw, 227px\" \/> \u00a0 <img loading=\"lazy\" decoding=\"async\" class=\"alignnone wp-image-477\" src=\"https:\/\/web3.cl\/dev-infancia\/wp-content\/uploads\/2022\/06\/3_IMG_0390-241x300.jpg\" alt=\"\" width=\"269\" height=\"335\" srcset=\"https:\/\/web3.cl\/dev-infancia\/wp-content\/uploads\/2022\/06\/3_IMG_0390-241x300.jpg 241w, https:\/\/web3.cl\/dev-infancia\/wp-content\/uploads\/2022\/06\/3_IMG_0390-824x1024.jpg 824w, https:\/\/web3.cl\/dev-infancia\/wp-content\/uploads\/2022\/06\/3_IMG_0390-768x954.jpg 768w, https:\/\/web3.cl\/dev-infancia\/wp-content\/uploads\/2022\/06\/3_IMG_0390.jpg 869w\" sizes=\"auto, (max-width: 269px) 100vw, 269px\" \/>\u00a0 <img loading=\"lazy\" decoding=\"async\" class=\"alignnone wp-image-478\" src=\"https:\/\/web3.cl\/dev-infancia\/wp-content\/uploads\/2022\/06\/4_IMG_0391-300x200.jpg\" alt=\"\" width=\"461\" height=\"307\" srcset=\"https:\/\/web3.cl\/dev-infancia\/wp-content\/uploads\/2022\/06\/4_IMG_0391-300x200.jpg 300w, https:\/\/web3.cl\/dev-infancia\/wp-content\/uploads\/2022\/06\/4_IMG_0391-1024x683.jpg 1024w, https:\/\/web3.cl\/dev-infancia\/wp-content\/uploads\/2022\/06\/4_IMG_0391-768x512.jpg 768w, https:\/\/web3.cl\/dev-infancia\/wp-content\/uploads\/2022\/06\/4_IMG_0391.jpg 1080w\" sizes=\"auto, (max-width: 461px) 100vw, 461px\" \/><\/p>\n","protected":false},"excerpt":{"rendered":"<p>Un nuevo reconocimiento al trabajo realizado por la comunidad educativa de la Sala Cuna Marcela Paz, en t\u00e9rminos de sustentabilidad&#8230;<\/p>\n","protected":false},"author":1,"featured_media":0,"comment_status":"open","ping_status":"open","sticky":false,"template":"","format":"standard","meta":{"inline_featured_image":false,"footnotes":""},"categories":[1],"tags":[],"class_list":["post-473","post","type-post","status-publish","format-standard","hentry","category-sin-categoria"],"acf":[],"yoast_head":"<!-- This site is optimized with the Yoast SEO plugin v26.9 - https:\/\/yoast.com\/product\/yoast-seo-wordpress\/ -->\n<title>SALA CUNA MARCELA PAZ OBTIENE CERTIFICACI\u00d3N AMBIENTAL, NIVEL MEDIO. - Infancia<\/title>\n<meta name=\"robots\" content=\"index, follow, max-snippet:-1, max-image-preview:large, max-video-preview:-1\" \/>\n<link rel=\"canonical\" href=\"https:\/\/web3.cl\/dev-infancia\/sala-cuna-marcela-paz-obtiene-certificacion-ambiental-nivel-medio\/\" \/>\n<meta property=\"og:locale\" content=\"es_ES\" \/>\n<meta property=\"og:type\" content=\"article\" \/>\n<meta property=\"og:title\" content=\"SALA CUNA MARCELA PAZ OBTIENE CERTIFICACI\u00d3N AMBIENTAL, NIVEL MEDIO. - Infancia\" \/>\n<meta property=\"og:description\" content=\"Un nuevo reconocimiento al trabajo realizado por la comunidad educativa de la Sala Cuna Marcela Paz, en t\u00e9rminos de sustentabilidad...\" \/>\n<meta property=\"og:url\" content=\"https:\/\/web3.cl\/dev-infancia\/sala-cuna-marcela-paz-obtiene-certificacion-ambiental-nivel-medio\/\" \/>\n<meta property=\"og:site_name\" content=\"Infancia\" \/>\n<meta property=\"article:published_time\" content=\"2022-03-10T14:56:44+00:00\" \/>\n<meta property=\"article:modified_time\" content=\"2022-06-22T15:33:15+00:00\" \/>\n<meta property=\"og:image\" content=\"https:\/\/web3.cl\/dev-infancia\/wp-content\/uploads\/2022\/06\/2_IMG_0386-rotated-1-200x300.jpg\" \/>\n<meta name=\"author\" content=\"naitus\" \/>\n<meta name=\"twitter:card\" content=\"summary_large_image\" \/>\n<meta name=\"twitter:label1\" content=\"Escrito por\" \/>\n\t<meta name=\"twitter:data1\" content=\"naitus\" \/>\n\t<meta name=\"twitter:label2\" content=\"Tiempo estimado de lectura\" \/>\n\t<meta name=\"twitter:data2\" content=\"2 minutos\" \/>\n<script type=\"application\/ld+json\" class=\"yoast-schema-graph\">{\"@context\":\"https:\/\/schema.org\",\"@graph\":[{\"@type\":\"Article\",\"@id\":\"https:\/\/web3.cl\/dev-infancia\/sala-cuna-marcela-paz-obtiene-certificacion-ambiental-nivel-medio\/#article\",\"isPartOf\":{\"@id\":\"https:\/\/web3.cl\/dev-infancia\/sala-cuna-marcela-paz-obtiene-certificacion-ambiental-nivel-medio\/\"},\"author\":{\"name\":\"naitus\",\"@id\":\"https:\/\/web3.cl\/dev-infancia\/#\/schema\/person\/cfc69e69dbb20c8536fadb51155042d8\"},\"headline\":\"SALA CUNA MARCELA PAZ OBTIENE CERTIFICACI\u00d3N AMBIENTAL, NIVEL MEDIO.\",\"datePublished\":\"2022-03-10T14:56:44+00:00\",\"dateModified\":\"2022-06-22T15:33:15+00:00\",\"mainEntityOfPage\":{\"@id\":\"https:\/\/web3.cl\/dev-infancia\/sala-cuna-marcela-paz-obtiene-certificacion-ambiental-nivel-medio\/\"},\"wordCount\":348,\"commentCount\":0,\"image\":{\"@id\":\"https:\/\/web3.cl\/dev-infancia\/sala-cuna-marcela-paz-obtiene-certificacion-ambiental-nivel-medio\/#primaryimage\"},\"thumbnailUrl\":\"https:\/\/web3.cl\/dev-infancia\/wp-content\/uploads\/2022\/06\/2_IMG_0386-rotated-1-200x300.jpg\",\"inLanguage\":\"es-CL\",\"potentialAction\":[{\"@type\":\"CommentAction\",\"name\":\"Comment\",\"target\":[\"https:\/\/web3.cl\/dev-infancia\/sala-cuna-marcela-paz-obtiene-certificacion-ambiental-nivel-medio\/#respond\"]}]},{\"@type\":\"WebPage\",\"@id\":\"https:\/\/web3.cl\/dev-infancia\/sala-cuna-marcela-paz-obtiene-certificacion-ambiental-nivel-medio\/\",\"url\":\"https:\/\/web3.cl\/dev-infancia\/sala-cuna-marcela-paz-obtiene-certificacion-ambiental-nivel-medio\/\",\"name\":\"SALA CUNA MARCELA PAZ OBTIENE CERTIFICACI\u00d3N AMBIENTAL, NIVEL MEDIO. - Infancia\",\"isPartOf\":{\"@id\":\"https:\/\/web3.cl\/dev-infancia\/#website\"},\"primaryImageOfPage\":{\"@id\":\"https:\/\/web3.cl\/dev-infancia\/sala-cuna-marcela-paz-obtiene-certificacion-ambiental-nivel-medio\/#primaryimage\"},\"image\":{\"@id\":\"https:\/\/web3.cl\/dev-infancia\/sala-cuna-marcela-paz-obtiene-certificacion-ambiental-nivel-medio\/#primaryimage\"},\"thumbnailUrl\":\"https:\/\/web3.cl\/dev-infancia\/wp-content\/uploads\/2022\/06\/2_IMG_0386-rotated-1-200x300.jpg\",\"datePublished\":\"2022-03-10T14:56:44+00:00\",\"dateModified\":\"2022-06-22T15:33:15+00:00\",\"author\":{\"@id\":\"https:\/\/web3.cl\/dev-infancia\/#\/schema\/person\/cfc69e69dbb20c8536fadb51155042d8\"},\"breadcrumb\":{\"@id\":\"https:\/\/web3.cl\/dev-infancia\/sala-cuna-marcela-paz-obtiene-certificacion-ambiental-nivel-medio\/#breadcrumb\"},\"inLanguage\":\"es-CL\",\"potentialAction\":[{\"@type\":\"ReadAction\",\"target\":[\"https:\/\/web3.cl\/dev-infancia\/sala-cuna-marcela-paz-obtiene-certificacion-ambiental-nivel-medio\/\"]}]},{\"@type\":\"ImageObject\",\"inLanguage\":\"es-CL\",\"@id\":\"https:\/\/web3.cl\/dev-infancia\/sala-cuna-marcela-paz-obtiene-certificacion-ambiental-nivel-medio\/#primaryimage\",\"url\":\"https:\/\/web3.cl\/dev-infancia\/wp-content\/uploads\/2022\/06\/2_IMG_0386-rotated-1.jpg\",\"contentUrl\":\"https:\/\/web3.cl\/dev-infancia\/wp-content\/uploads\/2022\/06\/2_IMG_0386-rotated-1.jpg\",\"width\":720,\"height\":1080},{\"@type\":\"BreadcrumbList\",\"@id\":\"https:\/\/web3.cl\/dev-infancia\/sala-cuna-marcela-paz-obtiene-certificacion-ambiental-nivel-medio\/#breadcrumb\",\"itemListElement\":[{\"@type\":\"ListItem\",\"position\":1,\"name\":\"Portada\",\"item\":\"https:\/\/web3.cl\/dev-infancia\/\"},{\"@type\":\"ListItem\",\"position\":2,\"name\":\"SALA CUNA MARCELA PAZ OBTIENE CERTIFICACI\u00d3N AMBIENTAL, NIVEL MEDIO.\"}]},{\"@type\":\"WebSite\",\"@id\":\"https:\/\/web3.cl\/dev-infancia\/#website\",\"url\":\"https:\/\/web3.cl\/dev-infancia\/\",\"name\":\"Infancia\",\"description\":\"Corporaci\u00f3n para la infancia de Santiago\",\"potentialAction\":[{\"@type\":\"SearchAction\",\"target\":{\"@type\":\"EntryPoint\",\"urlTemplate\":\"https:\/\/web3.cl\/dev-infancia\/?s={search_term_string}\"},\"query-input\":{\"@type\":\"PropertyValueSpecification\",\"valueRequired\":true,\"valueName\":\"search_term_string\"}}],\"inLanguage\":\"es-CL\"},{\"@type\":\"Person\",\"@id\":\"https:\/\/web3.cl\/dev-infancia\/#\/schema\/person\/cfc69e69dbb20c8536fadb51155042d8\",\"name\":\"naitus\",\"image\":{\"@type\":\"ImageObject\",\"inLanguage\":\"es-CL\",\"@id\":\"https:\/\/web3.cl\/dev-infancia\/#\/schema\/person\/image\/\",\"url\":\"https:\/\/secure.gravatar.com\/avatar\/d9d7d5af93146cf2cd9622f1b59d6c7df4310fe5833ecfd923eccfc3e2b5d19f?s=96&d=mm&r=g\",\"contentUrl\":\"https:\/\/secure.gravatar.com\/avatar\/d9d7d5af93146cf2cd9622f1b59d6c7df4310fe5833ecfd923eccfc3e2b5d19f?s=96&d=mm&r=g\",\"caption\":\"naitus\"},\"sameAs\":[\"https:\/\/web3.cl\/dev-infancia\"],\"url\":\"https:\/\/web3.cl\/dev-infancia\/author\/naitus\/\"}]}<\/script>\n<!-- \/ Yoast SEO plugin. -->","yoast_head_json":{"title":"SALA CUNA MARCELA PAZ OBTIENE CERTIFICACI\u00d3N AMBIENTAL, NIVEL MEDIO. - Infancia","robots":{"index":"index","follow":"follow","max-snippet":"max-snippet:-1","max-image-preview":"max-image-preview:large","max-video-preview":"max-video-preview:-1"},"canonical":"https:\/\/web3.cl\/dev-infancia\/sala-cuna-marcela-paz-obtiene-certificacion-ambiental-nivel-medio\/","og_locale":"es_ES","og_type":"article","og_title":"SALA CUNA MARCELA PAZ OBTIENE CERTIFICACI\u00d3N AMBIENTAL, NIVEL MEDIO. - Infancia","og_description":"Un nuevo reconocimiento al trabajo realizado por la comunidad educativa de la Sala Cuna Marcela Paz, en t\u00e9rminos de sustentabilidad...","og_url":"https:\/\/web3.cl\/dev-infancia\/sala-cuna-marcela-paz-obtiene-certificacion-ambiental-nivel-medio\/","og_site_name":"Infancia","article_published_time":"2022-03-10T14:56:44+00:00","article_modified_time":"2022-06-22T15:33:15+00:00","og_image":[{"url":"https:\/\/web3.cl\/dev-infancia\/wp-content\/uploads\/2022\/06\/2_IMG_0386-rotated-1-200x300.jpg","type":"","width":"","height":""}],"author":"naitus","twitter_card":"summary_large_image","twitter_misc":{"Escrito por":"naitus","Tiempo estimado de lectura":"2 minutos"},"schema":{"@context":"https:\/\/schema.org","@graph":[{"@type":"Article","@id":"https:\/\/web3.cl\/dev-infancia\/sala-cuna-marcela-paz-obtiene-certificacion-ambiental-nivel-medio\/#article","isPartOf":{"@id":"https:\/\/web3.cl\/dev-infancia\/sala-cuna-marcela-paz-obtiene-certificacion-ambiental-nivel-medio\/"},"author":{"name":"naitus","@id":"https:\/\/web3.cl\/dev-infancia\/#\/schema\/person\/cfc69e69dbb20c8536fadb51155042d8"},"headline":"SALA CUNA MARCELA PAZ OBTIENE CERTIFICACI\u00d3N AMBIENTAL, NIVEL MEDIO.","datePublished":"2022-03-10T14:56:44+00:00","dateModified":"2022-06-22T15:33:15+00:00","mainEntityOfPage":{"@id":"https:\/\/web3.cl\/dev-infancia\/sala-cuna-marcela-paz-obtiene-certificacion-ambiental-nivel-medio\/"},"wordCount":348,"commentCount":0,"image":{"@id":"https:\/\/web3.cl\/dev-infancia\/sala-cuna-marcela-paz-obtiene-certificacion-ambiental-nivel-medio\/#primaryimage"},"thumbnailUrl":"https:\/\/web3.cl\/dev-infancia\/wp-content\/uploads\/2022\/06\/2_IMG_0386-rotated-1-200x300.jpg","inLanguage":"es-CL","potentialAction":[{"@type":"CommentAction","name":"Comment","target":["https:\/\/web3.cl\/dev-infancia\/sala-cuna-marcela-paz-obtiene-certificacion-ambiental-nivel-medio\/#respond"]}]},{"@type":"WebPage","@id":"https:\/\/web3.cl\/dev-infancia\/sala-cuna-marcela-paz-obtiene-certificacion-ambiental-nivel-medio\/","url":"https:\/\/web3.cl\/dev-infancia\/sala-cuna-marcela-paz-obtiene-certificacion-ambiental-nivel-medio\/","name":"SALA CUNA MARCELA PAZ OBTIENE CERTIFICACI\u00d3N AMBIENTAL, NIVEL MEDIO. - Infancia","isPartOf":{"@id":"https:\/\/web3.cl\/dev-infancia\/#website"},"primaryImageOfPage":{"@id":"https:\/\/web3.cl\/dev-infancia\/sala-cuna-marcela-paz-obtiene-certificacion-ambiental-nivel-medio\/#primaryimage"},"image":{"@id":"https:\/\/web3.cl\/dev-infancia\/sala-cuna-marcela-paz-obtiene-certificacion-ambiental-nivel-medio\/#primaryimage"},"thumbnailUrl":"https:\/\/web3.cl\/dev-infancia\/wp-content\/uploads\/2022\/06\/2_IMG_0386-rotated-1-200x300.jpg","datePublished":"2022-03-10T14:56:44+00:00","dateModified":"2022-06-22T15:33:15+00:00","author":{"@id":"https:\/\/web3.cl\/dev-infancia\/#\/schema\/person\/cfc69e69dbb20c8536fadb51155042d8"},"breadcrumb":{"@id":"https:\/\/web3.cl\/dev-infancia\/sala-cuna-marcela-paz-obtiene-certificacion-ambiental-nivel-medio\/#breadcrumb"},"inLanguage":"es-CL","potentialAction":[{"@type":"ReadAction","target":["https:\/\/web3.cl\/dev-infancia\/sala-cuna-marcela-paz-obtiene-certificacion-ambiental-nivel-medio\/"]}]},{"@type":"ImageObject","inLanguage":"es-CL","@id":"https:\/\/web3.cl\/dev-infancia\/sala-cuna-marcela-paz-obtiene-certificacion-ambiental-nivel-medio\/#primaryimage","url":"https:\/\/web3.cl\/dev-infancia\/wp-content\/uploads\/2022\/06\/2_IMG_0386-rotated-1.jpg","contentUrl":"https:\/\/web3.cl\/dev-infancia\/wp-content\/uploads\/2022\/06\/2_IMG_0386-rotated-1.jpg","width":720,"height":1080},{"@type":"BreadcrumbList","@id":"https:\/\/web3.cl\/dev-infancia\/sala-cuna-marcela-paz-obtiene-certificacion-ambiental-nivel-medio\/#breadcrumb","itemListElement":[{"@type":"ListItem","position":1,"name":"Portada","item":"https:\/\/web3.cl\/dev-infancia\/"},{"@type":"ListItem","position":2,"name":"SALA CUNA MARCELA PAZ OBTIENE CERTIFICACI\u00d3N AMBIENTAL, NIVEL MEDIO."}]},{"@type":"WebSite","@id":"https:\/\/web3.cl\/dev-infancia\/#website","url":"https:\/\/web3.cl\/dev-infancia\/","name":"Infancia","description":"Corporaci\u00f3n para la infancia de Santiago","potentialAction":[{"@type":"SearchAction","target":{"@type":"EntryPoint","urlTemplate":"https:\/\/web3.cl\/dev-infancia\/?s={search_term_string}"},"query-input":{"@type":"PropertyValueSpecification","valueRequired":true,"valueName":"search_term_string"}}],"inLanguage":"es-CL"},{"@type":"Person","@id":"https:\/\/web3.cl\/dev-infancia\/#\/schema\/person\/cfc69e69dbb20c8536fadb51155042d8","name":"naitus","image":{"@type":"ImageObject","inLanguage":"es-CL","@id":"https:\/\/web3.cl\/dev-infancia\/#\/schema\/person\/image\/","url":"https:\/\/secure.gravatar.com\/avatar\/d9d7d5af93146cf2cd9622f1b59d6c7df4310fe5833ecfd923eccfc3e2b5d19f?s=96&d=mm&r=g","contentUrl":"https:\/\/secure.gravatar.com\/avatar\/d9d7d5af93146cf2cd9622f1b59d6c7df4310fe5833ecfd923eccfc3e2b5d19f?s=96&d=mm&r=g","caption":"naitus"},"sameAs":["https:\/\/web3.cl\/dev-infancia"],"url":"https:\/\/web3.cl\/dev-infancia\/author\/naitus\/"}]}},"_links":{"self":[{"href":"https:\/\/web3.cl\/dev-infancia\/wp-json\/wp\/v2\/posts\/473","targetHints":{"allow":["GET"]}}],"collection":[{"href":"https:\/\/web3.cl\/dev-infancia\/wp-json\/wp\/v2\/posts"}],"about":[{"href":"https:\/\/web3.cl\/dev-infancia\/wp-json\/wp\/v2\/types\/post"}],"author":[{"embeddable":true,"href":"https:\/\/web3.cl\/dev-infancia\/wp-json\/wp\/v2\/users\/1"}],"replies":[{"embeddable":true,"href":"https:\/\/web3.cl\/dev-infancia\/wp-json\/wp\/v2\/comments?post=473"}],"version-history":[{"count":2,"href":"https:\/\/web3.cl\/dev-infancia\/wp-json\/wp\/v2\/posts\/473\/revisions"}],"predecessor-version":[{"id":1061,"href":"https:\/\/web3.cl\/dev-infancia\/wp-json\/wp\/v2\/posts\/473\/revisions\/1061"}],"wp:attachment":[{"href":"https:\/\/web3.cl\/dev-infancia\/wp-json\/wp\/v2\/media?parent=473"}],"wp:term":[{"taxonomy":"category","embeddable":true,"href":"https:\/\/web3.cl\/dev-infancia\/wp-json\/wp\/v2\/categories?post=473"},{"taxonomy":"post_tag","embeddable":true,"href":"https:\/\/web3.cl\/dev-infancia\/wp-json\/wp\/v2\/tags?post=473"}],"curies":[{"name":"wp","href":"https:\/\/api.w.org\/{rel}","templated":true}]}}