{"id":460,"date":"2022-04-01T11:55:42","date_gmt":"2022-04-01T14:55:42","guid":{"rendered":"https:\/\/web3.cl\/dev-infancia\/?p=460"},"modified":"2022-06-22T12:32:52","modified_gmt":"2022-06-22T15:32:52","slug":"i-jornada-interna-de-directoras-de-jardines-infantiles-y-salas-cunas","status":"publish","type":"post","link":"https:\/\/web3.cl\/dev-infancia\/i-jornada-interna-de-directoras-de-jardines-infantiles-y-salas-cunas\/","title":{"rendered":"I JORNADA INTERNA DE DIRECTORAS DE JARDINES INFANTILES Y SALAS CUNAS"},"content":{"rendered":"<p>&nbsp;<\/p>\n<p>En torno al tema \u201c<em>Liderazgo y el rol de las Directoras<\/em>\u201d, se realiz\u00f3 la primera jornada de encuentro entre Directoras de Jardines Infantiles y Salas Cunas administrados por la Corporaci\u00f3n para la Infancia de Santiago. En la oportunidad la Directora Ejecutiva de la corporaci\u00f3n, junto con saludar y darles una cordial bienvenida, gener\u00f3 el contexto propicio para la realizaci\u00f3n de la jornada y puntualiz\u00f3 cu\u00e1les ser\u00e1n los \u00e9nfasis de la gesti\u00f3n para este a\u00f1o. Adem\u00e1s coment\u00f3 \u201c<em>sabemos que nos toc\u00f3 vivir un per\u00edodo complejo de confinamiento, que si a los adultos y adultas nos afect\u00f3 emocionalmente, con mayor raz\u00f3n a los ni\u00f1os y ni\u00f1as; por ello, es muy necesario reunirnos a reflexionar sobre los que nos pasa a cada una en nuestro rol directivo de manera que podamos guiar con liderazgo y cari\u00f1o cada uno de los centros educativos, poniendo especial atenci\u00f3n en las personas que les dan vida con su trabajo y por sobre todo generando espacios amorosos al servicio del aprendizaje y cuidado de los ni\u00f1os y ni\u00f1as<\/em>\u201d. El Museo de la Educaci\u00f3n Gabriela Mistral, fue el espacio que acogi\u00f3 en sus hist\u00f3ricas aulas al equipo, para realizar la jornada que cont\u00f3 con las exposiciones de la subdirectora de la corporaci\u00f3n, el jefe de administraci\u00f3n y finanzas, la encargada de rendiciones, la prevencionista de riesgo y la jefa de gesti\u00f3n de personas. Adem\u00e1s de una grata experiencia de reconocimiento y auto percepci\u00f3n corporal guiada por una consultora experta.<\/p>\n<p><img loading=\"lazy\" decoding=\"async\" class=\"alignnone size-medium wp-image-462\" src=\"https:\/\/web3.cl\/dev-infancia\/wp-content\/uploads\/2022\/06\/DSC_0010-300x201.jpg\" alt=\"\" width=\"300\" height=\"201\" srcset=\"https:\/\/web3.cl\/dev-infancia\/wp-content\/uploads\/2022\/06\/DSC_0010-300x201.jpg 300w, https:\/\/web3.cl\/dev-infancia\/wp-content\/uploads\/2022\/06\/DSC_0010.jpg 500w\" sizes=\"auto, (max-width: 300px) 100vw, 300px\" \/>\u00a0 <img loading=\"lazy\" decoding=\"async\" class=\"alignnone size-medium wp-image-463\" src=\"https:\/\/web3.cl\/dev-infancia\/wp-content\/uploads\/2022\/06\/DSC_0017-300x201.jpg\" alt=\"\" width=\"300\" height=\"201\" srcset=\"https:\/\/web3.cl\/dev-infancia\/wp-content\/uploads\/2022\/06\/DSC_0017-300x201.jpg 300w, https:\/\/web3.cl\/dev-infancia\/wp-content\/uploads\/2022\/06\/DSC_0017.jpg 500w\" sizes=\"auto, (max-width: 300px) 100vw, 300px\" \/> <img loading=\"lazy\" decoding=\"async\" class=\"alignnone size-medium wp-image-464\" src=\"https:\/\/web3.cl\/dev-infancia\/wp-content\/uploads\/2022\/06\/DSC_0025-300x201.jpg\" alt=\"\" width=\"300\" height=\"201\" srcset=\"https:\/\/web3.cl\/dev-infancia\/wp-content\/uploads\/2022\/06\/DSC_0025-300x201.jpg 300w, https:\/\/web3.cl\/dev-infancia\/wp-content\/uploads\/2022\/06\/DSC_0025.jpg 500w\" sizes=\"auto, (max-width: 300px) 100vw, 300px\" \/><\/p>\n<p><img loading=\"lazy\" decoding=\"async\" class=\"alignnone size-medium wp-image-465\" src=\"https:\/\/web3.cl\/dev-infancia\/wp-content\/uploads\/2022\/06\/DSC_0037-300x201.jpg\" alt=\"\" width=\"300\" height=\"201\" srcset=\"https:\/\/web3.cl\/dev-infancia\/wp-content\/uploads\/2022\/06\/DSC_0037-300x201.jpg 300w, https:\/\/web3.cl\/dev-infancia\/wp-content\/uploads\/2022\/06\/DSC_0037.jpg 500w\" sizes=\"auto, (max-width: 300px) 100vw, 300px\" \/> <img loading=\"lazy\" decoding=\"async\" class=\"alignnone size-medium wp-image-466\" src=\"https:\/\/web3.cl\/dev-infancia\/wp-content\/uploads\/2022\/06\/DSC_0058-300x201.jpg\" alt=\"\" width=\"300\" height=\"201\" srcset=\"https:\/\/web3.cl\/dev-infancia\/wp-content\/uploads\/2022\/06\/DSC_0058-300x201.jpg 300w, https:\/\/web3.cl\/dev-infancia\/wp-content\/uploads\/2022\/06\/DSC_0058.jpg 500w\" sizes=\"auto, (max-width: 300px) 100vw, 300px\" \/> <img loading=\"lazy\" decoding=\"async\" class=\"alignnone size-medium wp-image-467\" src=\"https:\/\/web3.cl\/dev-infancia\/wp-content\/uploads\/2022\/06\/DSC_0070-300x201.jpg\" alt=\"\" width=\"300\" height=\"201\" srcset=\"https:\/\/web3.cl\/dev-infancia\/wp-content\/uploads\/2022\/06\/DSC_0070-300x201.jpg 300w, https:\/\/web3.cl\/dev-infancia\/wp-content\/uploads\/2022\/06\/DSC_0070.jpg 500w\" sizes=\"auto, (max-width: 300px) 100vw, 300px\" \/><\/p>\n<p><img loading=\"lazy\" decoding=\"async\" class=\"alignnone wp-image-468\" src=\"https:\/\/web3.cl\/dev-infancia\/wp-content\/uploads\/2022\/06\/DSC_0096-300x201.jpg\" alt=\"\" width=\"442\" height=\"296\" srcset=\"https:\/\/web3.cl\/dev-infancia\/wp-content\/uploads\/2022\/06\/DSC_0096-300x201.jpg 300w, https:\/\/web3.cl\/dev-infancia\/wp-content\/uploads\/2022\/06\/DSC_0096.jpg 500w\" sizes=\"auto, (max-width: 442px) 100vw, 442px\" \/>\u00a0 <img loading=\"lazy\" decoding=\"async\" class=\"alignnone wp-image-470\" src=\"https:\/\/web3.cl\/dev-infancia\/wp-content\/uploads\/2022\/06\/DSC_0132-1-300x201.jpg\" alt=\"\" width=\"441\" height=\"295\" srcset=\"https:\/\/web3.cl\/dev-infancia\/wp-content\/uploads\/2022\/06\/DSC_0132-1-300x201.jpg 300w, https:\/\/web3.cl\/dev-infancia\/wp-content\/uploads\/2022\/06\/DSC_0132-1.jpg 500w\" sizes=\"auto, (max-width: 441px) 100vw, 441px\" \/><\/p>\n","protected":false},"excerpt":{"rendered":"<p>En torno al tema \u201cLiderazgo y el rol de las Directoras\u201d, se realiz\u00f3 la primera jornada de encuentro entre Directoras&#8230;<\/p>\n","protected":false},"author":1,"featured_media":0,"comment_status":"open","ping_status":"open","sticky":false,"template":"","format":"standard","meta":{"inline_featured_image":false,"footnotes":""},"categories":[1],"tags":[],"class_list":["post-460","post","type-post","status-publish","format-standard","hentry","category-sin-categoria"],"acf":[],"yoast_head":"<!-- This site is optimized with the Yoast SEO plugin v26.9 - https:\/\/yoast.com\/product\/yoast-seo-wordpress\/ -->\n<title>I JORNADA INTERNA DE DIRECTORAS DE JARDINES INFANTILES Y SALAS CUNAS - Infancia<\/title>\n<meta name=\"robots\" content=\"index, follow, max-snippet:-1, max-image-preview:large, max-video-preview:-1\" \/>\n<link rel=\"canonical\" href=\"https:\/\/web3.cl\/dev-infancia\/i-jornada-interna-de-directoras-de-jardines-infantiles-y-salas-cunas\/\" \/>\n<meta property=\"og:locale\" content=\"es_ES\" \/>\n<meta property=\"og:type\" content=\"article\" \/>\n<meta property=\"og:title\" content=\"I JORNADA INTERNA DE DIRECTORAS DE JARDINES INFANTILES Y SALAS CUNAS - Infancia\" \/>\n<meta property=\"og:description\" content=\"En torno al tema \u201cLiderazgo y el rol de las Directoras\u201d, se realiz\u00f3 la primera jornada de encuentro entre Directoras...\" \/>\n<meta property=\"og:url\" content=\"https:\/\/web3.cl\/dev-infancia\/i-jornada-interna-de-directoras-de-jardines-infantiles-y-salas-cunas\/\" \/>\n<meta property=\"og:site_name\" content=\"Infancia\" \/>\n<meta property=\"article:published_time\" content=\"2022-04-01T14:55:42+00:00\" \/>\n<meta property=\"article:modified_time\" content=\"2022-06-22T15:32:52+00:00\" \/>\n<meta property=\"og:image\" content=\"https:\/\/web3.cl\/dev-infancia\/wp-content\/uploads\/2022\/06\/DSC_0010-300x201.jpg\" \/>\n<meta name=\"author\" content=\"naitus\" \/>\n<meta name=\"twitter:card\" content=\"summary_large_image\" \/>\n<meta name=\"twitter:label1\" content=\"Escrito por\" \/>\n\t<meta name=\"twitter:data1\" content=\"naitus\" \/>\n\t<meta name=\"twitter:label2\" content=\"Tiempo estimado de lectura\" \/>\n\t<meta name=\"twitter:data2\" content=\"1 minuto\" \/>\n<script type=\"application\/ld+json\" class=\"yoast-schema-graph\">{\"@context\":\"https:\/\/schema.org\",\"@graph\":[{\"@type\":\"Article\",\"@id\":\"https:\/\/web3.cl\/dev-infancia\/i-jornada-interna-de-directoras-de-jardines-infantiles-y-salas-cunas\/#article\",\"isPartOf\":{\"@id\":\"https:\/\/web3.cl\/dev-infancia\/i-jornada-interna-de-directoras-de-jardines-infantiles-y-salas-cunas\/\"},\"author\":{\"name\":\"naitus\",\"@id\":\"https:\/\/web3.cl\/dev-infancia\/#\/schema\/person\/cfc69e69dbb20c8536fadb51155042d8\"},\"headline\":\"I JORNADA INTERNA DE DIRECTORAS DE JARDINES INFANTILES Y SALAS CUNAS\",\"datePublished\":\"2022-04-01T14:55:42+00:00\",\"dateModified\":\"2022-06-22T15:32:52+00:00\",\"mainEntityOfPage\":{\"@id\":\"https:\/\/web3.cl\/dev-infancia\/i-jornada-interna-de-directoras-de-jardines-infantiles-y-salas-cunas\/\"},\"wordCount\":275,\"commentCount\":0,\"image\":{\"@id\":\"https:\/\/web3.cl\/dev-infancia\/i-jornada-interna-de-directoras-de-jardines-infantiles-y-salas-cunas\/#primaryimage\"},\"thumbnailUrl\":\"https:\/\/web3.cl\/dev-infancia\/wp-content\/uploads\/2022\/06\/DSC_0010-300x201.jpg\",\"inLanguage\":\"es-CL\",\"potentialAction\":[{\"@type\":\"CommentAction\",\"name\":\"Comment\",\"target\":[\"https:\/\/web3.cl\/dev-infancia\/i-jornada-interna-de-directoras-de-jardines-infantiles-y-salas-cunas\/#respond\"]}]},{\"@type\":\"WebPage\",\"@id\":\"https:\/\/web3.cl\/dev-infancia\/i-jornada-interna-de-directoras-de-jardines-infantiles-y-salas-cunas\/\",\"url\":\"https:\/\/web3.cl\/dev-infancia\/i-jornada-interna-de-directoras-de-jardines-infantiles-y-salas-cunas\/\",\"name\":\"I JORNADA INTERNA DE DIRECTORAS DE JARDINES INFANTILES Y SALAS CUNAS - Infancia\",\"isPartOf\":{\"@id\":\"https:\/\/web3.cl\/dev-infancia\/#website\"},\"primaryImageOfPage\":{\"@id\":\"https:\/\/web3.cl\/dev-infancia\/i-jornada-interna-de-directoras-de-jardines-infantiles-y-salas-cunas\/#primaryimage\"},\"image\":{\"@id\":\"https:\/\/web3.cl\/dev-infancia\/i-jornada-interna-de-directoras-de-jardines-infantiles-y-salas-cunas\/#primaryimage\"},\"thumbnailUrl\":\"https:\/\/web3.cl\/dev-infancia\/wp-content\/uploads\/2022\/06\/DSC_0010-300x201.jpg\",\"datePublished\":\"2022-04-01T14:55:42+00:00\",\"dateModified\":\"2022-06-22T15:32:52+00:00\",\"author\":{\"@id\":\"https:\/\/web3.cl\/dev-infancia\/#\/schema\/person\/cfc69e69dbb20c8536fadb51155042d8\"},\"breadcrumb\":{\"@id\":\"https:\/\/web3.cl\/dev-infancia\/i-jornada-interna-de-directoras-de-jardines-infantiles-y-salas-cunas\/#breadcrumb\"},\"inLanguage\":\"es-CL\",\"potentialAction\":[{\"@type\":\"ReadAction\",\"target\":[\"https:\/\/web3.cl\/dev-infancia\/i-jornada-interna-de-directoras-de-jardines-infantiles-y-salas-cunas\/\"]}]},{\"@type\":\"ImageObject\",\"inLanguage\":\"es-CL\",\"@id\":\"https:\/\/web3.cl\/dev-infancia\/i-jornada-interna-de-directoras-de-jardines-infantiles-y-salas-cunas\/#primaryimage\",\"url\":\"https:\/\/web3.cl\/dev-infancia\/wp-content\/uploads\/2022\/06\/DSC_0010.jpg\",\"contentUrl\":\"https:\/\/web3.cl\/dev-infancia\/wp-content\/uploads\/2022\/06\/DSC_0010.jpg\",\"width\":500,\"height\":335},{\"@type\":\"BreadcrumbList\",\"@id\":\"https:\/\/web3.cl\/dev-infancia\/i-jornada-interna-de-directoras-de-jardines-infantiles-y-salas-cunas\/#breadcrumb\",\"itemListElement\":[{\"@type\":\"ListItem\",\"position\":1,\"name\":\"Portada\",\"item\":\"https:\/\/web3.cl\/dev-infancia\/\"},{\"@type\":\"ListItem\",\"position\":2,\"name\":\"I JORNADA INTERNA DE DIRECTORAS DE JARDINES INFANTILES Y SALAS CUNAS\"}]},{\"@type\":\"WebSite\",\"@id\":\"https:\/\/web3.cl\/dev-infancia\/#website\",\"url\":\"https:\/\/web3.cl\/dev-infancia\/\",\"name\":\"Infancia\",\"description\":\"Corporaci\u00f3n para la infancia de Santiago\",\"potentialAction\":[{\"@type\":\"SearchAction\",\"target\":{\"@type\":\"EntryPoint\",\"urlTemplate\":\"https:\/\/web3.cl\/dev-infancia\/?s={search_term_string}\"},\"query-input\":{\"@type\":\"PropertyValueSpecification\",\"valueRequired\":true,\"valueName\":\"search_term_string\"}}],\"inLanguage\":\"es-CL\"},{\"@type\":\"Person\",\"@id\":\"https:\/\/web3.cl\/dev-infancia\/#\/schema\/person\/cfc69e69dbb20c8536fadb51155042d8\",\"name\":\"naitus\",\"image\":{\"@type\":\"ImageObject\",\"inLanguage\":\"es-CL\",\"@id\":\"https:\/\/web3.cl\/dev-infancia\/#\/schema\/person\/image\/\",\"url\":\"https:\/\/secure.gravatar.com\/avatar\/d9d7d5af93146cf2cd9622f1b59d6c7df4310fe5833ecfd923eccfc3e2b5d19f?s=96&d=mm&r=g\",\"contentUrl\":\"https:\/\/secure.gravatar.com\/avatar\/d9d7d5af93146cf2cd9622f1b59d6c7df4310fe5833ecfd923eccfc3e2b5d19f?s=96&d=mm&r=g\",\"caption\":\"naitus\"},\"sameAs\":[\"https:\/\/web3.cl\/dev-infancia\"],\"url\":\"https:\/\/web3.cl\/dev-infancia\/author\/naitus\/\"}]}<\/script>\n<!-- \/ Yoast SEO plugin. -->","yoast_head_json":{"title":"I JORNADA INTERNA DE DIRECTORAS DE JARDINES INFANTILES Y SALAS CUNAS - Infancia","robots":{"index":"index","follow":"follow","max-snippet":"max-snippet:-1","max-image-preview":"max-image-preview:large","max-video-preview":"max-video-preview:-1"},"canonical":"https:\/\/web3.cl\/dev-infancia\/i-jornada-interna-de-directoras-de-jardines-infantiles-y-salas-cunas\/","og_locale":"es_ES","og_type":"article","og_title":"I JORNADA INTERNA DE DIRECTORAS DE JARDINES INFANTILES Y SALAS CUNAS - Infancia","og_description":"En torno al tema \u201cLiderazgo y el rol de las Directoras\u201d, se realiz\u00f3 la primera jornada de encuentro entre Directoras...","og_url":"https:\/\/web3.cl\/dev-infancia\/i-jornada-interna-de-directoras-de-jardines-infantiles-y-salas-cunas\/","og_site_name":"Infancia","article_published_time":"2022-04-01T14:55:42+00:00","article_modified_time":"2022-06-22T15:32:52+00:00","og_image":[{"url":"https:\/\/web3.cl\/dev-infancia\/wp-content\/uploads\/2022\/06\/DSC_0010-300x201.jpg","type":"","width":"","height":""}],"author":"naitus","twitter_card":"summary_large_image","twitter_misc":{"Escrito por":"naitus","Tiempo estimado de lectura":"1 minuto"},"schema":{"@context":"https:\/\/schema.org","@graph":[{"@type":"Article","@id":"https:\/\/web3.cl\/dev-infancia\/i-jornada-interna-de-directoras-de-jardines-infantiles-y-salas-cunas\/#article","isPartOf":{"@id":"https:\/\/web3.cl\/dev-infancia\/i-jornada-interna-de-directoras-de-jardines-infantiles-y-salas-cunas\/"},"author":{"name":"naitus","@id":"https:\/\/web3.cl\/dev-infancia\/#\/schema\/person\/cfc69e69dbb20c8536fadb51155042d8"},"headline":"I JORNADA INTERNA DE DIRECTORAS DE JARDINES INFANTILES Y SALAS CUNAS","datePublished":"2022-04-01T14:55:42+00:00","dateModified":"2022-06-22T15:32:52+00:00","mainEntityOfPage":{"@id":"https:\/\/web3.cl\/dev-infancia\/i-jornada-interna-de-directoras-de-jardines-infantiles-y-salas-cunas\/"},"wordCount":275,"commentCount":0,"image":{"@id":"https:\/\/web3.cl\/dev-infancia\/i-jornada-interna-de-directoras-de-jardines-infantiles-y-salas-cunas\/#primaryimage"},"thumbnailUrl":"https:\/\/web3.cl\/dev-infancia\/wp-content\/uploads\/2022\/06\/DSC_0010-300x201.jpg","inLanguage":"es-CL","potentialAction":[{"@type":"CommentAction","name":"Comment","target":["https:\/\/web3.cl\/dev-infancia\/i-jornada-interna-de-directoras-de-jardines-infantiles-y-salas-cunas\/#respond"]}]},{"@type":"WebPage","@id":"https:\/\/web3.cl\/dev-infancia\/i-jornada-interna-de-directoras-de-jardines-infantiles-y-salas-cunas\/","url":"https:\/\/web3.cl\/dev-infancia\/i-jornada-interna-de-directoras-de-jardines-infantiles-y-salas-cunas\/","name":"I JORNADA INTERNA DE DIRECTORAS DE JARDINES INFANTILES Y SALAS CUNAS - Infancia","isPartOf":{"@id":"https:\/\/web3.cl\/dev-infancia\/#website"},"primaryImageOfPage":{"@id":"https:\/\/web3.cl\/dev-infancia\/i-jornada-interna-de-directoras-de-jardines-infantiles-y-salas-cunas\/#primaryimage"},"image":{"@id":"https:\/\/web3.cl\/dev-infancia\/i-jornada-interna-de-directoras-de-jardines-infantiles-y-salas-cunas\/#primaryimage"},"thumbnailUrl":"https:\/\/web3.cl\/dev-infancia\/wp-content\/uploads\/2022\/06\/DSC_0010-300x201.jpg","datePublished":"2022-04-01T14:55:42+00:00","dateModified":"2022-06-22T15:32:52+00:00","author":{"@id":"https:\/\/web3.cl\/dev-infancia\/#\/schema\/person\/cfc69e69dbb20c8536fadb51155042d8"},"breadcrumb":{"@id":"https:\/\/web3.cl\/dev-infancia\/i-jornada-interna-de-directoras-de-jardines-infantiles-y-salas-cunas\/#breadcrumb"},"inLanguage":"es-CL","potentialAction":[{"@type":"ReadAction","target":["https:\/\/web3.cl\/dev-infancia\/i-jornada-interna-de-directoras-de-jardines-infantiles-y-salas-cunas\/"]}]},{"@type":"ImageObject","inLanguage":"es-CL","@id":"https:\/\/web3.cl\/dev-infancia\/i-jornada-interna-de-directoras-de-jardines-infantiles-y-salas-cunas\/#primaryimage","url":"https:\/\/web3.cl\/dev-infancia\/wp-content\/uploads\/2022\/06\/DSC_0010.jpg","contentUrl":"https:\/\/web3.cl\/dev-infancia\/wp-content\/uploads\/2022\/06\/DSC_0010.jpg","width":500,"height":335},{"@type":"BreadcrumbList","@id":"https:\/\/web3.cl\/dev-infancia\/i-jornada-interna-de-directoras-de-jardines-infantiles-y-salas-cunas\/#breadcrumb","itemListElement":[{"@type":"ListItem","position":1,"name":"Portada","item":"https:\/\/web3.cl\/dev-infancia\/"},{"@type":"ListItem","position":2,"name":"I JORNADA INTERNA DE DIRECTORAS DE JARDINES INFANTILES Y SALAS CUNAS"}]},{"@type":"WebSite","@id":"https:\/\/web3.cl\/dev-infancia\/#website","url":"https:\/\/web3.cl\/dev-infancia\/","name":"Infancia","description":"Corporaci\u00f3n para la infancia de Santiago","potentialAction":[{"@type":"SearchAction","target":{"@type":"EntryPoint","urlTemplate":"https:\/\/web3.cl\/dev-infancia\/?s={search_term_string}"},"query-input":{"@type":"PropertyValueSpecification","valueRequired":true,"valueName":"search_term_string"}}],"inLanguage":"es-CL"},{"@type":"Person","@id":"https:\/\/web3.cl\/dev-infancia\/#\/schema\/person\/cfc69e69dbb20c8536fadb51155042d8","name":"naitus","image":{"@type":"ImageObject","inLanguage":"es-CL","@id":"https:\/\/web3.cl\/dev-infancia\/#\/schema\/person\/image\/","url":"https:\/\/secure.gravatar.com\/avatar\/d9d7d5af93146cf2cd9622f1b59d6c7df4310fe5833ecfd923eccfc3e2b5d19f?s=96&d=mm&r=g","contentUrl":"https:\/\/secure.gravatar.com\/avatar\/d9d7d5af93146cf2cd9622f1b59d6c7df4310fe5833ecfd923eccfc3e2b5d19f?s=96&d=mm&r=g","caption":"naitus"},"sameAs":["https:\/\/web3.cl\/dev-infancia"],"url":"https:\/\/web3.cl\/dev-infancia\/author\/naitus\/"}]}},"_links":{"self":[{"href":"https:\/\/web3.cl\/dev-infancia\/wp-json\/wp\/v2\/posts\/460","targetHints":{"allow":["GET"]}}],"collection":[{"href":"https:\/\/web3.cl\/dev-infancia\/wp-json\/wp\/v2\/posts"}],"about":[{"href":"https:\/\/web3.cl\/dev-infancia\/wp-json\/wp\/v2\/types\/post"}],"author":[{"embeddable":true,"href":"https:\/\/web3.cl\/dev-infancia\/wp-json\/wp\/v2\/users\/1"}],"replies":[{"embeddable":true,"href":"https:\/\/web3.cl\/dev-infancia\/wp-json\/wp\/v2\/comments?post=460"}],"version-history":[{"count":3,"href":"https:\/\/web3.cl\/dev-infancia\/wp-json\/wp\/v2\/posts\/460\/revisions"}],"predecessor-version":[{"id":1060,"href":"https:\/\/web3.cl\/dev-infancia\/wp-json\/wp\/v2\/posts\/460\/revisions\/1060"}],"wp:attachment":[{"href":"https:\/\/web3.cl\/dev-infancia\/wp-json\/wp\/v2\/media?parent=460"}],"wp:term":[{"taxonomy":"category","embeddable":true,"href":"https:\/\/web3.cl\/dev-infancia\/wp-json\/wp\/v2\/categories?post=460"},{"taxonomy":"post_tag","embeddable":true,"href":"https:\/\/web3.cl\/dev-infancia\/wp-json\/wp\/v2\/tags?post=460"}],"curies":[{"name":"wp","href":"https:\/\/api.w.org\/{rel}","templated":true}]}}