{"id":447,"date":"2022-04-11T11:48:36","date_gmt":"2022-04-11T14:48:36","guid":{"rendered":"https:\/\/web3.cl\/dev-infancia\/?p=447"},"modified":"2022-06-22T12:32:24","modified_gmt":"2022-06-22T15:32:24","slug":"inauguracion-jardin-infantil-maria-victoria-peralta-4","status":"publish","type":"post","link":"https:\/\/web3.cl\/dev-infancia\/inauguracion-jardin-infantil-maria-victoria-peralta-4\/","title":{"rendered":"INAUGURACI\u00d3N JARD\u00cdN INFANTIL MAR\u00cdA VICTORIA PERALTA"},"content":{"rendered":"<p>&nbsp;<\/p>\n<p>Con la presencia de la Subsecretaria de Educaci\u00f3n Parvularia, Mar\u00eda Isabel D\u00edaz; la Alcaldesa de Santiago, Irac\u00ed Hassler Jacob; el Jefe Divisi\u00f3n Municipalidades, Subsecretar\u00eda de Desarrollo Regional y Administrativo, Francisco Pinochet; la Coordinadora Provincial Centro de JUNJI; la Directora Ejecutiva de la Corporaci\u00f3n para la Infancia de Santiago, Liliana Barrera Ulloa y la Dra. Mar\u00eda Victoria Peralta; se inaugur\u00f3 esta ma\u00f1ana el Jard\u00edn Infantil \u201cMar\u00eda Victoria Peralta\u201d, ubicado en calle Ventura Lavalle 490, Santiago.<\/p>\n<p>El proyecto fue financiado por el Programa de Revitalizaci\u00f3n de Barrios e Infraestructura Patrimonial Emblem\u00e1tica (PRBIPE) de la Ilustre Municipalidad de Santiago patrocinado por la SUBDERE, iniciativa que posibilita la adquisici\u00f3n y remodelaci\u00f3n de estas dependencias para la creaci\u00f3n de un nuevo Jard\u00edn Infantil administrado por la Corporaci\u00f3n para la Infancia de Santiago, buscando dar respuesta a la demanda de matr\u00edcula existente en la Comuna.<\/p>\n<p>Las instalaciones fueron intervenidas bajo la normativa establecida en el Decreto 315 para la Certificaci\u00f3n y futura obtenci\u00f3n del Reconocimiento Oficial del Estado.<\/p>\n<p>El presupuesto implico una inversi\u00f3n de $244.501.119, inicio de las obras en junio de 2021 terminando las obras en enero de 2022.<\/p>\n<p>La ceremonia tambi\u00e9n cont\u00f3 con la presencia de Concejales y Concejalas; as\u00ed como Directores de \u00c1rea de la Municipalidad de Santiago y el Directorio y jefas de \u00e1rea de la Corporaci\u00f3n para la Infancia de Santiago; representantes de las familias, ni\u00f1os y ni\u00f1as y la comunidad educativa.<\/p>\n<p>Este nuevo Jard\u00edn Infantil, llevar\u00e1 nombre el nombre de Mar\u00eda Victoria Peralta Espinosa, primera mujer educadora de p\u00e1rvulos en ganar el Premio Nacional de Ciencias de la Educaci\u00f3n en 2019, en reconocimiento de su destacada trayectoria.<\/p>\n<p>En palabras de la Alcadesa Irac\u00ed Hassler: \u201c<em>Este reconocimiento en vida nos resulta tremendamente importante, ya que son mujeres como Mar\u00eda Victoria quienes han abierto las puertas de la historia para todas nosotras. Y es un reconocimiento a\u00fan m\u00e1s simb\u00f3lico porque se trata de un nuevo jard\u00edn que hace carne el sentido de su trayectoria\u201d.<\/em><\/p>\n<p>Respecto de la importancia de la inauguraci\u00f3n de un nuevo Jard\u00edn Infantil, la Subsecretaria de Educaci\u00f3n Parvularia, indic\u00f3 que \u201c<em>la educaci\u00f3n parvularia p\u00fablica es fundamental. Es importante seguir fortaleci\u00e9ndola, mejorando las condiciones pedag\u00f3gicas y ampliando su cobertura. Nuestra meta como Subsecretar\u00eda de Educaci\u00f3n Parvularia es ampliar la matr\u00edcula para ofrecer m\u00e1s educaci\u00f3n parvularia p\u00fablica de calidad a todos los ni\u00f1os y ni\u00f1as de Chile porque sabemos que es un nivel formativo fundamental para su desarrollo<\/em>\u00ab. \u00ab<em>Este aumento de cobertura debe ir acompa\u00f1ado de calidad integral, para fortalecer las oportunidades de aprendizajes para ni\u00f1os y ni\u00f1as, y justicia educativa, para dotar de un piso com\u00fan para el desarrollo y fortalecimiento de las instituciones<\/em>\u201d<\/p>\n<p>Por su parte, la Directora Ejecutiva de la Corporaci\u00f3n para la Infancia de Santiago, puntualiz\u00f3 que \u201cn<em>uestra mirada hacia la primera infancia es siempre desde la plena convicci\u00f3n que los ni\u00f1os y ni\u00f1as son sujetos de derechos, que meren las mismas oportunidades de desarrollo emocional, psicol\u00f3gicos y social, es por ello que nuestros equipos en el d\u00eda a d\u00eda relevan la importancia de tener espacios respetuosos, con aprendizajes significativos basados en la oportunidad y la pertinencia<\/em>\u201d.<\/p>\n<p>La Dra. Mar\u00eda Victoria Peralta Espinosa, recibi\u00f3 como un honor este reconocimiento y quiso expresar su sentir, aludiendo a unas palabras pronunciadas por la Premio Nobel de Literatura, Gabriela Mistral, en Fort\u00edn de la Flores M\u00e9xico: \u201c<em>M\u00e1ndenme ustedes, pr\u00edncipes y maestras, en aquello en que pueda servirles: no quiero ser patrona sino ayudadora; h\u00e1ganlo para que mi nombre merezca estar en este portal y l\u00edguenme as\u00ed a vuestro pueblo de Fort\u00edn, a fin de que \u00e9l sea, desde hoy, parte m\u00eda tambi\u00e9n, y no s\u00f3lo d\u00e1diva, sino dulce obligaci\u00f3n<\/em>\u201d.<\/p>\n<p>Esta acci\u00f3n de nombrar el Jard\u00edn como Mar\u00eda Victoria Peralta, tiene significado muy especial para la Corporaci\u00f3n para la Infancia de Santiago, porque adem\u00e1s de inaugurar formalmente un nuevo centro de educaci\u00f3n parvularia, se trata de un homenaje en vida a una mujer que creci\u00f3 en las calles de la comuna, que ha dedicado la mayor parte de su vida a la educaci\u00f3n parvularia y ha elevado su quehacer profesional, al sitial m\u00e1s alto.<\/p>\n<p><img loading=\"lazy\" decoding=\"async\" class=\"alignnone size-medium wp-image-450\" src=\"https:\/\/web3.cl\/dev-infancia\/wp-content\/uploads\/2022\/06\/IMG_0409-300x200.jpg\" alt=\"\" width=\"300\" height=\"200\" srcset=\"https:\/\/web3.cl\/dev-infancia\/wp-content\/uploads\/2022\/06\/IMG_0409-300x200.jpg 300w, https:\/\/web3.cl\/dev-infancia\/wp-content\/uploads\/2022\/06\/IMG_0409.jpg 500w\" sizes=\"auto, (max-width: 300px) 100vw, 300px\" \/>\u00a0 \u00a0 <img loading=\"lazy\" decoding=\"async\" class=\"alignnone size-medium wp-image-451\" src=\"https:\/\/web3.cl\/dev-infancia\/wp-content\/uploads\/2022\/06\/IMG_0414-300x200.jpg\" alt=\"\" width=\"300\" height=\"200\" srcset=\"https:\/\/web3.cl\/dev-infancia\/wp-content\/uploads\/2022\/06\/IMG_0414-300x200.jpg 300w, https:\/\/web3.cl\/dev-infancia\/wp-content\/uploads\/2022\/06\/IMG_0414.jpg 500w\" sizes=\"auto, (max-width: 300px) 100vw, 300px\" \/>\u00a0 <img loading=\"lazy\" decoding=\"async\" class=\"alignnone size-medium wp-image-452\" src=\"https:\/\/web3.cl\/dev-infancia\/wp-content\/uploads\/2022\/06\/IMG_0437-300x200.jpg\" alt=\"\" width=\"300\" height=\"200\" srcset=\"https:\/\/web3.cl\/dev-infancia\/wp-content\/uploads\/2022\/06\/IMG_0437-300x200.jpg 300w, https:\/\/web3.cl\/dev-infancia\/wp-content\/uploads\/2022\/06\/IMG_0437.jpg 500w\" sizes=\"auto, (max-width: 300px) 100vw, 300px\" \/><\/p>\n<p><img loading=\"lazy\" decoding=\"async\" class=\"alignnone size-medium wp-image-453\" src=\"https:\/\/web3.cl\/dev-infancia\/wp-content\/uploads\/2022\/06\/IMG_0446-300x200.jpg\" alt=\"\" width=\"300\" height=\"200\" srcset=\"https:\/\/web3.cl\/dev-infancia\/wp-content\/uploads\/2022\/06\/IMG_0446-300x200.jpg 300w, https:\/\/web3.cl\/dev-infancia\/wp-content\/uploads\/2022\/06\/IMG_0446.jpg 500w\" sizes=\"auto, (max-width: 300px) 100vw, 300px\" \/>\u00a0 <img loading=\"lazy\" decoding=\"async\" class=\"alignnone size-medium wp-image-454\" src=\"https:\/\/web3.cl\/dev-infancia\/wp-content\/uploads\/2022\/06\/IMG_0453-300x200.jpg\" alt=\"\" width=\"300\" height=\"200\" srcset=\"https:\/\/web3.cl\/dev-infancia\/wp-content\/uploads\/2022\/06\/IMG_0453-300x200.jpg 300w, https:\/\/web3.cl\/dev-infancia\/wp-content\/uploads\/2022\/06\/IMG_0453.jpg 500w\" sizes=\"auto, (max-width: 300px) 100vw, 300px\" \/>\u00a0 <img loading=\"lazy\" decoding=\"async\" class=\"alignnone size-medium wp-image-455\" src=\"https:\/\/web3.cl\/dev-infancia\/wp-content\/uploads\/2022\/06\/IMG_0466-300x200.jpg\" alt=\"\" width=\"300\" height=\"200\" srcset=\"https:\/\/web3.cl\/dev-infancia\/wp-content\/uploads\/2022\/06\/IMG_0466-300x200.jpg 300w, https:\/\/web3.cl\/dev-infancia\/wp-content\/uploads\/2022\/06\/IMG_0466.jpg 500w\" sizes=\"auto, (max-width: 300px) 100vw, 300px\" \/><\/p>\n<p><img loading=\"lazy\" decoding=\"async\" class=\"alignnone size-medium wp-image-456\" src=\"https:\/\/web3.cl\/dev-infancia\/wp-content\/uploads\/2022\/06\/IMG_0487-300x200.jpg\" alt=\"\" width=\"300\" height=\"200\" srcset=\"https:\/\/web3.cl\/dev-infancia\/wp-content\/uploads\/2022\/06\/IMG_0487-300x200.jpg 300w, https:\/\/web3.cl\/dev-infancia\/wp-content\/uploads\/2022\/06\/IMG_0487.jpg 500w\" sizes=\"auto, (max-width: 300px) 100vw, 300px\" \/> <img loading=\"lazy\" decoding=\"async\" class=\"alignnone size-medium wp-image-457\" src=\"https:\/\/web3.cl\/dev-infancia\/wp-content\/uploads\/2022\/06\/IMG_0494-300x200.jpg\" alt=\"\" width=\"300\" height=\"200\" srcset=\"https:\/\/web3.cl\/dev-infancia\/wp-content\/uploads\/2022\/06\/IMG_0494-300x200.jpg 300w, https:\/\/web3.cl\/dev-infancia\/wp-content\/uploads\/2022\/06\/IMG_0494.jpg 500w\" sizes=\"auto, (max-width: 300px) 100vw, 300px\" \/> <img loading=\"lazy\" decoding=\"async\" class=\"alignnone size-medium wp-image-458\" src=\"https:\/\/web3.cl\/dev-infancia\/wp-content\/uploads\/2022\/06\/IMG_0527-300x200.jpg\" alt=\"\" width=\"300\" height=\"200\" srcset=\"https:\/\/web3.cl\/dev-infancia\/wp-content\/uploads\/2022\/06\/IMG_0527-300x200.jpg 300w, https:\/\/web3.cl\/dev-infancia\/wp-content\/uploads\/2022\/06\/IMG_0527.jpg 500w\" sizes=\"auto, (max-width: 300px) 100vw, 300px\" \/><\/p>\n<p style=\"text-align: center;\">Im\u00e1genes inauguraci\u00f3n Jard\u00edn Infantil Mar\u00eda Victoria Peralta<\/p>\n","protected":false},"excerpt":{"rendered":"<p>Con la presencia de la Subsecretaria de Educaci\u00f3n Parvularia, Mar\u00eda Isabel D\u00edaz; la Alcaldesa de Santiago, Irac\u00ed Hassler Jacob; el&#8230;<\/p>\n","protected":false},"author":1,"featured_media":0,"comment_status":"open","ping_status":"open","sticky":false,"template":"","format":"standard","meta":{"inline_featured_image":false,"footnotes":""},"categories":[1],"tags":[],"class_list":["post-447","post","type-post","status-publish","format-standard","hentry","category-sin-categoria"],"acf":[],"yoast_head":"<!-- This site is optimized with the Yoast SEO plugin v26.9 - https:\/\/yoast.com\/product\/yoast-seo-wordpress\/ -->\n<title>INAUGURACI\u00d3N JARD\u00cdN INFANTIL MAR\u00cdA VICTORIA PERALTA - Infancia<\/title>\n<meta name=\"robots\" content=\"index, follow, max-snippet:-1, max-image-preview:large, max-video-preview:-1\" \/>\n<link rel=\"canonical\" href=\"https:\/\/web3.cl\/dev-infancia\/inauguracion-jardin-infantil-maria-victoria-peralta-4\/\" \/>\n<meta property=\"og:locale\" content=\"es_ES\" \/>\n<meta property=\"og:type\" content=\"article\" \/>\n<meta property=\"og:title\" content=\"INAUGURACI\u00d3N JARD\u00cdN INFANTIL MAR\u00cdA VICTORIA PERALTA - Infancia\" \/>\n<meta property=\"og:description\" content=\"Con la presencia de la Subsecretaria de Educaci\u00f3n Parvularia, Mar\u00eda Isabel D\u00edaz; la Alcaldesa de Santiago, Irac\u00ed Hassler Jacob; el...\" \/>\n<meta property=\"og:url\" content=\"https:\/\/web3.cl\/dev-infancia\/inauguracion-jardin-infantil-maria-victoria-peralta-4\/\" \/>\n<meta property=\"og:site_name\" content=\"Infancia\" \/>\n<meta property=\"article:published_time\" content=\"2022-04-11T14:48:36+00:00\" \/>\n<meta property=\"article:modified_time\" content=\"2022-06-22T15:32:24+00:00\" \/>\n<meta property=\"og:image\" content=\"https:\/\/web3.cl\/dev-infancia\/wp-content\/uploads\/2022\/06\/IMG_0409-300x200.jpg\" \/>\n<meta name=\"author\" content=\"naitus\" \/>\n<meta name=\"twitter:card\" content=\"summary_large_image\" \/>\n<meta name=\"twitter:label1\" content=\"Escrito por\" \/>\n\t<meta name=\"twitter:data1\" content=\"naitus\" \/>\n\t<meta name=\"twitter:label2\" content=\"Tiempo estimado de lectura\" \/>\n\t<meta name=\"twitter:data2\" content=\"4 minutos\" \/>\n<script type=\"application\/ld+json\" class=\"yoast-schema-graph\">{\"@context\":\"https:\/\/schema.org\",\"@graph\":[{\"@type\":\"Article\",\"@id\":\"https:\/\/web3.cl\/dev-infancia\/inauguracion-jardin-infantil-maria-victoria-peralta-4\/#article\",\"isPartOf\":{\"@id\":\"https:\/\/web3.cl\/dev-infancia\/inauguracion-jardin-infantil-maria-victoria-peralta-4\/\"},\"author\":{\"name\":\"naitus\",\"@id\":\"https:\/\/web3.cl\/dev-infancia\/#\/schema\/person\/cfc69e69dbb20c8536fadb51155042d8\"},\"headline\":\"INAUGURACI\u00d3N JARD\u00cdN INFANTIL MAR\u00cdA VICTORIA PERALTA\",\"datePublished\":\"2022-04-11T14:48:36+00:00\",\"dateModified\":\"2022-06-22T15:32:24+00:00\",\"mainEntityOfPage\":{\"@id\":\"https:\/\/web3.cl\/dev-infancia\/inauguracion-jardin-infantil-maria-victoria-peralta-4\/\"},\"wordCount\":769,\"commentCount\":0,\"image\":{\"@id\":\"https:\/\/web3.cl\/dev-infancia\/inauguracion-jardin-infantil-maria-victoria-peralta-4\/#primaryimage\"},\"thumbnailUrl\":\"https:\/\/web3.cl\/dev-infancia\/wp-content\/uploads\/2022\/06\/IMG_0409-300x200.jpg\",\"inLanguage\":\"es-CL\",\"potentialAction\":[{\"@type\":\"CommentAction\",\"name\":\"Comment\",\"target\":[\"https:\/\/web3.cl\/dev-infancia\/inauguracion-jardin-infantil-maria-victoria-peralta-4\/#respond\"]}]},{\"@type\":\"WebPage\",\"@id\":\"https:\/\/web3.cl\/dev-infancia\/inauguracion-jardin-infantil-maria-victoria-peralta-4\/\",\"url\":\"https:\/\/web3.cl\/dev-infancia\/inauguracion-jardin-infantil-maria-victoria-peralta-4\/\",\"name\":\"INAUGURACI\u00d3N JARD\u00cdN INFANTIL MAR\u00cdA VICTORIA PERALTA - Infancia\",\"isPartOf\":{\"@id\":\"https:\/\/web3.cl\/dev-infancia\/#website\"},\"primaryImageOfPage\":{\"@id\":\"https:\/\/web3.cl\/dev-infancia\/inauguracion-jardin-infantil-maria-victoria-peralta-4\/#primaryimage\"},\"image\":{\"@id\":\"https:\/\/web3.cl\/dev-infancia\/inauguracion-jardin-infantil-maria-victoria-peralta-4\/#primaryimage\"},\"thumbnailUrl\":\"https:\/\/web3.cl\/dev-infancia\/wp-content\/uploads\/2022\/06\/IMG_0409-300x200.jpg\",\"datePublished\":\"2022-04-11T14:48:36+00:00\",\"dateModified\":\"2022-06-22T15:32:24+00:00\",\"author\":{\"@id\":\"https:\/\/web3.cl\/dev-infancia\/#\/schema\/person\/cfc69e69dbb20c8536fadb51155042d8\"},\"breadcrumb\":{\"@id\":\"https:\/\/web3.cl\/dev-infancia\/inauguracion-jardin-infantil-maria-victoria-peralta-4\/#breadcrumb\"},\"inLanguage\":\"es-CL\",\"potentialAction\":[{\"@type\":\"ReadAction\",\"target\":[\"https:\/\/web3.cl\/dev-infancia\/inauguracion-jardin-infantil-maria-victoria-peralta-4\/\"]}]},{\"@type\":\"ImageObject\",\"inLanguage\":\"es-CL\",\"@id\":\"https:\/\/web3.cl\/dev-infancia\/inauguracion-jardin-infantil-maria-victoria-peralta-4\/#primaryimage\",\"url\":\"https:\/\/web3.cl\/dev-infancia\/wp-content\/uploads\/2022\/06\/IMG_0409.jpg\",\"contentUrl\":\"https:\/\/web3.cl\/dev-infancia\/wp-content\/uploads\/2022\/06\/IMG_0409.jpg\",\"width\":500,\"height\":333},{\"@type\":\"BreadcrumbList\",\"@id\":\"https:\/\/web3.cl\/dev-infancia\/inauguracion-jardin-infantil-maria-victoria-peralta-4\/#breadcrumb\",\"itemListElement\":[{\"@type\":\"ListItem\",\"position\":1,\"name\":\"Portada\",\"item\":\"https:\/\/web3.cl\/dev-infancia\/\"},{\"@type\":\"ListItem\",\"position\":2,\"name\":\"INAUGURACI\u00d3N JARD\u00cdN INFANTIL MAR\u00cdA VICTORIA PERALTA\"}]},{\"@type\":\"WebSite\",\"@id\":\"https:\/\/web3.cl\/dev-infancia\/#website\",\"url\":\"https:\/\/web3.cl\/dev-infancia\/\",\"name\":\"Infancia\",\"description\":\"Corporaci\u00f3n para la infancia de Santiago\",\"potentialAction\":[{\"@type\":\"SearchAction\",\"target\":{\"@type\":\"EntryPoint\",\"urlTemplate\":\"https:\/\/web3.cl\/dev-infancia\/?s={search_term_string}\"},\"query-input\":{\"@type\":\"PropertyValueSpecification\",\"valueRequired\":true,\"valueName\":\"search_term_string\"}}],\"inLanguage\":\"es-CL\"},{\"@type\":\"Person\",\"@id\":\"https:\/\/web3.cl\/dev-infancia\/#\/schema\/person\/cfc69e69dbb20c8536fadb51155042d8\",\"name\":\"naitus\",\"image\":{\"@type\":\"ImageObject\",\"inLanguage\":\"es-CL\",\"@id\":\"https:\/\/web3.cl\/dev-infancia\/#\/schema\/person\/image\/\",\"url\":\"https:\/\/secure.gravatar.com\/avatar\/d9d7d5af93146cf2cd9622f1b59d6c7df4310fe5833ecfd923eccfc3e2b5d19f?s=96&d=mm&r=g\",\"contentUrl\":\"https:\/\/secure.gravatar.com\/avatar\/d9d7d5af93146cf2cd9622f1b59d6c7df4310fe5833ecfd923eccfc3e2b5d19f?s=96&d=mm&r=g\",\"caption\":\"naitus\"},\"sameAs\":[\"https:\/\/web3.cl\/dev-infancia\"],\"url\":\"https:\/\/web3.cl\/dev-infancia\/author\/naitus\/\"}]}<\/script>\n<!-- \/ Yoast SEO plugin. -->","yoast_head_json":{"title":"INAUGURACI\u00d3N JARD\u00cdN INFANTIL MAR\u00cdA VICTORIA PERALTA - Infancia","robots":{"index":"index","follow":"follow","max-snippet":"max-snippet:-1","max-image-preview":"max-image-preview:large","max-video-preview":"max-video-preview:-1"},"canonical":"https:\/\/web3.cl\/dev-infancia\/inauguracion-jardin-infantil-maria-victoria-peralta-4\/","og_locale":"es_ES","og_type":"article","og_title":"INAUGURACI\u00d3N JARD\u00cdN INFANTIL MAR\u00cdA VICTORIA PERALTA - Infancia","og_description":"Con la presencia de la Subsecretaria de Educaci\u00f3n Parvularia, Mar\u00eda Isabel D\u00edaz; la Alcaldesa de Santiago, Irac\u00ed Hassler Jacob; el...","og_url":"https:\/\/web3.cl\/dev-infancia\/inauguracion-jardin-infantil-maria-victoria-peralta-4\/","og_site_name":"Infancia","article_published_time":"2022-04-11T14:48:36+00:00","article_modified_time":"2022-06-22T15:32:24+00:00","og_image":[{"url":"https:\/\/web3.cl\/dev-infancia\/wp-content\/uploads\/2022\/06\/IMG_0409-300x200.jpg","type":"","width":"","height":""}],"author":"naitus","twitter_card":"summary_large_image","twitter_misc":{"Escrito por":"naitus","Tiempo estimado de lectura":"4 minutos"},"schema":{"@context":"https:\/\/schema.org","@graph":[{"@type":"Article","@id":"https:\/\/web3.cl\/dev-infancia\/inauguracion-jardin-infantil-maria-victoria-peralta-4\/#article","isPartOf":{"@id":"https:\/\/web3.cl\/dev-infancia\/inauguracion-jardin-infantil-maria-victoria-peralta-4\/"},"author":{"name":"naitus","@id":"https:\/\/web3.cl\/dev-infancia\/#\/schema\/person\/cfc69e69dbb20c8536fadb51155042d8"},"headline":"INAUGURACI\u00d3N JARD\u00cdN INFANTIL MAR\u00cdA VICTORIA PERALTA","datePublished":"2022-04-11T14:48:36+00:00","dateModified":"2022-06-22T15:32:24+00:00","mainEntityOfPage":{"@id":"https:\/\/web3.cl\/dev-infancia\/inauguracion-jardin-infantil-maria-victoria-peralta-4\/"},"wordCount":769,"commentCount":0,"image":{"@id":"https:\/\/web3.cl\/dev-infancia\/inauguracion-jardin-infantil-maria-victoria-peralta-4\/#primaryimage"},"thumbnailUrl":"https:\/\/web3.cl\/dev-infancia\/wp-content\/uploads\/2022\/06\/IMG_0409-300x200.jpg","inLanguage":"es-CL","potentialAction":[{"@type":"CommentAction","name":"Comment","target":["https:\/\/web3.cl\/dev-infancia\/inauguracion-jardin-infantil-maria-victoria-peralta-4\/#respond"]}]},{"@type":"WebPage","@id":"https:\/\/web3.cl\/dev-infancia\/inauguracion-jardin-infantil-maria-victoria-peralta-4\/","url":"https:\/\/web3.cl\/dev-infancia\/inauguracion-jardin-infantil-maria-victoria-peralta-4\/","name":"INAUGURACI\u00d3N JARD\u00cdN INFANTIL MAR\u00cdA VICTORIA PERALTA - Infancia","isPartOf":{"@id":"https:\/\/web3.cl\/dev-infancia\/#website"},"primaryImageOfPage":{"@id":"https:\/\/web3.cl\/dev-infancia\/inauguracion-jardin-infantil-maria-victoria-peralta-4\/#primaryimage"},"image":{"@id":"https:\/\/web3.cl\/dev-infancia\/inauguracion-jardin-infantil-maria-victoria-peralta-4\/#primaryimage"},"thumbnailUrl":"https:\/\/web3.cl\/dev-infancia\/wp-content\/uploads\/2022\/06\/IMG_0409-300x200.jpg","datePublished":"2022-04-11T14:48:36+00:00","dateModified":"2022-06-22T15:32:24+00:00","author":{"@id":"https:\/\/web3.cl\/dev-infancia\/#\/schema\/person\/cfc69e69dbb20c8536fadb51155042d8"},"breadcrumb":{"@id":"https:\/\/web3.cl\/dev-infancia\/inauguracion-jardin-infantil-maria-victoria-peralta-4\/#breadcrumb"},"inLanguage":"es-CL","potentialAction":[{"@type":"ReadAction","target":["https:\/\/web3.cl\/dev-infancia\/inauguracion-jardin-infantil-maria-victoria-peralta-4\/"]}]},{"@type":"ImageObject","inLanguage":"es-CL","@id":"https:\/\/web3.cl\/dev-infancia\/inauguracion-jardin-infantil-maria-victoria-peralta-4\/#primaryimage","url":"https:\/\/web3.cl\/dev-infancia\/wp-content\/uploads\/2022\/06\/IMG_0409.jpg","contentUrl":"https:\/\/web3.cl\/dev-infancia\/wp-content\/uploads\/2022\/06\/IMG_0409.jpg","width":500,"height":333},{"@type":"BreadcrumbList","@id":"https:\/\/web3.cl\/dev-infancia\/inauguracion-jardin-infantil-maria-victoria-peralta-4\/#breadcrumb","itemListElement":[{"@type":"ListItem","position":1,"name":"Portada","item":"https:\/\/web3.cl\/dev-infancia\/"},{"@type":"ListItem","position":2,"name":"INAUGURACI\u00d3N JARD\u00cdN INFANTIL MAR\u00cdA VICTORIA PERALTA"}]},{"@type":"WebSite","@id":"https:\/\/web3.cl\/dev-infancia\/#website","url":"https:\/\/web3.cl\/dev-infancia\/","name":"Infancia","description":"Corporaci\u00f3n para la infancia de Santiago","potentialAction":[{"@type":"SearchAction","target":{"@type":"EntryPoint","urlTemplate":"https:\/\/web3.cl\/dev-infancia\/?s={search_term_string}"},"query-input":{"@type":"PropertyValueSpecification","valueRequired":true,"valueName":"search_term_string"}}],"inLanguage":"es-CL"},{"@type":"Person","@id":"https:\/\/web3.cl\/dev-infancia\/#\/schema\/person\/cfc69e69dbb20c8536fadb51155042d8","name":"naitus","image":{"@type":"ImageObject","inLanguage":"es-CL","@id":"https:\/\/web3.cl\/dev-infancia\/#\/schema\/person\/image\/","url":"https:\/\/secure.gravatar.com\/avatar\/d9d7d5af93146cf2cd9622f1b59d6c7df4310fe5833ecfd923eccfc3e2b5d19f?s=96&d=mm&r=g","contentUrl":"https:\/\/secure.gravatar.com\/avatar\/d9d7d5af93146cf2cd9622f1b59d6c7df4310fe5833ecfd923eccfc3e2b5d19f?s=96&d=mm&r=g","caption":"naitus"},"sameAs":["https:\/\/web3.cl\/dev-infancia"],"url":"https:\/\/web3.cl\/dev-infancia\/author\/naitus\/"}]}},"_links":{"self":[{"href":"https:\/\/web3.cl\/dev-infancia\/wp-json\/wp\/v2\/posts\/447","targetHints":{"allow":["GET"]}}],"collection":[{"href":"https:\/\/web3.cl\/dev-infancia\/wp-json\/wp\/v2\/posts"}],"about":[{"href":"https:\/\/web3.cl\/dev-infancia\/wp-json\/wp\/v2\/types\/post"}],"author":[{"embeddable":true,"href":"https:\/\/web3.cl\/dev-infancia\/wp-json\/wp\/v2\/users\/1"}],"replies":[{"embeddable":true,"href":"https:\/\/web3.cl\/dev-infancia\/wp-json\/wp\/v2\/comments?post=447"}],"version-history":[{"count":2,"href":"https:\/\/web3.cl\/dev-infancia\/wp-json\/wp\/v2\/posts\/447\/revisions"}],"predecessor-version":[{"id":1059,"href":"https:\/\/web3.cl\/dev-infancia\/wp-json\/wp\/v2\/posts\/447\/revisions\/1059"}],"wp:attachment":[{"href":"https:\/\/web3.cl\/dev-infancia\/wp-json\/wp\/v2\/media?parent=447"}],"wp:term":[{"taxonomy":"category","embeddable":true,"href":"https:\/\/web3.cl\/dev-infancia\/wp-json\/wp\/v2\/categories?post=447"},{"taxonomy":"post_tag","embeddable":true,"href":"https:\/\/web3.cl\/dev-infancia\/wp-json\/wp\/v2\/tags?post=447"}],"curies":[{"name":"wp","href":"https:\/\/api.w.org\/{rel}","templated":true}]}}