{"id":439,"date":"2022-06-09T11:38:05","date_gmt":"2022-06-09T14:38:05","guid":{"rendered":"https:\/\/web3.cl\/dev-infancia\/?p=439"},"modified":"2022-06-20T11:39:13","modified_gmt":"2022-06-20T14:39:13","slug":"ii-jornada-directoras-de-jardines","status":"publish","type":"post","link":"https:\/\/web3.cl\/dev-infancia\/ii-jornada-directoras-de-jardines\/","title":{"rendered":"II JORNADA DIRECTORAS DE JARDINES"},"content":{"rendered":"<p>Una productiva jornada se vivi\u00f3 hoy con las directoras de los 21 centros educativos administrados por la Corporaci\u00f3n para la Infancia de Santiago y representantes de oficina central. En el encuentro se present\u00f3 la memoria institucional 2021, el resultado del proceso de actualizaci\u00f3n a la Identidad Corporativa, y las orientaciones de retorno seguro a las salas cunas y jardines infantiles. Fue una instancia de mucho di\u00e1logo y compartir experiencias y expectativas, as\u00ed como trabajo en equipo.<\/p>\n<p><img loading=\"lazy\" decoding=\"async\" class=\"wp-image-441 alignleft\" src=\"https:\/\/web3.cl\/dev-infancia\/wp-content\/uploads\/2022\/06\/15_-300x169-1.png\" alt=\"\" width=\"274\" height=\"154\" \/> <img loading=\"lazy\" decoding=\"async\" class=\"alignnone wp-image-442\" src=\"https:\/\/web3.cl\/dev-infancia\/wp-content\/uploads\/2022\/06\/15_-300x169-2.png\" alt=\"\" width=\"288\" height=\"162\" \/><\/p>\n<p><img loading=\"lazy\" decoding=\"async\" class=\"alignnone wp-image-443\" src=\"https:\/\/web3.cl\/dev-infancia\/wp-content\/uploads\/2022\/06\/14_-300x200-1.jpg\" alt=\"\" width=\"272\" height=\"181\" \/>\u00a0 <img loading=\"lazy\" decoding=\"async\" class=\"alignnone size-full wp-image-444\" src=\"https:\/\/web3.cl\/dev-infancia\/wp-content\/uploads\/2022\/06\/13_-300x169-1.png\" alt=\"\" width=\"300\" height=\"169\" \/><\/p>\n<p><img loading=\"lazy\" decoding=\"async\" class=\"alignnone wp-image-445\" src=\"https:\/\/web3.cl\/dev-infancia\/wp-content\/uploads\/2022\/06\/5_-300x145-1.png\" alt=\"\" width=\"275\" height=\"133\" \/><\/p>\n","protected":false},"excerpt":{"rendered":"<p>Una productiva jornada se vivi\u00f3 hoy con las directoras de los 21 centros educativos administrados por la Corporaci\u00f3n para&#8230;<\/p>\n","protected":false},"author":1,"featured_media":0,"comment_status":"open","ping_status":"open","sticky":false,"template":"","format":"standard","meta":{"inline_featured_image":false,"footnotes":""},"categories":[1],"tags":[],"class_list":["post-439","post","type-post","status-publish","format-standard","hentry","category-sin-categoria"],"acf":[],"yoast_head":"<!-- This site is optimized with the Yoast SEO plugin v26.9 - https:\/\/yoast.com\/product\/yoast-seo-wordpress\/ -->\n<title>II JORNADA DIRECTORAS DE JARDINES - Infancia<\/title>\n<meta name=\"robots\" content=\"index, follow, max-snippet:-1, max-image-preview:large, max-video-preview:-1\" \/>\n<link rel=\"canonical\" href=\"https:\/\/web3.cl\/dev-infancia\/ii-jornada-directoras-de-jardines\/\" \/>\n<meta property=\"og:locale\" content=\"es_ES\" \/>\n<meta property=\"og:type\" content=\"article\" \/>\n<meta property=\"og:title\" content=\"II JORNADA DIRECTORAS DE JARDINES - Infancia\" \/>\n<meta property=\"og:description\" content=\"Una productiva jornada se vivi\u00f3 hoy con las directoras de los 21 centros educativos administrados por la Corporaci\u00f3n para...\" \/>\n<meta property=\"og:url\" content=\"https:\/\/web3.cl\/dev-infancia\/ii-jornada-directoras-de-jardines\/\" \/>\n<meta property=\"og:site_name\" content=\"Infancia\" \/>\n<meta property=\"article:published_time\" content=\"2022-06-09T14:38:05+00:00\" \/>\n<meta property=\"article:modified_time\" content=\"2022-06-20T14:39:13+00:00\" \/>\n<meta property=\"og:image\" content=\"https:\/\/web3.cl\/dev-infancia\/wp-content\/uploads\/2022\/06\/15_-300x169-1.png\" \/>\n<meta name=\"author\" content=\"naitus\" \/>\n<meta name=\"twitter:card\" content=\"summary_large_image\" \/>\n<meta name=\"twitter:label1\" content=\"Escrito por\" \/>\n\t<meta name=\"twitter:data1\" content=\"naitus\" \/>\n\t<meta name=\"twitter:label2\" content=\"Tiempo estimado de lectura\" \/>\n\t<meta name=\"twitter:data2\" content=\"2 minutos\" \/>\n<script type=\"application\/ld+json\" class=\"yoast-schema-graph\">{\"@context\":\"https:\/\/schema.org\",\"@graph\":[{\"@type\":\"Article\",\"@id\":\"https:\/\/web3.cl\/dev-infancia\/ii-jornada-directoras-de-jardines\/#article\",\"isPartOf\":{\"@id\":\"https:\/\/web3.cl\/dev-infancia\/ii-jornada-directoras-de-jardines\/\"},\"author\":{\"name\":\"naitus\",\"@id\":\"https:\/\/web3.cl\/dev-infancia\/#\/schema\/person\/cfc69e69dbb20c8536fadb51155042d8\"},\"headline\":\"II JORNADA DIRECTORAS DE JARDINES\",\"datePublished\":\"2022-06-09T14:38:05+00:00\",\"dateModified\":\"2022-06-20T14:39:13+00:00\",\"mainEntityOfPage\":{\"@id\":\"https:\/\/web3.cl\/dev-infancia\/ii-jornada-directoras-de-jardines\/\"},\"wordCount\":82,\"commentCount\":0,\"image\":{\"@id\":\"https:\/\/web3.cl\/dev-infancia\/ii-jornada-directoras-de-jardines\/#primaryimage\"},\"thumbnailUrl\":\"https:\/\/web3.cl\/dev-infancia\/wp-content\/uploads\/2022\/06\/15_-300x169-1.png\",\"inLanguage\":\"es-CL\",\"potentialAction\":[{\"@type\":\"CommentAction\",\"name\":\"Comment\",\"target\":[\"https:\/\/web3.cl\/dev-infancia\/ii-jornada-directoras-de-jardines\/#respond\"]}]},{\"@type\":\"WebPage\",\"@id\":\"https:\/\/web3.cl\/dev-infancia\/ii-jornada-directoras-de-jardines\/\",\"url\":\"https:\/\/web3.cl\/dev-infancia\/ii-jornada-directoras-de-jardines\/\",\"name\":\"II JORNADA DIRECTORAS DE JARDINES - Infancia\",\"isPartOf\":{\"@id\":\"https:\/\/web3.cl\/dev-infancia\/#website\"},\"primaryImageOfPage\":{\"@id\":\"https:\/\/web3.cl\/dev-infancia\/ii-jornada-directoras-de-jardines\/#primaryimage\"},\"image\":{\"@id\":\"https:\/\/web3.cl\/dev-infancia\/ii-jornada-directoras-de-jardines\/#primaryimage\"},\"thumbnailUrl\":\"https:\/\/web3.cl\/dev-infancia\/wp-content\/uploads\/2022\/06\/15_-300x169-1.png\",\"datePublished\":\"2022-06-09T14:38:05+00:00\",\"dateModified\":\"2022-06-20T14:39:13+00:00\",\"author\":{\"@id\":\"https:\/\/web3.cl\/dev-infancia\/#\/schema\/person\/cfc69e69dbb20c8536fadb51155042d8\"},\"breadcrumb\":{\"@id\":\"https:\/\/web3.cl\/dev-infancia\/ii-jornada-directoras-de-jardines\/#breadcrumb\"},\"inLanguage\":\"es-CL\",\"potentialAction\":[{\"@type\":\"ReadAction\",\"target\":[\"https:\/\/web3.cl\/dev-infancia\/ii-jornada-directoras-de-jardines\/\"]}]},{\"@type\":\"ImageObject\",\"inLanguage\":\"es-CL\",\"@id\":\"https:\/\/web3.cl\/dev-infancia\/ii-jornada-directoras-de-jardines\/#primaryimage\",\"url\":\"https:\/\/web3.cl\/dev-infancia\/wp-content\/uploads\/2022\/06\/15_-300x169-1.png\",\"contentUrl\":\"https:\/\/web3.cl\/dev-infancia\/wp-content\/uploads\/2022\/06\/15_-300x169-1.png\",\"width\":300,\"height\":169},{\"@type\":\"BreadcrumbList\",\"@id\":\"https:\/\/web3.cl\/dev-infancia\/ii-jornada-directoras-de-jardines\/#breadcrumb\",\"itemListElement\":[{\"@type\":\"ListItem\",\"position\":1,\"name\":\"Portada\",\"item\":\"https:\/\/web3.cl\/dev-infancia\/\"},{\"@type\":\"ListItem\",\"position\":2,\"name\":\"II JORNADA DIRECTORAS DE JARDINES\"}]},{\"@type\":\"WebSite\",\"@id\":\"https:\/\/web3.cl\/dev-infancia\/#website\",\"url\":\"https:\/\/web3.cl\/dev-infancia\/\",\"name\":\"Infancia\",\"description\":\"Corporaci\u00f3n para la infancia de Santiago\",\"potentialAction\":[{\"@type\":\"SearchAction\",\"target\":{\"@type\":\"EntryPoint\",\"urlTemplate\":\"https:\/\/web3.cl\/dev-infancia\/?s={search_term_string}\"},\"query-input\":{\"@type\":\"PropertyValueSpecification\",\"valueRequired\":true,\"valueName\":\"search_term_string\"}}],\"inLanguage\":\"es-CL\"},{\"@type\":\"Person\",\"@id\":\"https:\/\/web3.cl\/dev-infancia\/#\/schema\/person\/cfc69e69dbb20c8536fadb51155042d8\",\"name\":\"naitus\",\"image\":{\"@type\":\"ImageObject\",\"inLanguage\":\"es-CL\",\"@id\":\"https:\/\/web3.cl\/dev-infancia\/#\/schema\/person\/image\/\",\"url\":\"https:\/\/secure.gravatar.com\/avatar\/d9d7d5af93146cf2cd9622f1b59d6c7df4310fe5833ecfd923eccfc3e2b5d19f?s=96&d=mm&r=g\",\"contentUrl\":\"https:\/\/secure.gravatar.com\/avatar\/d9d7d5af93146cf2cd9622f1b59d6c7df4310fe5833ecfd923eccfc3e2b5d19f?s=96&d=mm&r=g\",\"caption\":\"naitus\"},\"sameAs\":[\"https:\/\/web3.cl\/dev-infancia\"],\"url\":\"https:\/\/web3.cl\/dev-infancia\/author\/naitus\/\"}]}<\/script>\n<!-- \/ Yoast SEO plugin. -->","yoast_head_json":{"title":"II JORNADA DIRECTORAS DE JARDINES - Infancia","robots":{"index":"index","follow":"follow","max-snippet":"max-snippet:-1","max-image-preview":"max-image-preview:large","max-video-preview":"max-video-preview:-1"},"canonical":"https:\/\/web3.cl\/dev-infancia\/ii-jornada-directoras-de-jardines\/","og_locale":"es_ES","og_type":"article","og_title":"II JORNADA DIRECTORAS DE JARDINES - Infancia","og_description":"Una productiva jornada se vivi\u00f3 hoy con las directoras de los 21 centros educativos administrados por la Corporaci\u00f3n para...","og_url":"https:\/\/web3.cl\/dev-infancia\/ii-jornada-directoras-de-jardines\/","og_site_name":"Infancia","article_published_time":"2022-06-09T14:38:05+00:00","article_modified_time":"2022-06-20T14:39:13+00:00","og_image":[{"url":"https:\/\/web3.cl\/dev-infancia\/wp-content\/uploads\/2022\/06\/15_-300x169-1.png","type":"","width":"","height":""}],"author":"naitus","twitter_card":"summary_large_image","twitter_misc":{"Escrito por":"naitus","Tiempo estimado de lectura":"2 minutos"},"schema":{"@context":"https:\/\/schema.org","@graph":[{"@type":"Article","@id":"https:\/\/web3.cl\/dev-infancia\/ii-jornada-directoras-de-jardines\/#article","isPartOf":{"@id":"https:\/\/web3.cl\/dev-infancia\/ii-jornada-directoras-de-jardines\/"},"author":{"name":"naitus","@id":"https:\/\/web3.cl\/dev-infancia\/#\/schema\/person\/cfc69e69dbb20c8536fadb51155042d8"},"headline":"II JORNADA DIRECTORAS DE JARDINES","datePublished":"2022-06-09T14:38:05+00:00","dateModified":"2022-06-20T14:39:13+00:00","mainEntityOfPage":{"@id":"https:\/\/web3.cl\/dev-infancia\/ii-jornada-directoras-de-jardines\/"},"wordCount":82,"commentCount":0,"image":{"@id":"https:\/\/web3.cl\/dev-infancia\/ii-jornada-directoras-de-jardines\/#primaryimage"},"thumbnailUrl":"https:\/\/web3.cl\/dev-infancia\/wp-content\/uploads\/2022\/06\/15_-300x169-1.png","inLanguage":"es-CL","potentialAction":[{"@type":"CommentAction","name":"Comment","target":["https:\/\/web3.cl\/dev-infancia\/ii-jornada-directoras-de-jardines\/#respond"]}]},{"@type":"WebPage","@id":"https:\/\/web3.cl\/dev-infancia\/ii-jornada-directoras-de-jardines\/","url":"https:\/\/web3.cl\/dev-infancia\/ii-jornada-directoras-de-jardines\/","name":"II JORNADA DIRECTORAS DE JARDINES - Infancia","isPartOf":{"@id":"https:\/\/web3.cl\/dev-infancia\/#website"},"primaryImageOfPage":{"@id":"https:\/\/web3.cl\/dev-infancia\/ii-jornada-directoras-de-jardines\/#primaryimage"},"image":{"@id":"https:\/\/web3.cl\/dev-infancia\/ii-jornada-directoras-de-jardines\/#primaryimage"},"thumbnailUrl":"https:\/\/web3.cl\/dev-infancia\/wp-content\/uploads\/2022\/06\/15_-300x169-1.png","datePublished":"2022-06-09T14:38:05+00:00","dateModified":"2022-06-20T14:39:13+00:00","author":{"@id":"https:\/\/web3.cl\/dev-infancia\/#\/schema\/person\/cfc69e69dbb20c8536fadb51155042d8"},"breadcrumb":{"@id":"https:\/\/web3.cl\/dev-infancia\/ii-jornada-directoras-de-jardines\/#breadcrumb"},"inLanguage":"es-CL","potentialAction":[{"@type":"ReadAction","target":["https:\/\/web3.cl\/dev-infancia\/ii-jornada-directoras-de-jardines\/"]}]},{"@type":"ImageObject","inLanguage":"es-CL","@id":"https:\/\/web3.cl\/dev-infancia\/ii-jornada-directoras-de-jardines\/#primaryimage","url":"https:\/\/web3.cl\/dev-infancia\/wp-content\/uploads\/2022\/06\/15_-300x169-1.png","contentUrl":"https:\/\/web3.cl\/dev-infancia\/wp-content\/uploads\/2022\/06\/15_-300x169-1.png","width":300,"height":169},{"@type":"BreadcrumbList","@id":"https:\/\/web3.cl\/dev-infancia\/ii-jornada-directoras-de-jardines\/#breadcrumb","itemListElement":[{"@type":"ListItem","position":1,"name":"Portada","item":"https:\/\/web3.cl\/dev-infancia\/"},{"@type":"ListItem","position":2,"name":"II JORNADA DIRECTORAS DE JARDINES"}]},{"@type":"WebSite","@id":"https:\/\/web3.cl\/dev-infancia\/#website","url":"https:\/\/web3.cl\/dev-infancia\/","name":"Infancia","description":"Corporaci\u00f3n para la infancia de Santiago","potentialAction":[{"@type":"SearchAction","target":{"@type":"EntryPoint","urlTemplate":"https:\/\/web3.cl\/dev-infancia\/?s={search_term_string}"},"query-input":{"@type":"PropertyValueSpecification","valueRequired":true,"valueName":"search_term_string"}}],"inLanguage":"es-CL"},{"@type":"Person","@id":"https:\/\/web3.cl\/dev-infancia\/#\/schema\/person\/cfc69e69dbb20c8536fadb51155042d8","name":"naitus","image":{"@type":"ImageObject","inLanguage":"es-CL","@id":"https:\/\/web3.cl\/dev-infancia\/#\/schema\/person\/image\/","url":"https:\/\/secure.gravatar.com\/avatar\/d9d7d5af93146cf2cd9622f1b59d6c7df4310fe5833ecfd923eccfc3e2b5d19f?s=96&d=mm&r=g","contentUrl":"https:\/\/secure.gravatar.com\/avatar\/d9d7d5af93146cf2cd9622f1b59d6c7df4310fe5833ecfd923eccfc3e2b5d19f?s=96&d=mm&r=g","caption":"naitus"},"sameAs":["https:\/\/web3.cl\/dev-infancia"],"url":"https:\/\/web3.cl\/dev-infancia\/author\/naitus\/"}]}},"_links":{"self":[{"href":"https:\/\/web3.cl\/dev-infancia\/wp-json\/wp\/v2\/posts\/439","targetHints":{"allow":["GET"]}}],"collection":[{"href":"https:\/\/web3.cl\/dev-infancia\/wp-json\/wp\/v2\/posts"}],"about":[{"href":"https:\/\/web3.cl\/dev-infancia\/wp-json\/wp\/v2\/types\/post"}],"author":[{"embeddable":true,"href":"https:\/\/web3.cl\/dev-infancia\/wp-json\/wp\/v2\/users\/1"}],"replies":[{"embeddable":true,"href":"https:\/\/web3.cl\/dev-infancia\/wp-json\/wp\/v2\/comments?post=439"}],"version-history":[{"count":2,"href":"https:\/\/web3.cl\/dev-infancia\/wp-json\/wp\/v2\/posts\/439\/revisions"}],"predecessor-version":[{"id":1036,"href":"https:\/\/web3.cl\/dev-infancia\/wp-json\/wp\/v2\/posts\/439\/revisions\/1036"}],"wp:attachment":[{"href":"https:\/\/web3.cl\/dev-infancia\/wp-json\/wp\/v2\/media?parent=439"}],"wp:term":[{"taxonomy":"category","embeddable":true,"href":"https:\/\/web3.cl\/dev-infancia\/wp-json\/wp\/v2\/categories?post=439"},{"taxonomy":"post_tag","embeddable":true,"href":"https:\/\/web3.cl\/dev-infancia\/wp-json\/wp\/v2\/tags?post=439"}],"curies":[{"name":"wp","href":"https:\/\/api.w.org\/{rel}","templated":true}]}}