{"id":323,"date":"2021-12-30T12:23:18","date_gmt":"2021-12-30T15:23:18","guid":{"rendered":"https:\/\/web3.cl\/dev-infancia\/?p=323"},"modified":"2022-06-06T12:24:04","modified_gmt":"2022-06-06T15:24:04","slug":"de-huevo-a-pollo-hermosa-experiencia-educativa","status":"publish","type":"post","link":"https:\/\/web3.cl\/dev-infancia\/de-huevo-a-pollo-hermosa-experiencia-educativa\/","title":{"rendered":"\u201cDE HUEVO A POLLO\u201d, HERMOSA EXPERIENCIA EDUCATIVA"},"content":{"rendered":"<p><img loading=\"lazy\" decoding=\"async\" class=\"alignnone wp-image-324\" src=\"https:\/\/web3.cl\/dev-infancia\/wp-content\/uploads\/2022\/06\/DSC_0049-201x300.jpg\" alt=\"\" width=\"233\" height=\"348\" srcset=\"https:\/\/web3.cl\/dev-infancia\/wp-content\/uploads\/2022\/06\/DSC_0049-201x300.jpg 201w, https:\/\/web3.cl\/dev-infancia\/wp-content\/uploads\/2022\/06\/DSC_0049.jpg 234w\" sizes=\"auto, (max-width: 233px) 100vw, 233px\" \/>\u00a0 \u00a0 \u00a0 \u00a0 \u00a0 \u00a0<img loading=\"lazy\" decoding=\"async\" class=\"alignnone wp-image-325\" src=\"https:\/\/web3.cl\/dev-infancia\/wp-content\/uploads\/2022\/06\/DSC_0050-201x300.jpg\" alt=\"\" width=\"232\" height=\"346\" srcset=\"https:\/\/web3.cl\/dev-infancia\/wp-content\/uploads\/2022\/06\/DSC_0050-201x300.jpg 201w, https:\/\/web3.cl\/dev-infancia\/wp-content\/uploads\/2022\/06\/DSC_0050.jpg 234w\" sizes=\"auto, (max-width: 232px) 100vw, 232px\" \/>\u00a0 \u00a0 \u00a0 \u00a0 \u00a0<img loading=\"lazy\" decoding=\"async\" class=\"alignnone wp-image-326\" src=\"https:\/\/web3.cl\/dev-infancia\/wp-content\/uploads\/2022\/06\/DSC_0051-201x300.jpg\" alt=\"\" width=\"232\" height=\"346\" srcset=\"https:\/\/web3.cl\/dev-infancia\/wp-content\/uploads\/2022\/06\/DSC_0051-201x300.jpg 201w, https:\/\/web3.cl\/dev-infancia\/wp-content\/uploads\/2022\/06\/DSC_0051.jpg 234w\" sizes=\"auto, (max-width: 232px) 100vw, 232px\" \/><\/p>\n<p><img loading=\"lazy\" decoding=\"async\" class=\"alignnone wp-image-327\" src=\"https:\/\/web3.cl\/dev-infancia\/wp-content\/uploads\/2022\/06\/DSC_0052-1-201x300.jpg\" alt=\"\" width=\"623\" height=\"930\" srcset=\"https:\/\/web3.cl\/dev-infancia\/wp-content\/uploads\/2022\/06\/DSC_0052-1-201x300.jpg 201w, https:\/\/web3.cl\/dev-infancia\/wp-content\/uploads\/2022\/06\/DSC_0052-1.jpg 234w\" sizes=\"auto, (max-width: 623px) 100vw, 623px\" \/><\/p>\n<p>A trav\u00e9s del material did\u00e1ctico \u201cDe huevo a pollo\u201d, los ni\u00f1os, ni\u00f1as y familias del Jard\u00edn Infantil Luis Calvo Mackenna de la Corporaci\u00f3n para la Infancia de Santiago, vivieron una hermosa experiencia educativa. Felicitamos al equipo educativo del jard\u00edn. \u00a1Gran experiencia de aprendizaje para los ni\u00f1os y ni\u00f1as!<\/p>\n<p>&nbsp;<\/p>\n<p><img loading=\"lazy\" decoding=\"async\" class=\"alignnone wp-image-329\" src=\"https:\/\/web3.cl\/dev-infancia\/wp-content\/uploads\/2022\/06\/De_huevo_a_pollo_-1-2-300x149.jpg\" alt=\"\" width=\"745\" height=\"370\" srcset=\"https:\/\/web3.cl\/dev-infancia\/wp-content\/uploads\/2022\/06\/De_huevo_a_pollo_-1-2-300x149.jpg 300w, https:\/\/web3.cl\/dev-infancia\/wp-content\/uploads\/2022\/06\/De_huevo_a_pollo_-1-2-1024x508.jpg 1024w, https:\/\/web3.cl\/dev-infancia\/wp-content\/uploads\/2022\/06\/De_huevo_a_pollo_-1-2-768x381.jpg 768w, https:\/\/web3.cl\/dev-infancia\/wp-content\/uploads\/2022\/06\/De_huevo_a_pollo_-1-2.jpg 1073w\" sizes=\"auto, (max-width: 745px) 100vw, 745px\" \/><\/p>\n","protected":false},"excerpt":{"rendered":"<p>A trav\u00e9s del material did\u00e1ctico \u201cDe huevo a pollo\u201d, los ni\u00f1os, ni\u00f1as y familias del Jard\u00edn Infantil Luis Calvo Mackenna&#8230;<\/p>\n","protected":false},"author":1,"featured_media":0,"comment_status":"open","ping_status":"open","sticky":false,"template":"","format":"standard","meta":{"inline_featured_image":false,"footnotes":""},"categories":[1],"tags":[],"class_list":["post-323","post","type-post","status-publish","format-standard","hentry","category-sin-categoria"],"acf":[],"yoast_head":"<!-- This site is optimized with the Yoast SEO plugin v26.9 - https:\/\/yoast.com\/product\/yoast-seo-wordpress\/ -->\n<title>\u201cDE HUEVO A POLLO\u201d, HERMOSA EXPERIENCIA EDUCATIVA - Infancia<\/title>\n<meta name=\"robots\" content=\"index, follow, max-snippet:-1, max-image-preview:large, max-video-preview:-1\" \/>\n<link rel=\"canonical\" href=\"https:\/\/web3.cl\/dev-infancia\/de-huevo-a-pollo-hermosa-experiencia-educativa\/\" \/>\n<meta property=\"og:locale\" content=\"es_ES\" \/>\n<meta property=\"og:type\" content=\"article\" \/>\n<meta property=\"og:title\" content=\"\u201cDE HUEVO A POLLO\u201d, HERMOSA EXPERIENCIA EDUCATIVA - Infancia\" \/>\n<meta property=\"og:description\" content=\"A trav\u00e9s del material did\u00e1ctico \u201cDe huevo a pollo\u201d, los ni\u00f1os, ni\u00f1as y familias del Jard\u00edn Infantil Luis Calvo Mackenna...\" \/>\n<meta property=\"og:url\" content=\"https:\/\/web3.cl\/dev-infancia\/de-huevo-a-pollo-hermosa-experiencia-educativa\/\" \/>\n<meta property=\"og:site_name\" content=\"Infancia\" \/>\n<meta property=\"article:published_time\" content=\"2021-12-30T15:23:18+00:00\" \/>\n<meta property=\"article:modified_time\" content=\"2022-06-06T15:24:04+00:00\" \/>\n<meta property=\"og:image\" content=\"https:\/\/web3.cl\/dev-infancia\/wp-content\/uploads\/2022\/06\/DSC_0049-201x300.jpg\" \/>\n<meta name=\"author\" content=\"naitus\" \/>\n<meta name=\"twitter:card\" content=\"summary_large_image\" \/>\n<meta name=\"twitter:label1\" content=\"Escrito por\" \/>\n\t<meta name=\"twitter:data1\" content=\"naitus\" \/>\n<script type=\"application\/ld+json\" class=\"yoast-schema-graph\">{\"@context\":\"https:\/\/schema.org\",\"@graph\":[{\"@type\":\"Article\",\"@id\":\"https:\/\/web3.cl\/dev-infancia\/de-huevo-a-pollo-hermosa-experiencia-educativa\/#article\",\"isPartOf\":{\"@id\":\"https:\/\/web3.cl\/dev-infancia\/de-huevo-a-pollo-hermosa-experiencia-educativa\/\"},\"author\":{\"name\":\"naitus\",\"@id\":\"https:\/\/web3.cl\/dev-infancia\/#\/schema\/person\/cfc69e69dbb20c8536fadb51155042d8\"},\"headline\":\"\u201cDE HUEVO A POLLO\u201d, HERMOSA EXPERIENCIA EDUCATIVA\",\"datePublished\":\"2021-12-30T15:23:18+00:00\",\"dateModified\":\"2022-06-06T15:24:04+00:00\",\"mainEntityOfPage\":{\"@id\":\"https:\/\/web3.cl\/dev-infancia\/de-huevo-a-pollo-hermosa-experiencia-educativa\/\"},\"wordCount\":65,\"commentCount\":0,\"image\":{\"@id\":\"https:\/\/web3.cl\/dev-infancia\/de-huevo-a-pollo-hermosa-experiencia-educativa\/#primaryimage\"},\"thumbnailUrl\":\"https:\/\/web3.cl\/dev-infancia\/wp-content\/uploads\/2022\/06\/DSC_0049-201x300.jpg\",\"inLanguage\":\"es-CL\",\"potentialAction\":[{\"@type\":\"CommentAction\",\"name\":\"Comment\",\"target\":[\"https:\/\/web3.cl\/dev-infancia\/de-huevo-a-pollo-hermosa-experiencia-educativa\/#respond\"]}]},{\"@type\":\"WebPage\",\"@id\":\"https:\/\/web3.cl\/dev-infancia\/de-huevo-a-pollo-hermosa-experiencia-educativa\/\",\"url\":\"https:\/\/web3.cl\/dev-infancia\/de-huevo-a-pollo-hermosa-experiencia-educativa\/\",\"name\":\"\u201cDE HUEVO A POLLO\u201d, HERMOSA EXPERIENCIA EDUCATIVA - Infancia\",\"isPartOf\":{\"@id\":\"https:\/\/web3.cl\/dev-infancia\/#website\"},\"primaryImageOfPage\":{\"@id\":\"https:\/\/web3.cl\/dev-infancia\/de-huevo-a-pollo-hermosa-experiencia-educativa\/#primaryimage\"},\"image\":{\"@id\":\"https:\/\/web3.cl\/dev-infancia\/de-huevo-a-pollo-hermosa-experiencia-educativa\/#primaryimage\"},\"thumbnailUrl\":\"https:\/\/web3.cl\/dev-infancia\/wp-content\/uploads\/2022\/06\/DSC_0049-201x300.jpg\",\"datePublished\":\"2021-12-30T15:23:18+00:00\",\"dateModified\":\"2022-06-06T15:24:04+00:00\",\"author\":{\"@id\":\"https:\/\/web3.cl\/dev-infancia\/#\/schema\/person\/cfc69e69dbb20c8536fadb51155042d8\"},\"breadcrumb\":{\"@id\":\"https:\/\/web3.cl\/dev-infancia\/de-huevo-a-pollo-hermosa-experiencia-educativa\/#breadcrumb\"},\"inLanguage\":\"es-CL\",\"potentialAction\":[{\"@type\":\"ReadAction\",\"target\":[\"https:\/\/web3.cl\/dev-infancia\/de-huevo-a-pollo-hermosa-experiencia-educativa\/\"]}]},{\"@type\":\"ImageObject\",\"inLanguage\":\"es-CL\",\"@id\":\"https:\/\/web3.cl\/dev-infancia\/de-huevo-a-pollo-hermosa-experiencia-educativa\/#primaryimage\",\"url\":\"https:\/\/web3.cl\/dev-infancia\/wp-content\/uploads\/2022\/06\/DSC_0049.jpg\",\"contentUrl\":\"https:\/\/web3.cl\/dev-infancia\/wp-content\/uploads\/2022\/06\/DSC_0049.jpg\",\"width\":234,\"height\":350},{\"@type\":\"BreadcrumbList\",\"@id\":\"https:\/\/web3.cl\/dev-infancia\/de-huevo-a-pollo-hermosa-experiencia-educativa\/#breadcrumb\",\"itemListElement\":[{\"@type\":\"ListItem\",\"position\":1,\"name\":\"Portada\",\"item\":\"https:\/\/web3.cl\/dev-infancia\/\"},{\"@type\":\"ListItem\",\"position\":2,\"name\":\"\u201cDE HUEVO A POLLO\u201d, HERMOSA EXPERIENCIA EDUCATIVA\"}]},{\"@type\":\"WebSite\",\"@id\":\"https:\/\/web3.cl\/dev-infancia\/#website\",\"url\":\"https:\/\/web3.cl\/dev-infancia\/\",\"name\":\"Infancia\",\"description\":\"Corporaci\u00f3n para la infancia de Santiago\",\"potentialAction\":[{\"@type\":\"SearchAction\",\"target\":{\"@type\":\"EntryPoint\",\"urlTemplate\":\"https:\/\/web3.cl\/dev-infancia\/?s={search_term_string}\"},\"query-input\":{\"@type\":\"PropertyValueSpecification\",\"valueRequired\":true,\"valueName\":\"search_term_string\"}}],\"inLanguage\":\"es-CL\"},{\"@type\":\"Person\",\"@id\":\"https:\/\/web3.cl\/dev-infancia\/#\/schema\/person\/cfc69e69dbb20c8536fadb51155042d8\",\"name\":\"naitus\",\"image\":{\"@type\":\"ImageObject\",\"inLanguage\":\"es-CL\",\"@id\":\"https:\/\/web3.cl\/dev-infancia\/#\/schema\/person\/image\/\",\"url\":\"https:\/\/secure.gravatar.com\/avatar\/d9d7d5af93146cf2cd9622f1b59d6c7df4310fe5833ecfd923eccfc3e2b5d19f?s=96&d=mm&r=g\",\"contentUrl\":\"https:\/\/secure.gravatar.com\/avatar\/d9d7d5af93146cf2cd9622f1b59d6c7df4310fe5833ecfd923eccfc3e2b5d19f?s=96&d=mm&r=g\",\"caption\":\"naitus\"},\"sameAs\":[\"https:\/\/web3.cl\/dev-infancia\"],\"url\":\"https:\/\/web3.cl\/dev-infancia\/author\/naitus\/\"}]}<\/script>\n<!-- \/ Yoast SEO plugin. -->","yoast_head_json":{"title":"\u201cDE HUEVO A POLLO\u201d, HERMOSA EXPERIENCIA EDUCATIVA - Infancia","robots":{"index":"index","follow":"follow","max-snippet":"max-snippet:-1","max-image-preview":"max-image-preview:large","max-video-preview":"max-video-preview:-1"},"canonical":"https:\/\/web3.cl\/dev-infancia\/de-huevo-a-pollo-hermosa-experiencia-educativa\/","og_locale":"es_ES","og_type":"article","og_title":"\u201cDE HUEVO A POLLO\u201d, HERMOSA EXPERIENCIA EDUCATIVA - Infancia","og_description":"A trav\u00e9s del material did\u00e1ctico \u201cDe huevo a pollo\u201d, los ni\u00f1os, ni\u00f1as y familias del Jard\u00edn Infantil Luis Calvo Mackenna...","og_url":"https:\/\/web3.cl\/dev-infancia\/de-huevo-a-pollo-hermosa-experiencia-educativa\/","og_site_name":"Infancia","article_published_time":"2021-12-30T15:23:18+00:00","article_modified_time":"2022-06-06T15:24:04+00:00","og_image":[{"url":"https:\/\/web3.cl\/dev-infancia\/wp-content\/uploads\/2022\/06\/DSC_0049-201x300.jpg","type":"","width":"","height":""}],"author":"naitus","twitter_card":"summary_large_image","twitter_misc":{"Escrito por":"naitus"},"schema":{"@context":"https:\/\/schema.org","@graph":[{"@type":"Article","@id":"https:\/\/web3.cl\/dev-infancia\/de-huevo-a-pollo-hermosa-experiencia-educativa\/#article","isPartOf":{"@id":"https:\/\/web3.cl\/dev-infancia\/de-huevo-a-pollo-hermosa-experiencia-educativa\/"},"author":{"name":"naitus","@id":"https:\/\/web3.cl\/dev-infancia\/#\/schema\/person\/cfc69e69dbb20c8536fadb51155042d8"},"headline":"\u201cDE HUEVO A POLLO\u201d, HERMOSA EXPERIENCIA EDUCATIVA","datePublished":"2021-12-30T15:23:18+00:00","dateModified":"2022-06-06T15:24:04+00:00","mainEntityOfPage":{"@id":"https:\/\/web3.cl\/dev-infancia\/de-huevo-a-pollo-hermosa-experiencia-educativa\/"},"wordCount":65,"commentCount":0,"image":{"@id":"https:\/\/web3.cl\/dev-infancia\/de-huevo-a-pollo-hermosa-experiencia-educativa\/#primaryimage"},"thumbnailUrl":"https:\/\/web3.cl\/dev-infancia\/wp-content\/uploads\/2022\/06\/DSC_0049-201x300.jpg","inLanguage":"es-CL","potentialAction":[{"@type":"CommentAction","name":"Comment","target":["https:\/\/web3.cl\/dev-infancia\/de-huevo-a-pollo-hermosa-experiencia-educativa\/#respond"]}]},{"@type":"WebPage","@id":"https:\/\/web3.cl\/dev-infancia\/de-huevo-a-pollo-hermosa-experiencia-educativa\/","url":"https:\/\/web3.cl\/dev-infancia\/de-huevo-a-pollo-hermosa-experiencia-educativa\/","name":"\u201cDE HUEVO A POLLO\u201d, HERMOSA EXPERIENCIA EDUCATIVA - Infancia","isPartOf":{"@id":"https:\/\/web3.cl\/dev-infancia\/#website"},"primaryImageOfPage":{"@id":"https:\/\/web3.cl\/dev-infancia\/de-huevo-a-pollo-hermosa-experiencia-educativa\/#primaryimage"},"image":{"@id":"https:\/\/web3.cl\/dev-infancia\/de-huevo-a-pollo-hermosa-experiencia-educativa\/#primaryimage"},"thumbnailUrl":"https:\/\/web3.cl\/dev-infancia\/wp-content\/uploads\/2022\/06\/DSC_0049-201x300.jpg","datePublished":"2021-12-30T15:23:18+00:00","dateModified":"2022-06-06T15:24:04+00:00","author":{"@id":"https:\/\/web3.cl\/dev-infancia\/#\/schema\/person\/cfc69e69dbb20c8536fadb51155042d8"},"breadcrumb":{"@id":"https:\/\/web3.cl\/dev-infancia\/de-huevo-a-pollo-hermosa-experiencia-educativa\/#breadcrumb"},"inLanguage":"es-CL","potentialAction":[{"@type":"ReadAction","target":["https:\/\/web3.cl\/dev-infancia\/de-huevo-a-pollo-hermosa-experiencia-educativa\/"]}]},{"@type":"ImageObject","inLanguage":"es-CL","@id":"https:\/\/web3.cl\/dev-infancia\/de-huevo-a-pollo-hermosa-experiencia-educativa\/#primaryimage","url":"https:\/\/web3.cl\/dev-infancia\/wp-content\/uploads\/2022\/06\/DSC_0049.jpg","contentUrl":"https:\/\/web3.cl\/dev-infancia\/wp-content\/uploads\/2022\/06\/DSC_0049.jpg","width":234,"height":350},{"@type":"BreadcrumbList","@id":"https:\/\/web3.cl\/dev-infancia\/de-huevo-a-pollo-hermosa-experiencia-educativa\/#breadcrumb","itemListElement":[{"@type":"ListItem","position":1,"name":"Portada","item":"https:\/\/web3.cl\/dev-infancia\/"},{"@type":"ListItem","position":2,"name":"\u201cDE HUEVO A POLLO\u201d, HERMOSA EXPERIENCIA EDUCATIVA"}]},{"@type":"WebSite","@id":"https:\/\/web3.cl\/dev-infancia\/#website","url":"https:\/\/web3.cl\/dev-infancia\/","name":"Infancia","description":"Corporaci\u00f3n para la infancia de Santiago","potentialAction":[{"@type":"SearchAction","target":{"@type":"EntryPoint","urlTemplate":"https:\/\/web3.cl\/dev-infancia\/?s={search_term_string}"},"query-input":{"@type":"PropertyValueSpecification","valueRequired":true,"valueName":"search_term_string"}}],"inLanguage":"es-CL"},{"@type":"Person","@id":"https:\/\/web3.cl\/dev-infancia\/#\/schema\/person\/cfc69e69dbb20c8536fadb51155042d8","name":"naitus","image":{"@type":"ImageObject","inLanguage":"es-CL","@id":"https:\/\/web3.cl\/dev-infancia\/#\/schema\/person\/image\/","url":"https:\/\/secure.gravatar.com\/avatar\/d9d7d5af93146cf2cd9622f1b59d6c7df4310fe5833ecfd923eccfc3e2b5d19f?s=96&d=mm&r=g","contentUrl":"https:\/\/secure.gravatar.com\/avatar\/d9d7d5af93146cf2cd9622f1b59d6c7df4310fe5833ecfd923eccfc3e2b5d19f?s=96&d=mm&r=g","caption":"naitus"},"sameAs":["https:\/\/web3.cl\/dev-infancia"],"url":"https:\/\/web3.cl\/dev-infancia\/author\/naitus\/"}]}},"_links":{"self":[{"href":"https:\/\/web3.cl\/dev-infancia\/wp-json\/wp\/v2\/posts\/323","targetHints":{"allow":["GET"]}}],"collection":[{"href":"https:\/\/web3.cl\/dev-infancia\/wp-json\/wp\/v2\/posts"}],"about":[{"href":"https:\/\/web3.cl\/dev-infancia\/wp-json\/wp\/v2\/types\/post"}],"author":[{"embeddable":true,"href":"https:\/\/web3.cl\/dev-infancia\/wp-json\/wp\/v2\/users\/1"}],"replies":[{"embeddable":true,"href":"https:\/\/web3.cl\/dev-infancia\/wp-json\/wp\/v2\/comments?post=323"}],"version-history":[{"count":2,"href":"https:\/\/web3.cl\/dev-infancia\/wp-json\/wp\/v2\/posts\/323\/revisions"}],"predecessor-version":[{"id":332,"href":"https:\/\/web3.cl\/dev-infancia\/wp-json\/wp\/v2\/posts\/323\/revisions\/332"}],"wp:attachment":[{"href":"https:\/\/web3.cl\/dev-infancia\/wp-json\/wp\/v2\/media?parent=323"}],"wp:term":[{"taxonomy":"category","embeddable":true,"href":"https:\/\/web3.cl\/dev-infancia\/wp-json\/wp\/v2\/categories?post=323"},{"taxonomy":"post_tag","embeddable":true,"href":"https:\/\/web3.cl\/dev-infancia\/wp-json\/wp\/v2\/tags?post=323"}],"curies":[{"name":"wp","href":"https:\/\/api.w.org\/{rel}","templated":true}]}}