{"id":313,"date":"2021-12-27T12:15:29","date_gmt":"2021-12-27T15:15:29","guid":{"rendered":"https:\/\/web3.cl\/dev-infancia\/?p=313"},"modified":"2022-06-06T12:19:03","modified_gmt":"2022-06-06T15:19:03","slug":"navidad-con-valores-en-jardin-nemesio-antunez","status":"publish","type":"post","link":"https:\/\/web3.cl\/dev-infancia\/navidad-con-valores-en-jardin-nemesio-antunez\/","title":{"rendered":"NAVIDAD CON VALORES EN JARD\u00cdN NEMESIO ANT\u00daNEZ"},"content":{"rendered":"<p>Con una obra de teatro creada y personificada por el equipo educativo, se celebr\u00f3 la navidad en el Jard\u00edn Nemesio Ant\u00fanez de la Corporaci\u00f3n para la Infancia de Santiago.<\/p>\n<p>La Directora, Mar\u00eda Luisa del Valle, junto a su equipo prepararon con mucho cari\u00f1os el cuento \u201cEl bosque de los valores\u201d en el que los ni\u00f1os y las ni\u00f1as pudieron reforzar valores tan importantes como: \u201cel amor\u201d, \u201cla paz\u201d, \u201cla verdad\u201d y \u201cel respeto\u201d.<\/p>\n<p>A la obra tambi\u00e9n asistieron Liliana Barrera Directora Ejecutiva de la Corporaci\u00f3n para la Infancia de Santiago y Daniela Arias, Jefa de Clima, Seguridad y Mantenci\u00f3n de Espacios Educativos. Quienes valoraron la entrega de contenidos a los ni\u00f1os y ni\u00f1as, mediante espacios l\u00fadicos que permiten hacer m\u00e1s entretenido su proceso de aprendizaje.<\/p>\n<p><img loading=\"lazy\" decoding=\"async\" class=\"size-medium wp-image-314 aligncenter\" src=\"https:\/\/web3.cl\/dev-infancia\/wp-content\/uploads\/2022\/06\/IMG_1866_1-300x225.jpg\" alt=\"\" width=\"300\" height=\"225\" srcset=\"https:\/\/web3.cl\/dev-infancia\/wp-content\/uploads\/2022\/06\/IMG_1866_1-300x225.jpg 300w, https:\/\/web3.cl\/dev-infancia\/wp-content\/uploads\/2022\/06\/IMG_1866_1.jpg 350w\" sizes=\"auto, (max-width: 300px) 100vw, 300px\" \/><\/p>\n<p><img loading=\"lazy\" decoding=\"async\" class=\"size-medium wp-image-315 aligncenter\" src=\"https:\/\/web3.cl\/dev-infancia\/wp-content\/uploads\/2022\/06\/IMG_1875_1-300x225.jpg\" alt=\"\" width=\"300\" height=\"225\" srcset=\"https:\/\/web3.cl\/dev-infancia\/wp-content\/uploads\/2022\/06\/IMG_1875_1-300x225.jpg 300w, https:\/\/web3.cl\/dev-infancia\/wp-content\/uploads\/2022\/06\/IMG_1875_1.jpg 350w\" sizes=\"auto, (max-width: 300px) 100vw, 300px\" \/><\/p>\n<p>&nbsp;<\/p>\n<p><img loading=\"lazy\" decoding=\"async\" class=\" wp-image-316 aligncenter\" src=\"https:\/\/web3.cl\/dev-infancia\/wp-content\/uploads\/2022\/06\/IMG_1846_1-300x225.jpg\" alt=\"\" width=\"403\" height=\"302\" srcset=\"https:\/\/web3.cl\/dev-infancia\/wp-content\/uploads\/2022\/06\/IMG_1846_1-300x225.jpg 300w, https:\/\/web3.cl\/dev-infancia\/wp-content\/uploads\/2022\/06\/IMG_1846_1.jpg 467w\" sizes=\"auto, (max-width: 403px) 100vw, 403px\" \/><\/p>\n<p>&nbsp;<\/p>\n<p><img loading=\"lazy\" decoding=\"async\" class=\"size-medium wp-image-317 aligncenter\" src=\"https:\/\/web3.cl\/dev-infancia\/wp-content\/uploads\/2022\/06\/IMG_1856_1-225x300.jpg\" alt=\"\" width=\"225\" height=\"300\" srcset=\"https:\/\/web3.cl\/dev-infancia\/wp-content\/uploads\/2022\/06\/IMG_1856_1-225x300.jpg 225w, https:\/\/web3.cl\/dev-infancia\/wp-content\/uploads\/2022\/06\/IMG_1856_1.jpg 263w\" sizes=\"auto, (max-width: 225px) 100vw, 225px\" \/><\/p>\n<p>&nbsp;<\/p>\n<p><img loading=\"lazy\" decoding=\"async\" class=\"size-medium wp-image-319 aligncenter\" src=\"https:\/\/web3.cl\/dev-infancia\/wp-content\/uploads\/2022\/06\/IMG_1864_1-1-300x225.jpg\" alt=\"\" width=\"300\" height=\"225\" srcset=\"https:\/\/web3.cl\/dev-infancia\/wp-content\/uploads\/2022\/06\/IMG_1864_1-1-300x225.jpg 300w, https:\/\/web3.cl\/dev-infancia\/wp-content\/uploads\/2022\/06\/IMG_1864_1-1.jpg 350w\" sizes=\"auto, (max-width: 300px) 100vw, 300px\" \/><\/p>\n","protected":false},"excerpt":{"rendered":"<p>Con una obra de teatro creada y personificada por el equipo educativo, se celebr\u00f3 la navidad en el Jard\u00edn Nemesio&#8230;<\/p>\n","protected":false},"author":1,"featured_media":0,"comment_status":"open","ping_status":"open","sticky":false,"template":"","format":"standard","meta":{"inline_featured_image":false,"footnotes":""},"categories":[1],"tags":[],"class_list":["post-313","post","type-post","status-publish","format-standard","hentry","category-sin-categoria"],"acf":[],"yoast_head":"<!-- This site is optimized with the Yoast SEO plugin v26.9 - https:\/\/yoast.com\/product\/yoast-seo-wordpress\/ -->\n<title>NAVIDAD CON VALORES EN JARD\u00cdN NEMESIO ANT\u00daNEZ - Infancia<\/title>\n<meta name=\"robots\" content=\"index, follow, max-snippet:-1, max-image-preview:large, max-video-preview:-1\" \/>\n<link rel=\"canonical\" href=\"https:\/\/web3.cl\/dev-infancia\/navidad-con-valores-en-jardin-nemesio-antunez\/\" \/>\n<meta property=\"og:locale\" content=\"es_ES\" \/>\n<meta property=\"og:type\" content=\"article\" \/>\n<meta property=\"og:title\" content=\"NAVIDAD CON VALORES EN JARD\u00cdN NEMESIO ANT\u00daNEZ - Infancia\" \/>\n<meta property=\"og:description\" content=\"Con una obra de teatro creada y personificada por el equipo educativo, se celebr\u00f3 la navidad en el Jard\u00edn Nemesio...\" \/>\n<meta property=\"og:url\" content=\"https:\/\/web3.cl\/dev-infancia\/navidad-con-valores-en-jardin-nemesio-antunez\/\" \/>\n<meta property=\"og:site_name\" content=\"Infancia\" \/>\n<meta property=\"article:published_time\" content=\"2021-12-27T15:15:29+00:00\" \/>\n<meta property=\"article:modified_time\" content=\"2022-06-06T15:19:03+00:00\" \/>\n<meta property=\"og:image\" content=\"https:\/\/web3.cl\/dev-infancia\/wp-content\/uploads\/2022\/06\/IMG_1866_1-300x225.jpg\" \/>\n<meta name=\"author\" content=\"naitus\" \/>\n<meta name=\"twitter:card\" content=\"summary_large_image\" \/>\n<meta name=\"twitter:label1\" content=\"Escrito por\" \/>\n\t<meta name=\"twitter:data1\" content=\"naitus\" \/>\n\t<meta name=\"twitter:label2\" content=\"Tiempo estimado de lectura\" \/>\n\t<meta name=\"twitter:data2\" content=\"1 minuto\" \/>\n<script type=\"application\/ld+json\" class=\"yoast-schema-graph\">{\"@context\":\"https:\/\/schema.org\",\"@graph\":[{\"@type\":\"Article\",\"@id\":\"https:\/\/web3.cl\/dev-infancia\/navidad-con-valores-en-jardin-nemesio-antunez\/#article\",\"isPartOf\":{\"@id\":\"https:\/\/web3.cl\/dev-infancia\/navidad-con-valores-en-jardin-nemesio-antunez\/\"},\"author\":{\"name\":\"naitus\",\"@id\":\"https:\/\/web3.cl\/dev-infancia\/#\/schema\/person\/cfc69e69dbb20c8536fadb51155042d8\"},\"headline\":\"NAVIDAD CON VALORES EN JARD\u00cdN NEMESIO ANT\u00daNEZ\",\"datePublished\":\"2021-12-27T15:15:29+00:00\",\"dateModified\":\"2022-06-06T15:19:03+00:00\",\"mainEntityOfPage\":{\"@id\":\"https:\/\/web3.cl\/dev-infancia\/navidad-con-valores-en-jardin-nemesio-antunez\/\"},\"wordCount\":151,\"commentCount\":0,\"image\":{\"@id\":\"https:\/\/web3.cl\/dev-infancia\/navidad-con-valores-en-jardin-nemesio-antunez\/#primaryimage\"},\"thumbnailUrl\":\"https:\/\/web3.cl\/dev-infancia\/wp-content\/uploads\/2022\/06\/IMG_1866_1-300x225.jpg\",\"inLanguage\":\"es-CL\",\"potentialAction\":[{\"@type\":\"CommentAction\",\"name\":\"Comment\",\"target\":[\"https:\/\/web3.cl\/dev-infancia\/navidad-con-valores-en-jardin-nemesio-antunez\/#respond\"]}]},{\"@type\":\"WebPage\",\"@id\":\"https:\/\/web3.cl\/dev-infancia\/navidad-con-valores-en-jardin-nemesio-antunez\/\",\"url\":\"https:\/\/web3.cl\/dev-infancia\/navidad-con-valores-en-jardin-nemesio-antunez\/\",\"name\":\"NAVIDAD CON VALORES EN JARD\u00cdN NEMESIO ANT\u00daNEZ - Infancia\",\"isPartOf\":{\"@id\":\"https:\/\/web3.cl\/dev-infancia\/#website\"},\"primaryImageOfPage\":{\"@id\":\"https:\/\/web3.cl\/dev-infancia\/navidad-con-valores-en-jardin-nemesio-antunez\/#primaryimage\"},\"image\":{\"@id\":\"https:\/\/web3.cl\/dev-infancia\/navidad-con-valores-en-jardin-nemesio-antunez\/#primaryimage\"},\"thumbnailUrl\":\"https:\/\/web3.cl\/dev-infancia\/wp-content\/uploads\/2022\/06\/IMG_1866_1-300x225.jpg\",\"datePublished\":\"2021-12-27T15:15:29+00:00\",\"dateModified\":\"2022-06-06T15:19:03+00:00\",\"author\":{\"@id\":\"https:\/\/web3.cl\/dev-infancia\/#\/schema\/person\/cfc69e69dbb20c8536fadb51155042d8\"},\"breadcrumb\":{\"@id\":\"https:\/\/web3.cl\/dev-infancia\/navidad-con-valores-en-jardin-nemesio-antunez\/#breadcrumb\"},\"inLanguage\":\"es-CL\",\"potentialAction\":[{\"@type\":\"ReadAction\",\"target\":[\"https:\/\/web3.cl\/dev-infancia\/navidad-con-valores-en-jardin-nemesio-antunez\/\"]}]},{\"@type\":\"ImageObject\",\"inLanguage\":\"es-CL\",\"@id\":\"https:\/\/web3.cl\/dev-infancia\/navidad-con-valores-en-jardin-nemesio-antunez\/#primaryimage\",\"url\":\"https:\/\/web3.cl\/dev-infancia\/wp-content\/uploads\/2022\/06\/IMG_1866_1.jpg\",\"contentUrl\":\"https:\/\/web3.cl\/dev-infancia\/wp-content\/uploads\/2022\/06\/IMG_1866_1.jpg\",\"width\":350,\"height\":263},{\"@type\":\"BreadcrumbList\",\"@id\":\"https:\/\/web3.cl\/dev-infancia\/navidad-con-valores-en-jardin-nemesio-antunez\/#breadcrumb\",\"itemListElement\":[{\"@type\":\"ListItem\",\"position\":1,\"name\":\"Portada\",\"item\":\"https:\/\/web3.cl\/dev-infancia\/\"},{\"@type\":\"ListItem\",\"position\":2,\"name\":\"NAVIDAD CON VALORES EN JARD\u00cdN NEMESIO ANT\u00daNEZ\"}]},{\"@type\":\"WebSite\",\"@id\":\"https:\/\/web3.cl\/dev-infancia\/#website\",\"url\":\"https:\/\/web3.cl\/dev-infancia\/\",\"name\":\"Infancia\",\"description\":\"Corporaci\u00f3n para la infancia de Santiago\",\"potentialAction\":[{\"@type\":\"SearchAction\",\"target\":{\"@type\":\"EntryPoint\",\"urlTemplate\":\"https:\/\/web3.cl\/dev-infancia\/?s={search_term_string}\"},\"query-input\":{\"@type\":\"PropertyValueSpecification\",\"valueRequired\":true,\"valueName\":\"search_term_string\"}}],\"inLanguage\":\"es-CL\"},{\"@type\":\"Person\",\"@id\":\"https:\/\/web3.cl\/dev-infancia\/#\/schema\/person\/cfc69e69dbb20c8536fadb51155042d8\",\"name\":\"naitus\",\"image\":{\"@type\":\"ImageObject\",\"inLanguage\":\"es-CL\",\"@id\":\"https:\/\/web3.cl\/dev-infancia\/#\/schema\/person\/image\/\",\"url\":\"https:\/\/secure.gravatar.com\/avatar\/d9d7d5af93146cf2cd9622f1b59d6c7df4310fe5833ecfd923eccfc3e2b5d19f?s=96&d=mm&r=g\",\"contentUrl\":\"https:\/\/secure.gravatar.com\/avatar\/d9d7d5af93146cf2cd9622f1b59d6c7df4310fe5833ecfd923eccfc3e2b5d19f?s=96&d=mm&r=g\",\"caption\":\"naitus\"},\"sameAs\":[\"https:\/\/web3.cl\/dev-infancia\"],\"url\":\"https:\/\/web3.cl\/dev-infancia\/author\/naitus\/\"}]}<\/script>\n<!-- \/ Yoast SEO plugin. -->","yoast_head_json":{"title":"NAVIDAD CON VALORES EN JARD\u00cdN NEMESIO ANT\u00daNEZ - Infancia","robots":{"index":"index","follow":"follow","max-snippet":"max-snippet:-1","max-image-preview":"max-image-preview:large","max-video-preview":"max-video-preview:-1"},"canonical":"https:\/\/web3.cl\/dev-infancia\/navidad-con-valores-en-jardin-nemesio-antunez\/","og_locale":"es_ES","og_type":"article","og_title":"NAVIDAD CON VALORES EN JARD\u00cdN NEMESIO ANT\u00daNEZ - Infancia","og_description":"Con una obra de teatro creada y personificada por el equipo educativo, se celebr\u00f3 la navidad en el Jard\u00edn Nemesio...","og_url":"https:\/\/web3.cl\/dev-infancia\/navidad-con-valores-en-jardin-nemesio-antunez\/","og_site_name":"Infancia","article_published_time":"2021-12-27T15:15:29+00:00","article_modified_time":"2022-06-06T15:19:03+00:00","og_image":[{"url":"https:\/\/web3.cl\/dev-infancia\/wp-content\/uploads\/2022\/06\/IMG_1866_1-300x225.jpg","type":"","width":"","height":""}],"author":"naitus","twitter_card":"summary_large_image","twitter_misc":{"Escrito por":"naitus","Tiempo estimado de lectura":"1 minuto"},"schema":{"@context":"https:\/\/schema.org","@graph":[{"@type":"Article","@id":"https:\/\/web3.cl\/dev-infancia\/navidad-con-valores-en-jardin-nemesio-antunez\/#article","isPartOf":{"@id":"https:\/\/web3.cl\/dev-infancia\/navidad-con-valores-en-jardin-nemesio-antunez\/"},"author":{"name":"naitus","@id":"https:\/\/web3.cl\/dev-infancia\/#\/schema\/person\/cfc69e69dbb20c8536fadb51155042d8"},"headline":"NAVIDAD CON VALORES EN JARD\u00cdN NEMESIO ANT\u00daNEZ","datePublished":"2021-12-27T15:15:29+00:00","dateModified":"2022-06-06T15:19:03+00:00","mainEntityOfPage":{"@id":"https:\/\/web3.cl\/dev-infancia\/navidad-con-valores-en-jardin-nemesio-antunez\/"},"wordCount":151,"commentCount":0,"image":{"@id":"https:\/\/web3.cl\/dev-infancia\/navidad-con-valores-en-jardin-nemesio-antunez\/#primaryimage"},"thumbnailUrl":"https:\/\/web3.cl\/dev-infancia\/wp-content\/uploads\/2022\/06\/IMG_1866_1-300x225.jpg","inLanguage":"es-CL","potentialAction":[{"@type":"CommentAction","name":"Comment","target":["https:\/\/web3.cl\/dev-infancia\/navidad-con-valores-en-jardin-nemesio-antunez\/#respond"]}]},{"@type":"WebPage","@id":"https:\/\/web3.cl\/dev-infancia\/navidad-con-valores-en-jardin-nemesio-antunez\/","url":"https:\/\/web3.cl\/dev-infancia\/navidad-con-valores-en-jardin-nemesio-antunez\/","name":"NAVIDAD CON VALORES EN JARD\u00cdN NEMESIO ANT\u00daNEZ - Infancia","isPartOf":{"@id":"https:\/\/web3.cl\/dev-infancia\/#website"},"primaryImageOfPage":{"@id":"https:\/\/web3.cl\/dev-infancia\/navidad-con-valores-en-jardin-nemesio-antunez\/#primaryimage"},"image":{"@id":"https:\/\/web3.cl\/dev-infancia\/navidad-con-valores-en-jardin-nemesio-antunez\/#primaryimage"},"thumbnailUrl":"https:\/\/web3.cl\/dev-infancia\/wp-content\/uploads\/2022\/06\/IMG_1866_1-300x225.jpg","datePublished":"2021-12-27T15:15:29+00:00","dateModified":"2022-06-06T15:19:03+00:00","author":{"@id":"https:\/\/web3.cl\/dev-infancia\/#\/schema\/person\/cfc69e69dbb20c8536fadb51155042d8"},"breadcrumb":{"@id":"https:\/\/web3.cl\/dev-infancia\/navidad-con-valores-en-jardin-nemesio-antunez\/#breadcrumb"},"inLanguage":"es-CL","potentialAction":[{"@type":"ReadAction","target":["https:\/\/web3.cl\/dev-infancia\/navidad-con-valores-en-jardin-nemesio-antunez\/"]}]},{"@type":"ImageObject","inLanguage":"es-CL","@id":"https:\/\/web3.cl\/dev-infancia\/navidad-con-valores-en-jardin-nemesio-antunez\/#primaryimage","url":"https:\/\/web3.cl\/dev-infancia\/wp-content\/uploads\/2022\/06\/IMG_1866_1.jpg","contentUrl":"https:\/\/web3.cl\/dev-infancia\/wp-content\/uploads\/2022\/06\/IMG_1866_1.jpg","width":350,"height":263},{"@type":"BreadcrumbList","@id":"https:\/\/web3.cl\/dev-infancia\/navidad-con-valores-en-jardin-nemesio-antunez\/#breadcrumb","itemListElement":[{"@type":"ListItem","position":1,"name":"Portada","item":"https:\/\/web3.cl\/dev-infancia\/"},{"@type":"ListItem","position":2,"name":"NAVIDAD CON VALORES EN JARD\u00cdN NEMESIO ANT\u00daNEZ"}]},{"@type":"WebSite","@id":"https:\/\/web3.cl\/dev-infancia\/#website","url":"https:\/\/web3.cl\/dev-infancia\/","name":"Infancia","description":"Corporaci\u00f3n para la infancia de Santiago","potentialAction":[{"@type":"SearchAction","target":{"@type":"EntryPoint","urlTemplate":"https:\/\/web3.cl\/dev-infancia\/?s={search_term_string}"},"query-input":{"@type":"PropertyValueSpecification","valueRequired":true,"valueName":"search_term_string"}}],"inLanguage":"es-CL"},{"@type":"Person","@id":"https:\/\/web3.cl\/dev-infancia\/#\/schema\/person\/cfc69e69dbb20c8536fadb51155042d8","name":"naitus","image":{"@type":"ImageObject","inLanguage":"es-CL","@id":"https:\/\/web3.cl\/dev-infancia\/#\/schema\/person\/image\/","url":"https:\/\/secure.gravatar.com\/avatar\/d9d7d5af93146cf2cd9622f1b59d6c7df4310fe5833ecfd923eccfc3e2b5d19f?s=96&d=mm&r=g","contentUrl":"https:\/\/secure.gravatar.com\/avatar\/d9d7d5af93146cf2cd9622f1b59d6c7df4310fe5833ecfd923eccfc3e2b5d19f?s=96&d=mm&r=g","caption":"naitus"},"sameAs":["https:\/\/web3.cl\/dev-infancia"],"url":"https:\/\/web3.cl\/dev-infancia\/author\/naitus\/"}]}},"_links":{"self":[{"href":"https:\/\/web3.cl\/dev-infancia\/wp-json\/wp\/v2\/posts\/313","targetHints":{"allow":["GET"]}}],"collection":[{"href":"https:\/\/web3.cl\/dev-infancia\/wp-json\/wp\/v2\/posts"}],"about":[{"href":"https:\/\/web3.cl\/dev-infancia\/wp-json\/wp\/v2\/types\/post"}],"author":[{"embeddable":true,"href":"https:\/\/web3.cl\/dev-infancia\/wp-json\/wp\/v2\/users\/1"}],"replies":[{"embeddable":true,"href":"https:\/\/web3.cl\/dev-infancia\/wp-json\/wp\/v2\/comments?post=313"}],"version-history":[{"count":1,"href":"https:\/\/web3.cl\/dev-infancia\/wp-json\/wp\/v2\/posts\/313\/revisions"}],"predecessor-version":[{"id":321,"href":"https:\/\/web3.cl\/dev-infancia\/wp-json\/wp\/v2\/posts\/313\/revisions\/321"}],"wp:attachment":[{"href":"https:\/\/web3.cl\/dev-infancia\/wp-json\/wp\/v2\/media?parent=313"}],"wp:term":[{"taxonomy":"category","embeddable":true,"href":"https:\/\/web3.cl\/dev-infancia\/wp-json\/wp\/v2\/categories?post=313"},{"taxonomy":"post_tag","embeddable":true,"href":"https:\/\/web3.cl\/dev-infancia\/wp-json\/wp\/v2\/tags?post=313"}],"curies":[{"name":"wp","href":"https:\/\/api.w.org\/{rel}","templated":true}]}}