{"id":310,"date":"2021-04-23T12:13:34","date_gmt":"2021-04-23T15:13:34","guid":{"rendered":"https:\/\/web3.cl\/dev-infancia\/?p=310"},"modified":"2022-06-22T12:35:16","modified_gmt":"2022-06-22T15:35:16","slug":"fundacion-arcor-capacitan-a-educadoras-y-tecnicos-en-participacion-en-la-primera-infancia","status":"publish","type":"post","link":"https:\/\/web3.cl\/dev-infancia\/fundacion-arcor-capacitan-a-educadoras-y-tecnicos-en-participacion-en-la-primera-infancia\/","title":{"rendered":"FUNDACI\u00d3N ARCOR CAPACITAN A EDUCADORAS Y T\u00c9CNICOS EN \u201cPARTICIPACI\u00d3N EN LA PRIMERA INFANCIA\u201d"},"content":{"rendered":"<p>&nbsp;<\/p>\n<h2 class=\"cmsmasters_post_title entry-title\">FUNDACI\u00d3N ARCOR CAPACITAN A EDUCADORAS Y T\u00c9CNICOS EN \u201cPARTICIPACI\u00d3N EN LA PRIMERA INFANCIA\u201d<\/h2>\n<p>iguiendo con la formaci\u00f3n que\u00a0<strong>Fundaci\u00f3n Arcor<\/strong>\u00a0realiza a trav\u00e9s de diferentes cursos que ofrece en su portal educativo, 142 educadoras y t\u00e9cnicos de educaci\u00f3n parvularia de diversas comunas de la regi\u00f3n Metropolitana, iniciaron la capacitaci\u00f3n del curso en \u201cParticipaci\u00f3n en la Primera Infancia\u201d, en el mes de abril de manera virtual.<\/p>\n<p>El Curso de\u00a0<strong>\u201cParticipaci\u00f3n en la Primera Infancia\u201d<\/strong>, busca dar criterios y recursos que permitan promover, de manera pr\u00e1ctica y contextualizada, la participaci\u00f3n de ni\u00f1os y ni\u00f1as, en especial de los que atraviesan la primera infancia. El objetivo es que al finalizar el proceso formativo los y las participantes, comprendan qu\u00e9 es y qu\u00e9 implica la participaci\u00f3n de los ni\u00f1os, ni\u00f1as y adolescentes en el marco de los derechos humanos; as\u00ed como las relaciones existentes entre participaci\u00f3n, autonom\u00eda, desarrollo infantil y ciudadan\u00eda.<\/p>\n<p>Es as\u00ed como en abril, 38 educadoras y t\u00e9cnicos en educaci\u00f3n parvularia de la\u00a0<strong>Corporaci\u00f3n para la infancia de Santiago<\/strong>, correspondientes a un total de 19 centros educativos de la comuna de Santiago, iniciaron su capacitaci\u00f3n que se desarrollar\u00e1 durante seis semanas.<\/p>\n<p>La\u00a0<strong>Directora Ejecutiva de Fundaci\u00f3n Arcor Chile, Mar\u00eda Laura Berner<\/strong>\u00a0se\u00f1al\u00f3 que: \u201cSe habla muy poco de la participaci\u00f3n como un derecho humano y menos en la primera infancia. Siempre los m\u00e1s peque\u00f1os quedan fuera de las discusiones, debates, su visi\u00f3n y forma de ver el mundo y eso lo estamos viendo a\u00fan con m\u00e1s fuerza en este periodo de pandemia. Por ello a trav\u00e9s de este curso buscamos entregarles herramientas que nos permitan como adultos ser verdaderos garantes de los derechos de los ni\u00f1os y ni\u00f1as\u201d.<\/p>\n<p>La Coordinadora acad\u00e9mica del Curso Andrea Iglesis, agradeci\u00f3 la oportunidad de realizar esta capacitaci\u00f3n e inst\u00f3 a este grupo a seguir fomentando la tem\u00e1tica en su diaria labor: \u201cParticipar es un derecho, es una condici\u00f3n m\u00ednima para el desarrollo de toda persona, eso permite su desarrollo integral, su reconocimiento como ciudadano. Entender la ciudadan\u00eda infantil es esencial para la democracia, si participan es m\u00e1s f\u00e1cil entender sus necesidades, problemas, lo que les afecta y lo que necesitamos cambiar como sociedad\u201d, se\u00f1al\u00f3.<\/p>\n<p>La\u00a0<strong>Directora Ejecutiva de la Corporaci\u00f3n para la Infancia de Santiago, Andrea Ahumada<\/strong>, agradeci\u00f3 a\u00a0<strong>Fundaci\u00f3n Arcor<\/strong>\u00a0\u201cpor la oportunidad de capacitar a equipos educativos en esta tem\u00e1tica tan contingente en nuestro pa\u00eds, y que permitir\u00e1 fomentar la participaci\u00f3n como un derecho de los m\u00e1s de 2.000 ni\u00f1as y ni\u00f1os que asisten a nuestros centros educativos\u201d. Esta capacitaci\u00f3n se enmarca en el convenio de colaboraci\u00f3n que mantiene la Fundaci\u00f3n con la I. Municipalidad de Santiago.<\/p>\n<p>Fundaci\u00f3n Arcor invita a ingresar a su portal educativo\u00a0<a href=\"https:\/\/portaleducativo.fundacionarcor.org\/\" target=\"_blank\" rel=\"noreferrer noopener\">portaleducativo.fundacionarcor.org<\/a>\u00a0que contiene variados y atractivos cursos gratuitos y autogestionados para toda persona que se interese en la tem\u00e1tica de la Ni\u00f1ez.<\/p>\n","protected":false},"excerpt":{"rendered":"<p>Siguiendo con la formaci\u00f3n que Fundaci\u00f3n Arcor realiza a trav\u00e9s de diferentes cursos que ofrece en su portal educativo, 142&#8230;<\/p>\n","protected":false},"author":1,"featured_media":0,"comment_status":"open","ping_status":"open","sticky":false,"template":"","format":"standard","meta":{"inline_featured_image":false,"footnotes":""},"categories":[1],"tags":[],"class_list":["post-310","post","type-post","status-publish","format-standard","hentry","category-sin-categoria"],"acf":[],"yoast_head":"<!-- This site is optimized with the Yoast SEO plugin v26.9 - https:\/\/yoast.com\/product\/yoast-seo-wordpress\/ -->\n<title>FUNDACI\u00d3N ARCOR CAPACITAN A EDUCADORAS Y T\u00c9CNICOS EN \u201cPARTICIPACI\u00d3N EN LA PRIMERA INFANCIA\u201d - Infancia<\/title>\n<meta name=\"robots\" content=\"index, follow, max-snippet:-1, max-image-preview:large, max-video-preview:-1\" \/>\n<link rel=\"canonical\" href=\"https:\/\/web3.cl\/dev-infancia\/fundacion-arcor-capacitan-a-educadoras-y-tecnicos-en-participacion-en-la-primera-infancia\/\" \/>\n<meta property=\"og:locale\" content=\"es_ES\" \/>\n<meta property=\"og:type\" content=\"article\" \/>\n<meta property=\"og:title\" content=\"FUNDACI\u00d3N ARCOR CAPACITAN A EDUCADORAS Y T\u00c9CNICOS EN \u201cPARTICIPACI\u00d3N EN LA PRIMERA INFANCIA\u201d - Infancia\" \/>\n<meta property=\"og:description\" content=\"Siguiendo con la formaci\u00f3n que Fundaci\u00f3n Arcor realiza a trav\u00e9s de diferentes cursos que ofrece en su portal educativo, 142...\" \/>\n<meta property=\"og:url\" content=\"https:\/\/web3.cl\/dev-infancia\/fundacion-arcor-capacitan-a-educadoras-y-tecnicos-en-participacion-en-la-primera-infancia\/\" \/>\n<meta property=\"og:site_name\" content=\"Infancia\" \/>\n<meta property=\"article:published_time\" content=\"2021-04-23T15:13:34+00:00\" \/>\n<meta property=\"article:modified_time\" content=\"2022-06-22T15:35:16+00:00\" \/>\n<meta name=\"author\" content=\"naitus\" \/>\n<meta name=\"twitter:card\" content=\"summary_large_image\" \/>\n<meta name=\"twitter:label1\" content=\"Escrito por\" \/>\n\t<meta name=\"twitter:data1\" content=\"naitus\" \/>\n\t<meta name=\"twitter:label2\" content=\"Tiempo estimado de lectura\" \/>\n\t<meta name=\"twitter:data2\" content=\"3 minutos\" \/>\n<script type=\"application\/ld+json\" class=\"yoast-schema-graph\">{\"@context\":\"https:\/\/schema.org\",\"@graph\":[{\"@type\":\"Article\",\"@id\":\"https:\/\/web3.cl\/dev-infancia\/fundacion-arcor-capacitan-a-educadoras-y-tecnicos-en-participacion-en-la-primera-infancia\/#article\",\"isPartOf\":{\"@id\":\"https:\/\/web3.cl\/dev-infancia\/fundacion-arcor-capacitan-a-educadoras-y-tecnicos-en-participacion-en-la-primera-infancia\/\"},\"author\":{\"name\":\"naitus\",\"@id\":\"https:\/\/web3.cl\/dev-infancia\/#\/schema\/person\/cfc69e69dbb20c8536fadb51155042d8\"},\"headline\":\"FUNDACI\u00d3N ARCOR CAPACITAN A EDUCADORAS Y T\u00c9CNICOS EN \u201cPARTICIPACI\u00d3N EN LA PRIMERA INFANCIA\u201d\",\"datePublished\":\"2021-04-23T15:13:34+00:00\",\"dateModified\":\"2022-06-22T15:35:16+00:00\",\"mainEntityOfPage\":{\"@id\":\"https:\/\/web3.cl\/dev-infancia\/fundacion-arcor-capacitan-a-educadoras-y-tecnicos-en-participacion-en-la-primera-infancia\/\"},\"wordCount\":539,\"commentCount\":0,\"inLanguage\":\"es-CL\",\"potentialAction\":[{\"@type\":\"CommentAction\",\"name\":\"Comment\",\"target\":[\"https:\/\/web3.cl\/dev-infancia\/fundacion-arcor-capacitan-a-educadoras-y-tecnicos-en-participacion-en-la-primera-infancia\/#respond\"]}]},{\"@type\":\"WebPage\",\"@id\":\"https:\/\/web3.cl\/dev-infancia\/fundacion-arcor-capacitan-a-educadoras-y-tecnicos-en-participacion-en-la-primera-infancia\/\",\"url\":\"https:\/\/web3.cl\/dev-infancia\/fundacion-arcor-capacitan-a-educadoras-y-tecnicos-en-participacion-en-la-primera-infancia\/\",\"name\":\"FUNDACI\u00d3N ARCOR CAPACITAN A EDUCADORAS Y T\u00c9CNICOS EN \u201cPARTICIPACI\u00d3N EN LA PRIMERA INFANCIA\u201d - Infancia\",\"isPartOf\":{\"@id\":\"https:\/\/web3.cl\/dev-infancia\/#website\"},\"datePublished\":\"2021-04-23T15:13:34+00:00\",\"dateModified\":\"2022-06-22T15:35:16+00:00\",\"author\":{\"@id\":\"https:\/\/web3.cl\/dev-infancia\/#\/schema\/person\/cfc69e69dbb20c8536fadb51155042d8\"},\"breadcrumb\":{\"@id\":\"https:\/\/web3.cl\/dev-infancia\/fundacion-arcor-capacitan-a-educadoras-y-tecnicos-en-participacion-en-la-primera-infancia\/#breadcrumb\"},\"inLanguage\":\"es-CL\",\"potentialAction\":[{\"@type\":\"ReadAction\",\"target\":[\"https:\/\/web3.cl\/dev-infancia\/fundacion-arcor-capacitan-a-educadoras-y-tecnicos-en-participacion-en-la-primera-infancia\/\"]}]},{\"@type\":\"BreadcrumbList\",\"@id\":\"https:\/\/web3.cl\/dev-infancia\/fundacion-arcor-capacitan-a-educadoras-y-tecnicos-en-participacion-en-la-primera-infancia\/#breadcrumb\",\"itemListElement\":[{\"@type\":\"ListItem\",\"position\":1,\"name\":\"Portada\",\"item\":\"https:\/\/web3.cl\/dev-infancia\/\"},{\"@type\":\"ListItem\",\"position\":2,\"name\":\"FUNDACI\u00d3N ARCOR CAPACITAN A EDUCADORAS Y T\u00c9CNICOS EN \u201cPARTICIPACI\u00d3N EN LA PRIMERA INFANCIA\u201d\"}]},{\"@type\":\"WebSite\",\"@id\":\"https:\/\/web3.cl\/dev-infancia\/#website\",\"url\":\"https:\/\/web3.cl\/dev-infancia\/\",\"name\":\"Infancia\",\"description\":\"Corporaci\u00f3n para la infancia de Santiago\",\"potentialAction\":[{\"@type\":\"SearchAction\",\"target\":{\"@type\":\"EntryPoint\",\"urlTemplate\":\"https:\/\/web3.cl\/dev-infancia\/?s={search_term_string}\"},\"query-input\":{\"@type\":\"PropertyValueSpecification\",\"valueRequired\":true,\"valueName\":\"search_term_string\"}}],\"inLanguage\":\"es-CL\"},{\"@type\":\"Person\",\"@id\":\"https:\/\/web3.cl\/dev-infancia\/#\/schema\/person\/cfc69e69dbb20c8536fadb51155042d8\",\"name\":\"naitus\",\"image\":{\"@type\":\"ImageObject\",\"inLanguage\":\"es-CL\",\"@id\":\"https:\/\/web3.cl\/dev-infancia\/#\/schema\/person\/image\/\",\"url\":\"https:\/\/secure.gravatar.com\/avatar\/d9d7d5af93146cf2cd9622f1b59d6c7df4310fe5833ecfd923eccfc3e2b5d19f?s=96&d=mm&r=g\",\"contentUrl\":\"https:\/\/secure.gravatar.com\/avatar\/d9d7d5af93146cf2cd9622f1b59d6c7df4310fe5833ecfd923eccfc3e2b5d19f?s=96&d=mm&r=g\",\"caption\":\"naitus\"},\"sameAs\":[\"https:\/\/web3.cl\/dev-infancia\"],\"url\":\"https:\/\/web3.cl\/dev-infancia\/author\/naitus\/\"}]}<\/script>\n<!-- \/ Yoast SEO plugin. -->","yoast_head_json":{"title":"FUNDACI\u00d3N ARCOR CAPACITAN A EDUCADORAS Y T\u00c9CNICOS EN \u201cPARTICIPACI\u00d3N EN LA PRIMERA INFANCIA\u201d - Infancia","robots":{"index":"index","follow":"follow","max-snippet":"max-snippet:-1","max-image-preview":"max-image-preview:large","max-video-preview":"max-video-preview:-1"},"canonical":"https:\/\/web3.cl\/dev-infancia\/fundacion-arcor-capacitan-a-educadoras-y-tecnicos-en-participacion-en-la-primera-infancia\/","og_locale":"es_ES","og_type":"article","og_title":"FUNDACI\u00d3N ARCOR CAPACITAN A EDUCADORAS Y T\u00c9CNICOS EN \u201cPARTICIPACI\u00d3N EN LA PRIMERA INFANCIA\u201d - Infancia","og_description":"Siguiendo con la formaci\u00f3n que Fundaci\u00f3n Arcor realiza a trav\u00e9s de diferentes cursos que ofrece en su portal educativo, 142...","og_url":"https:\/\/web3.cl\/dev-infancia\/fundacion-arcor-capacitan-a-educadoras-y-tecnicos-en-participacion-en-la-primera-infancia\/","og_site_name":"Infancia","article_published_time":"2021-04-23T15:13:34+00:00","article_modified_time":"2022-06-22T15:35:16+00:00","author":"naitus","twitter_card":"summary_large_image","twitter_misc":{"Escrito por":"naitus","Tiempo estimado de lectura":"3 minutos"},"schema":{"@context":"https:\/\/schema.org","@graph":[{"@type":"Article","@id":"https:\/\/web3.cl\/dev-infancia\/fundacion-arcor-capacitan-a-educadoras-y-tecnicos-en-participacion-en-la-primera-infancia\/#article","isPartOf":{"@id":"https:\/\/web3.cl\/dev-infancia\/fundacion-arcor-capacitan-a-educadoras-y-tecnicos-en-participacion-en-la-primera-infancia\/"},"author":{"name":"naitus","@id":"https:\/\/web3.cl\/dev-infancia\/#\/schema\/person\/cfc69e69dbb20c8536fadb51155042d8"},"headline":"FUNDACI\u00d3N ARCOR CAPACITAN A EDUCADORAS Y T\u00c9CNICOS EN \u201cPARTICIPACI\u00d3N EN LA PRIMERA INFANCIA\u201d","datePublished":"2021-04-23T15:13:34+00:00","dateModified":"2022-06-22T15:35:16+00:00","mainEntityOfPage":{"@id":"https:\/\/web3.cl\/dev-infancia\/fundacion-arcor-capacitan-a-educadoras-y-tecnicos-en-participacion-en-la-primera-infancia\/"},"wordCount":539,"commentCount":0,"inLanguage":"es-CL","potentialAction":[{"@type":"CommentAction","name":"Comment","target":["https:\/\/web3.cl\/dev-infancia\/fundacion-arcor-capacitan-a-educadoras-y-tecnicos-en-participacion-en-la-primera-infancia\/#respond"]}]},{"@type":"WebPage","@id":"https:\/\/web3.cl\/dev-infancia\/fundacion-arcor-capacitan-a-educadoras-y-tecnicos-en-participacion-en-la-primera-infancia\/","url":"https:\/\/web3.cl\/dev-infancia\/fundacion-arcor-capacitan-a-educadoras-y-tecnicos-en-participacion-en-la-primera-infancia\/","name":"FUNDACI\u00d3N ARCOR CAPACITAN A EDUCADORAS Y T\u00c9CNICOS EN \u201cPARTICIPACI\u00d3N EN LA PRIMERA INFANCIA\u201d - Infancia","isPartOf":{"@id":"https:\/\/web3.cl\/dev-infancia\/#website"},"datePublished":"2021-04-23T15:13:34+00:00","dateModified":"2022-06-22T15:35:16+00:00","author":{"@id":"https:\/\/web3.cl\/dev-infancia\/#\/schema\/person\/cfc69e69dbb20c8536fadb51155042d8"},"breadcrumb":{"@id":"https:\/\/web3.cl\/dev-infancia\/fundacion-arcor-capacitan-a-educadoras-y-tecnicos-en-participacion-en-la-primera-infancia\/#breadcrumb"},"inLanguage":"es-CL","potentialAction":[{"@type":"ReadAction","target":["https:\/\/web3.cl\/dev-infancia\/fundacion-arcor-capacitan-a-educadoras-y-tecnicos-en-participacion-en-la-primera-infancia\/"]}]},{"@type":"BreadcrumbList","@id":"https:\/\/web3.cl\/dev-infancia\/fundacion-arcor-capacitan-a-educadoras-y-tecnicos-en-participacion-en-la-primera-infancia\/#breadcrumb","itemListElement":[{"@type":"ListItem","position":1,"name":"Portada","item":"https:\/\/web3.cl\/dev-infancia\/"},{"@type":"ListItem","position":2,"name":"FUNDACI\u00d3N ARCOR CAPACITAN A EDUCADORAS Y T\u00c9CNICOS EN \u201cPARTICIPACI\u00d3N EN LA PRIMERA INFANCIA\u201d"}]},{"@type":"WebSite","@id":"https:\/\/web3.cl\/dev-infancia\/#website","url":"https:\/\/web3.cl\/dev-infancia\/","name":"Infancia","description":"Corporaci\u00f3n para la infancia de Santiago","potentialAction":[{"@type":"SearchAction","target":{"@type":"EntryPoint","urlTemplate":"https:\/\/web3.cl\/dev-infancia\/?s={search_term_string}"},"query-input":{"@type":"PropertyValueSpecification","valueRequired":true,"valueName":"search_term_string"}}],"inLanguage":"es-CL"},{"@type":"Person","@id":"https:\/\/web3.cl\/dev-infancia\/#\/schema\/person\/cfc69e69dbb20c8536fadb51155042d8","name":"naitus","image":{"@type":"ImageObject","inLanguage":"es-CL","@id":"https:\/\/web3.cl\/dev-infancia\/#\/schema\/person\/image\/","url":"https:\/\/secure.gravatar.com\/avatar\/d9d7d5af93146cf2cd9622f1b59d6c7df4310fe5833ecfd923eccfc3e2b5d19f?s=96&d=mm&r=g","contentUrl":"https:\/\/secure.gravatar.com\/avatar\/d9d7d5af93146cf2cd9622f1b59d6c7df4310fe5833ecfd923eccfc3e2b5d19f?s=96&d=mm&r=g","caption":"naitus"},"sameAs":["https:\/\/web3.cl\/dev-infancia"],"url":"https:\/\/web3.cl\/dev-infancia\/author\/naitus\/"}]}},"_links":{"self":[{"href":"https:\/\/web3.cl\/dev-infancia\/wp-json\/wp\/v2\/posts\/310","targetHints":{"allow":["GET"]}}],"collection":[{"href":"https:\/\/web3.cl\/dev-infancia\/wp-json\/wp\/v2\/posts"}],"about":[{"href":"https:\/\/web3.cl\/dev-infancia\/wp-json\/wp\/v2\/types\/post"}],"author":[{"embeddable":true,"href":"https:\/\/web3.cl\/dev-infancia\/wp-json\/wp\/v2\/users\/1"}],"replies":[{"embeddable":true,"href":"https:\/\/web3.cl\/dev-infancia\/wp-json\/wp\/v2\/comments?post=310"}],"version-history":[{"count":2,"href":"https:\/\/web3.cl\/dev-infancia\/wp-json\/wp\/v2\/posts\/310\/revisions"}],"predecessor-version":[{"id":1063,"href":"https:\/\/web3.cl\/dev-infancia\/wp-json\/wp\/v2\/posts\/310\/revisions\/1063"}],"wp:attachment":[{"href":"https:\/\/web3.cl\/dev-infancia\/wp-json\/wp\/v2\/media?parent=310"}],"wp:term":[{"taxonomy":"category","embeddable":true,"href":"https:\/\/web3.cl\/dev-infancia\/wp-json\/wp\/v2\/categories?post=310"},{"taxonomy":"post_tag","embeddable":true,"href":"https:\/\/web3.cl\/dev-infancia\/wp-json\/wp\/v2\/tags?post=310"}],"curies":[{"name":"wp","href":"https:\/\/api.w.org\/{rel}","templated":true}]}}