{"id":306,"date":"2020-07-08T12:11:15","date_gmt":"2020-07-08T15:11:15","guid":{"rendered":"https:\/\/web3.cl\/dev-infancia\/?p=306"},"modified":"2022-06-22T12:35:44","modified_gmt":"2022-06-22T15:35:44","slug":"306-2","status":"publish","type":"post","link":"https:\/\/web3.cl\/dev-infancia\/306-2\/","title":{"rendered":"JORNADAS DE CAPACITACI\u00d3N \u2013 DIRECTORAS Y EDUCADORAS DE P\u00c1RVULOS"},"content":{"rendered":"<p>&nbsp;<\/p>\n<p>Gracias a la valiosa alianza con la Universidad Cat\u00f3lica Silva Henr\u00edquez, actualmente se desarrolla el Curso de Evaluaci\u00f3n Docente on line, mediante una plataforma virtual que le permite a nuestras profesionales conectarse, participar e interactuar con docentes y compa\u00f1eras, en el marco de la profundizaci\u00f3n de conocimientos.<\/p>\n","protected":false},"excerpt":{"rendered":"<p>&nbsp; Gracias a la valiosa alianza con la Universidad Cat\u00f3lica Silva Henr\u00edquez, actualmente se desarrolla el Curso de Evaluaci\u00f3n Docente on line, mediante una plataforma virtual que le permite a nuestras profesionales conectarse, participar e interactuar con docentes y compa\u00f1eras, en el marco de la profundizaci\u00f3n de conocimientos.<\/p>\n","protected":false},"author":1,"featured_media":0,"comment_status":"open","ping_status":"open","sticky":false,"template":"","format":"standard","meta":{"inline_featured_image":false,"footnotes":""},"categories":[1],"tags":[],"class_list":["post-306","post","type-post","status-publish","format-standard","hentry","category-sin-categoria"],"acf":[],"yoast_head":"<!-- This site is optimized with the Yoast SEO plugin v26.9 - https:\/\/yoast.com\/product\/yoast-seo-wordpress\/ -->\n<title>JORNADAS DE CAPACITACI\u00d3N \u2013 DIRECTORAS Y EDUCADORAS DE P\u00c1RVULOS - Infancia<\/title>\n<meta name=\"robots\" content=\"index, follow, max-snippet:-1, max-image-preview:large, max-video-preview:-1\" \/>\n<link rel=\"canonical\" href=\"https:\/\/web3.cl\/dev-infancia\/306-2\/\" \/>\n<meta property=\"og:locale\" content=\"es_ES\" \/>\n<meta property=\"og:type\" content=\"article\" \/>\n<meta property=\"og:title\" content=\"JORNADAS DE CAPACITACI\u00d3N \u2013 DIRECTORAS Y EDUCADORAS DE P\u00c1RVULOS - Infancia\" \/>\n<meta property=\"og:description\" content=\"&nbsp; Gracias a la valiosa alianza con la Universidad Cat\u00f3lica Silva Henr\u00edquez, actualmente se desarrolla el Curso de Evaluaci\u00f3n Docente on line, mediante una plataforma virtual que le permite a nuestras profesionales conectarse, participar e interactuar con docentes y compa\u00f1eras, en el marco de la profundizaci\u00f3n de conocimientos.\" \/>\n<meta property=\"og:url\" content=\"https:\/\/web3.cl\/dev-infancia\/306-2\/\" \/>\n<meta property=\"og:site_name\" content=\"Infancia\" \/>\n<meta property=\"article:published_time\" content=\"2020-07-08T15:11:15+00:00\" \/>\n<meta property=\"article:modified_time\" content=\"2022-06-22T15:35:44+00:00\" \/>\n<meta name=\"author\" content=\"naitus\" \/>\n<meta name=\"twitter:card\" content=\"summary_large_image\" \/>\n<meta name=\"twitter:label1\" content=\"Escrito por\" \/>\n\t<meta name=\"twitter:data1\" content=\"naitus\" \/>\n<script type=\"application\/ld+json\" class=\"yoast-schema-graph\">{\"@context\":\"https:\/\/schema.org\",\"@graph\":[{\"@type\":\"Article\",\"@id\":\"https:\/\/web3.cl\/dev-infancia\/306-2\/#article\",\"isPartOf\":{\"@id\":\"https:\/\/web3.cl\/dev-infancia\/306-2\/\"},\"author\":{\"name\":\"naitus\",\"@id\":\"https:\/\/web3.cl\/dev-infancia\/#\/schema\/person\/cfc69e69dbb20c8536fadb51155042d8\"},\"headline\":\"JORNADAS DE CAPACITACI\u00d3N \u2013 DIRECTORAS Y EDUCADORAS DE P\u00c1RVULOS\",\"datePublished\":\"2020-07-08T15:11:15+00:00\",\"dateModified\":\"2022-06-22T15:35:44+00:00\",\"mainEntityOfPage\":{\"@id\":\"https:\/\/web3.cl\/dev-infancia\/306-2\/\"},\"wordCount\":63,\"commentCount\":0,\"inLanguage\":\"es-CL\",\"potentialAction\":[{\"@type\":\"CommentAction\",\"name\":\"Comment\",\"target\":[\"https:\/\/web3.cl\/dev-infancia\/306-2\/#respond\"]}]},{\"@type\":\"WebPage\",\"@id\":\"https:\/\/web3.cl\/dev-infancia\/306-2\/\",\"url\":\"https:\/\/web3.cl\/dev-infancia\/306-2\/\",\"name\":\"JORNADAS DE CAPACITACI\u00d3N \u2013 DIRECTORAS Y EDUCADORAS DE P\u00c1RVULOS - Infancia\",\"isPartOf\":{\"@id\":\"https:\/\/web3.cl\/dev-infancia\/#website\"},\"datePublished\":\"2020-07-08T15:11:15+00:00\",\"dateModified\":\"2022-06-22T15:35:44+00:00\",\"author\":{\"@id\":\"https:\/\/web3.cl\/dev-infancia\/#\/schema\/person\/cfc69e69dbb20c8536fadb51155042d8\"},\"breadcrumb\":{\"@id\":\"https:\/\/web3.cl\/dev-infancia\/306-2\/#breadcrumb\"},\"inLanguage\":\"es-CL\",\"potentialAction\":[{\"@type\":\"ReadAction\",\"target\":[\"https:\/\/web3.cl\/dev-infancia\/306-2\/\"]}]},{\"@type\":\"BreadcrumbList\",\"@id\":\"https:\/\/web3.cl\/dev-infancia\/306-2\/#breadcrumb\",\"itemListElement\":[{\"@type\":\"ListItem\",\"position\":1,\"name\":\"Portada\",\"item\":\"https:\/\/web3.cl\/dev-infancia\/\"},{\"@type\":\"ListItem\",\"position\":2,\"name\":\"JORNADAS DE CAPACITACI\u00d3N \u2013 DIRECTORAS Y EDUCADORAS DE P\u00c1RVULOS\"}]},{\"@type\":\"WebSite\",\"@id\":\"https:\/\/web3.cl\/dev-infancia\/#website\",\"url\":\"https:\/\/web3.cl\/dev-infancia\/\",\"name\":\"Infancia\",\"description\":\"Corporaci\u00f3n para la infancia de Santiago\",\"potentialAction\":[{\"@type\":\"SearchAction\",\"target\":{\"@type\":\"EntryPoint\",\"urlTemplate\":\"https:\/\/web3.cl\/dev-infancia\/?s={search_term_string}\"},\"query-input\":{\"@type\":\"PropertyValueSpecification\",\"valueRequired\":true,\"valueName\":\"search_term_string\"}}],\"inLanguage\":\"es-CL\"},{\"@type\":\"Person\",\"@id\":\"https:\/\/web3.cl\/dev-infancia\/#\/schema\/person\/cfc69e69dbb20c8536fadb51155042d8\",\"name\":\"naitus\",\"image\":{\"@type\":\"ImageObject\",\"inLanguage\":\"es-CL\",\"@id\":\"https:\/\/web3.cl\/dev-infancia\/#\/schema\/person\/image\/\",\"url\":\"https:\/\/secure.gravatar.com\/avatar\/d9d7d5af93146cf2cd9622f1b59d6c7df4310fe5833ecfd923eccfc3e2b5d19f?s=96&d=mm&r=g\",\"contentUrl\":\"https:\/\/secure.gravatar.com\/avatar\/d9d7d5af93146cf2cd9622f1b59d6c7df4310fe5833ecfd923eccfc3e2b5d19f?s=96&d=mm&r=g\",\"caption\":\"naitus\"},\"sameAs\":[\"https:\/\/web3.cl\/dev-infancia\"],\"url\":\"https:\/\/web3.cl\/dev-infancia\/author\/naitus\/\"}]}<\/script>\n<!-- \/ Yoast SEO plugin. -->","yoast_head_json":{"title":"JORNADAS DE CAPACITACI\u00d3N \u2013 DIRECTORAS Y EDUCADORAS DE P\u00c1RVULOS - Infancia","robots":{"index":"index","follow":"follow","max-snippet":"max-snippet:-1","max-image-preview":"max-image-preview:large","max-video-preview":"max-video-preview:-1"},"canonical":"https:\/\/web3.cl\/dev-infancia\/306-2\/","og_locale":"es_ES","og_type":"article","og_title":"JORNADAS DE CAPACITACI\u00d3N \u2013 DIRECTORAS Y EDUCADORAS DE P\u00c1RVULOS - Infancia","og_description":"&nbsp; Gracias a la valiosa alianza con la Universidad Cat\u00f3lica Silva Henr\u00edquez, actualmente se desarrolla el Curso de Evaluaci\u00f3n Docente on line, mediante una plataforma virtual que le permite a nuestras profesionales conectarse, participar e interactuar con docentes y compa\u00f1eras, en el marco de la profundizaci\u00f3n de conocimientos.","og_url":"https:\/\/web3.cl\/dev-infancia\/306-2\/","og_site_name":"Infancia","article_published_time":"2020-07-08T15:11:15+00:00","article_modified_time":"2022-06-22T15:35:44+00:00","author":"naitus","twitter_card":"summary_large_image","twitter_misc":{"Escrito por":"naitus"},"schema":{"@context":"https:\/\/schema.org","@graph":[{"@type":"Article","@id":"https:\/\/web3.cl\/dev-infancia\/306-2\/#article","isPartOf":{"@id":"https:\/\/web3.cl\/dev-infancia\/306-2\/"},"author":{"name":"naitus","@id":"https:\/\/web3.cl\/dev-infancia\/#\/schema\/person\/cfc69e69dbb20c8536fadb51155042d8"},"headline":"JORNADAS DE CAPACITACI\u00d3N \u2013 DIRECTORAS Y EDUCADORAS DE P\u00c1RVULOS","datePublished":"2020-07-08T15:11:15+00:00","dateModified":"2022-06-22T15:35:44+00:00","mainEntityOfPage":{"@id":"https:\/\/web3.cl\/dev-infancia\/306-2\/"},"wordCount":63,"commentCount":0,"inLanguage":"es-CL","potentialAction":[{"@type":"CommentAction","name":"Comment","target":["https:\/\/web3.cl\/dev-infancia\/306-2\/#respond"]}]},{"@type":"WebPage","@id":"https:\/\/web3.cl\/dev-infancia\/306-2\/","url":"https:\/\/web3.cl\/dev-infancia\/306-2\/","name":"JORNADAS DE CAPACITACI\u00d3N \u2013 DIRECTORAS Y EDUCADORAS DE P\u00c1RVULOS - Infancia","isPartOf":{"@id":"https:\/\/web3.cl\/dev-infancia\/#website"},"datePublished":"2020-07-08T15:11:15+00:00","dateModified":"2022-06-22T15:35:44+00:00","author":{"@id":"https:\/\/web3.cl\/dev-infancia\/#\/schema\/person\/cfc69e69dbb20c8536fadb51155042d8"},"breadcrumb":{"@id":"https:\/\/web3.cl\/dev-infancia\/306-2\/#breadcrumb"},"inLanguage":"es-CL","potentialAction":[{"@type":"ReadAction","target":["https:\/\/web3.cl\/dev-infancia\/306-2\/"]}]},{"@type":"BreadcrumbList","@id":"https:\/\/web3.cl\/dev-infancia\/306-2\/#breadcrumb","itemListElement":[{"@type":"ListItem","position":1,"name":"Portada","item":"https:\/\/web3.cl\/dev-infancia\/"},{"@type":"ListItem","position":2,"name":"JORNADAS DE CAPACITACI\u00d3N \u2013 DIRECTORAS Y EDUCADORAS DE P\u00c1RVULOS"}]},{"@type":"WebSite","@id":"https:\/\/web3.cl\/dev-infancia\/#website","url":"https:\/\/web3.cl\/dev-infancia\/","name":"Infancia","description":"Corporaci\u00f3n para la infancia de Santiago","potentialAction":[{"@type":"SearchAction","target":{"@type":"EntryPoint","urlTemplate":"https:\/\/web3.cl\/dev-infancia\/?s={search_term_string}"},"query-input":{"@type":"PropertyValueSpecification","valueRequired":true,"valueName":"search_term_string"}}],"inLanguage":"es-CL"},{"@type":"Person","@id":"https:\/\/web3.cl\/dev-infancia\/#\/schema\/person\/cfc69e69dbb20c8536fadb51155042d8","name":"naitus","image":{"@type":"ImageObject","inLanguage":"es-CL","@id":"https:\/\/web3.cl\/dev-infancia\/#\/schema\/person\/image\/","url":"https:\/\/secure.gravatar.com\/avatar\/d9d7d5af93146cf2cd9622f1b59d6c7df4310fe5833ecfd923eccfc3e2b5d19f?s=96&d=mm&r=g","contentUrl":"https:\/\/secure.gravatar.com\/avatar\/d9d7d5af93146cf2cd9622f1b59d6c7df4310fe5833ecfd923eccfc3e2b5d19f?s=96&d=mm&r=g","caption":"naitus"},"sameAs":["https:\/\/web3.cl\/dev-infancia"],"url":"https:\/\/web3.cl\/dev-infancia\/author\/naitus\/"}]}},"_links":{"self":[{"href":"https:\/\/web3.cl\/dev-infancia\/wp-json\/wp\/v2\/posts\/306","targetHints":{"allow":["GET"]}}],"collection":[{"href":"https:\/\/web3.cl\/dev-infancia\/wp-json\/wp\/v2\/posts"}],"about":[{"href":"https:\/\/web3.cl\/dev-infancia\/wp-json\/wp\/v2\/types\/post"}],"author":[{"embeddable":true,"href":"https:\/\/web3.cl\/dev-infancia\/wp-json\/wp\/v2\/users\/1"}],"replies":[{"embeddable":true,"href":"https:\/\/web3.cl\/dev-infancia\/wp-json\/wp\/v2\/comments?post=306"}],"version-history":[{"count":3,"href":"https:\/\/web3.cl\/dev-infancia\/wp-json\/wp\/v2\/posts\/306\/revisions"}],"predecessor-version":[{"id":1064,"href":"https:\/\/web3.cl\/dev-infancia\/wp-json\/wp\/v2\/posts\/306\/revisions\/1064"}],"wp:attachment":[{"href":"https:\/\/web3.cl\/dev-infancia\/wp-json\/wp\/v2\/media?parent=306"}],"wp:term":[{"taxonomy":"category","embeddable":true,"href":"https:\/\/web3.cl\/dev-infancia\/wp-json\/wp\/v2\/categories?post=306"},{"taxonomy":"post_tag","embeddable":true,"href":"https:\/\/web3.cl\/dev-infancia\/wp-json\/wp\/v2\/tags?post=306"}],"curies":[{"name":"wp","href":"https:\/\/api.w.org\/{rel}","templated":true}]}}