{"id":297,"date":"2020-07-02T12:03:38","date_gmt":"2020-07-02T15:03:38","guid":{"rendered":"https:\/\/web3.cl\/dev-infancia\/?p=297"},"modified":"2022-06-22T12:37:00","modified_gmt":"2022-06-22T15:37:00","slug":"derechos-del-nino","status":"publish","type":"post","link":"https:\/\/web3.cl\/dev-infancia\/derechos-del-nino\/","title":{"rendered":"DERECHOS DEL NI\u00d1O"},"content":{"rendered":"<p>&nbsp;<\/p>\n<article id=\"post-9196\" class=\"cmsmasters_open_post post-9196 post type-post status-publish format-standard has-post-thumbnail hentry category-cis\">\n<div class=\"cmsmasters_post_content entry-content\">\n<div id=\"cmsmasters_row_629e178c9f7016_75347648\" class=\"cmsmasters_row cmsmasters_color_scheme_default cmsmasters_row_top_default cmsmasters_row_bot_default cmsmasters_row_boxed\">\n<div class=\"cmsmasters_row_outer_parent\">\n<div class=\"cmsmasters_row_outer\">\n<div class=\"cmsmasters_row_inner\">\n<div class=\"cmsmasters_row_margin cmsmasters_11\">\n<div class=\"cmsmasters_column one_first\">\n<div class=\"cmsmasters_text\">\n<h2>DECLARACI\u00d3N MUNDIAL DEL DERECHO Y DE LA ALEGRIA DE LOS NI\u00d1OS Y NI\u00d1AS A APRENDER A TRAV\u00c9S DEL JUEGO. OMEP 2010<\/h2>\n<h3>(ORGANIZACI\u00d3N MUNDIAL PARA LA EDUCACI\u00d3N PREESCOLAR)<\/h3>\n<p>La asamblea y el congreso mundial de OMEP en Gotenburgo, Suecia, en Agosto del 2010, representando a 72 pa\u00edses de los 5 continentes acordamos defender la Declaraci\u00f3n de los Derechos del Ni\u00f1o de las Naciones Unidas, especialmente el derecho de los ni\u00f1os y ni\u00f1as al juego, como asimismo garantizar su bienestar en todos los pa\u00edses y programas educativos.<br \/>\nActualmente, debido a problemas pol\u00edticos y econ\u00f3micos, la mayor\u00eda de los Gobiernos est\u00e1n sobre enfatizando el desarrollo anticipado de las habilidades de escritura, lectura y c\u00e1lculo en nuestros ni\u00f1os en el nivel de educaci\u00f3n primaria. Esto socava radicalmente el enfoque hol\u00edstico de la primera educaci\u00f3n. Debido a estas pol\u00edticas, se est\u00e1n destrozando las bases y el sentido de la educaci\u00f3n de la primera infancia. Esto implica la p\u00e9rdida de valores esenciales, entre ellos, la creatividad, la imaginaci\u00f3n, la mentalidad abierta y la expresi\u00f3n art\u00edstica, afectando profundamente el derecho y la alegr\u00eda del ni\u00f1o y la ni\u00f1a a aprender a trav\u00e9s del juego.<br \/>\nSabemos actualmente que las Metas del Milenio de la Naciones Unidas de reducir la pobreza y darles a los ni\u00f1os y ni\u00f1as el derecho a la educaci\u00f3n no se alcanzar\u00e1. Por eso, el Congreso y la Asamblea mundial de la OMEP implora a todos los gobiernos a niveles locales y nacionales, reorientar sus planes y colocar recursos para que las metas sean alcanzadas. Los ni\u00f1os peque\u00f1os tienen la voluntad y son capaces de ser agentes de cambio. Los adultos deben escuchar a los ni\u00f1os y estar atentos a sus perspectivas e ideas en asuntos que se relacionan directamente con ellos.<\/p>\n<\/div>\n<\/div>\n<\/div>\n<\/div>\n<\/div>\n<\/div>\n<\/div>\n<\/div>\n<\/article>\n","protected":false},"excerpt":{"rendered":"<p>&nbsp; DECLARACI\u00d3N MUNDIAL DEL DERECHO Y DE LA ALEGRIA DE LOS NI\u00d1OS Y NI\u00d1AS A APRENDER A TRAV\u00c9S DEL JUEGO. OMEP 2010 (ORGANIZACI\u00d3N MUNDIAL PARA LA EDUCACI\u00d3N PREESCOLAR) La asamblea y el congreso mundial de OMEP en Gotenburgo, Suecia, en Agosto del 2010, representando a 72 pa\u00edses de los 5 continentes acordamos defender la Declaraci\u00f3n [&hellip;]<\/p>\n","protected":false},"author":1,"featured_media":0,"comment_status":"open","ping_status":"open","sticky":false,"template":"","format":"standard","meta":{"inline_featured_image":false,"footnotes":""},"categories":[1],"tags":[],"class_list":["post-297","post","type-post","status-publish","format-standard","hentry","category-sin-categoria"],"acf":[],"yoast_head":"<!-- This site is optimized with the Yoast SEO plugin v26.9 - https:\/\/yoast.com\/product\/yoast-seo-wordpress\/ -->\n<title>DERECHOS DEL NI\u00d1O - Infancia<\/title>\n<meta name=\"robots\" content=\"index, follow, max-snippet:-1, max-image-preview:large, max-video-preview:-1\" \/>\n<link rel=\"canonical\" href=\"https:\/\/web3.cl\/dev-infancia\/derechos-del-nino\/\" \/>\n<meta property=\"og:locale\" content=\"es_ES\" \/>\n<meta property=\"og:type\" content=\"article\" \/>\n<meta property=\"og:title\" content=\"DERECHOS DEL NI\u00d1O - Infancia\" \/>\n<meta property=\"og:description\" content=\"&nbsp; DECLARACI\u00d3N MUNDIAL DEL DERECHO Y DE LA ALEGRIA DE LOS NI\u00d1OS Y NI\u00d1AS A APRENDER A TRAV\u00c9S DEL JUEGO. OMEP 2010 (ORGANIZACI\u00d3N MUNDIAL PARA LA EDUCACI\u00d3N PREESCOLAR) La asamblea y el congreso mundial de OMEP en Gotenburgo, Suecia, en Agosto del 2010, representando a 72 pa\u00edses de los 5 continentes acordamos defender la Declaraci\u00f3n [&hellip;]\" \/>\n<meta property=\"og:url\" content=\"https:\/\/web3.cl\/dev-infancia\/derechos-del-nino\/\" \/>\n<meta property=\"og:site_name\" content=\"Infancia\" \/>\n<meta property=\"article:published_time\" content=\"2020-07-02T15:03:38+00:00\" \/>\n<meta property=\"article:modified_time\" content=\"2022-06-22T15:37:00+00:00\" \/>\n<meta name=\"author\" content=\"naitus\" \/>\n<meta name=\"twitter:card\" content=\"summary_large_image\" \/>\n<meta name=\"twitter:label1\" content=\"Escrito por\" \/>\n\t<meta name=\"twitter:data1\" content=\"naitus\" \/>\n\t<meta name=\"twitter:label2\" content=\"Tiempo estimado de lectura\" \/>\n\t<meta name=\"twitter:data2\" content=\"2 minutos\" \/>\n<script type=\"application\/ld+json\" class=\"yoast-schema-graph\">{\"@context\":\"https:\/\/schema.org\",\"@graph\":[{\"@type\":\"Article\",\"@id\":\"https:\/\/web3.cl\/dev-infancia\/derechos-del-nino\/#article\",\"isPartOf\":{\"@id\":\"https:\/\/web3.cl\/dev-infancia\/derechos-del-nino\/\"},\"author\":{\"name\":\"naitus\",\"@id\":\"https:\/\/web3.cl\/dev-infancia\/#\/schema\/person\/cfc69e69dbb20c8536fadb51155042d8\"},\"headline\":\"DERECHOS DEL NI\u00d1O\",\"datePublished\":\"2020-07-02T15:03:38+00:00\",\"dateModified\":\"2022-06-22T15:37:00+00:00\",\"mainEntityOfPage\":{\"@id\":\"https:\/\/web3.cl\/dev-infancia\/derechos-del-nino\/\"},\"wordCount\":326,\"commentCount\":0,\"inLanguage\":\"es-CL\",\"potentialAction\":[{\"@type\":\"CommentAction\",\"name\":\"Comment\",\"target\":[\"https:\/\/web3.cl\/dev-infancia\/derechos-del-nino\/#respond\"]}]},{\"@type\":\"WebPage\",\"@id\":\"https:\/\/web3.cl\/dev-infancia\/derechos-del-nino\/\",\"url\":\"https:\/\/web3.cl\/dev-infancia\/derechos-del-nino\/\",\"name\":\"DERECHOS DEL NI\u00d1O - Infancia\",\"isPartOf\":{\"@id\":\"https:\/\/web3.cl\/dev-infancia\/#website\"},\"datePublished\":\"2020-07-02T15:03:38+00:00\",\"dateModified\":\"2022-06-22T15:37:00+00:00\",\"author\":{\"@id\":\"https:\/\/web3.cl\/dev-infancia\/#\/schema\/person\/cfc69e69dbb20c8536fadb51155042d8\"},\"breadcrumb\":{\"@id\":\"https:\/\/web3.cl\/dev-infancia\/derechos-del-nino\/#breadcrumb\"},\"inLanguage\":\"es-CL\",\"potentialAction\":[{\"@type\":\"ReadAction\",\"target\":[\"https:\/\/web3.cl\/dev-infancia\/derechos-del-nino\/\"]}]},{\"@type\":\"BreadcrumbList\",\"@id\":\"https:\/\/web3.cl\/dev-infancia\/derechos-del-nino\/#breadcrumb\",\"itemListElement\":[{\"@type\":\"ListItem\",\"position\":1,\"name\":\"Portada\",\"item\":\"https:\/\/web3.cl\/dev-infancia\/\"},{\"@type\":\"ListItem\",\"position\":2,\"name\":\"DERECHOS DEL NI\u00d1O\"}]},{\"@type\":\"WebSite\",\"@id\":\"https:\/\/web3.cl\/dev-infancia\/#website\",\"url\":\"https:\/\/web3.cl\/dev-infancia\/\",\"name\":\"Infancia\",\"description\":\"Corporaci\u00f3n para la infancia de Santiago\",\"potentialAction\":[{\"@type\":\"SearchAction\",\"target\":{\"@type\":\"EntryPoint\",\"urlTemplate\":\"https:\/\/web3.cl\/dev-infancia\/?s={search_term_string}\"},\"query-input\":{\"@type\":\"PropertyValueSpecification\",\"valueRequired\":true,\"valueName\":\"search_term_string\"}}],\"inLanguage\":\"es-CL\"},{\"@type\":\"Person\",\"@id\":\"https:\/\/web3.cl\/dev-infancia\/#\/schema\/person\/cfc69e69dbb20c8536fadb51155042d8\",\"name\":\"naitus\",\"image\":{\"@type\":\"ImageObject\",\"inLanguage\":\"es-CL\",\"@id\":\"https:\/\/web3.cl\/dev-infancia\/#\/schema\/person\/image\/\",\"url\":\"https:\/\/secure.gravatar.com\/avatar\/d9d7d5af93146cf2cd9622f1b59d6c7df4310fe5833ecfd923eccfc3e2b5d19f?s=96&d=mm&r=g\",\"contentUrl\":\"https:\/\/secure.gravatar.com\/avatar\/d9d7d5af93146cf2cd9622f1b59d6c7df4310fe5833ecfd923eccfc3e2b5d19f?s=96&d=mm&r=g\",\"caption\":\"naitus\"},\"sameAs\":[\"https:\/\/web3.cl\/dev-infancia\"],\"url\":\"https:\/\/web3.cl\/dev-infancia\/author\/naitus\/\"}]}<\/script>\n<!-- \/ Yoast SEO plugin. -->","yoast_head_json":{"title":"DERECHOS DEL NI\u00d1O - Infancia","robots":{"index":"index","follow":"follow","max-snippet":"max-snippet:-1","max-image-preview":"max-image-preview:large","max-video-preview":"max-video-preview:-1"},"canonical":"https:\/\/web3.cl\/dev-infancia\/derechos-del-nino\/","og_locale":"es_ES","og_type":"article","og_title":"DERECHOS DEL NI\u00d1O - Infancia","og_description":"&nbsp; DECLARACI\u00d3N MUNDIAL DEL DERECHO Y DE LA ALEGRIA DE LOS NI\u00d1OS Y NI\u00d1AS A APRENDER A TRAV\u00c9S DEL JUEGO. OMEP 2010 (ORGANIZACI\u00d3N MUNDIAL PARA LA EDUCACI\u00d3N PREESCOLAR) La asamblea y el congreso mundial de OMEP en Gotenburgo, Suecia, en Agosto del 2010, representando a 72 pa\u00edses de los 5 continentes acordamos defender la Declaraci\u00f3n [&hellip;]","og_url":"https:\/\/web3.cl\/dev-infancia\/derechos-del-nino\/","og_site_name":"Infancia","article_published_time":"2020-07-02T15:03:38+00:00","article_modified_time":"2022-06-22T15:37:00+00:00","author":"naitus","twitter_card":"summary_large_image","twitter_misc":{"Escrito por":"naitus","Tiempo estimado de lectura":"2 minutos"},"schema":{"@context":"https:\/\/schema.org","@graph":[{"@type":"Article","@id":"https:\/\/web3.cl\/dev-infancia\/derechos-del-nino\/#article","isPartOf":{"@id":"https:\/\/web3.cl\/dev-infancia\/derechos-del-nino\/"},"author":{"name":"naitus","@id":"https:\/\/web3.cl\/dev-infancia\/#\/schema\/person\/cfc69e69dbb20c8536fadb51155042d8"},"headline":"DERECHOS DEL NI\u00d1O","datePublished":"2020-07-02T15:03:38+00:00","dateModified":"2022-06-22T15:37:00+00:00","mainEntityOfPage":{"@id":"https:\/\/web3.cl\/dev-infancia\/derechos-del-nino\/"},"wordCount":326,"commentCount":0,"inLanguage":"es-CL","potentialAction":[{"@type":"CommentAction","name":"Comment","target":["https:\/\/web3.cl\/dev-infancia\/derechos-del-nino\/#respond"]}]},{"@type":"WebPage","@id":"https:\/\/web3.cl\/dev-infancia\/derechos-del-nino\/","url":"https:\/\/web3.cl\/dev-infancia\/derechos-del-nino\/","name":"DERECHOS DEL NI\u00d1O - Infancia","isPartOf":{"@id":"https:\/\/web3.cl\/dev-infancia\/#website"},"datePublished":"2020-07-02T15:03:38+00:00","dateModified":"2022-06-22T15:37:00+00:00","author":{"@id":"https:\/\/web3.cl\/dev-infancia\/#\/schema\/person\/cfc69e69dbb20c8536fadb51155042d8"},"breadcrumb":{"@id":"https:\/\/web3.cl\/dev-infancia\/derechos-del-nino\/#breadcrumb"},"inLanguage":"es-CL","potentialAction":[{"@type":"ReadAction","target":["https:\/\/web3.cl\/dev-infancia\/derechos-del-nino\/"]}]},{"@type":"BreadcrumbList","@id":"https:\/\/web3.cl\/dev-infancia\/derechos-del-nino\/#breadcrumb","itemListElement":[{"@type":"ListItem","position":1,"name":"Portada","item":"https:\/\/web3.cl\/dev-infancia\/"},{"@type":"ListItem","position":2,"name":"DERECHOS DEL NI\u00d1O"}]},{"@type":"WebSite","@id":"https:\/\/web3.cl\/dev-infancia\/#website","url":"https:\/\/web3.cl\/dev-infancia\/","name":"Infancia","description":"Corporaci\u00f3n para la infancia de Santiago","potentialAction":[{"@type":"SearchAction","target":{"@type":"EntryPoint","urlTemplate":"https:\/\/web3.cl\/dev-infancia\/?s={search_term_string}"},"query-input":{"@type":"PropertyValueSpecification","valueRequired":true,"valueName":"search_term_string"}}],"inLanguage":"es-CL"},{"@type":"Person","@id":"https:\/\/web3.cl\/dev-infancia\/#\/schema\/person\/cfc69e69dbb20c8536fadb51155042d8","name":"naitus","image":{"@type":"ImageObject","inLanguage":"es-CL","@id":"https:\/\/web3.cl\/dev-infancia\/#\/schema\/person\/image\/","url":"https:\/\/secure.gravatar.com\/avatar\/d9d7d5af93146cf2cd9622f1b59d6c7df4310fe5833ecfd923eccfc3e2b5d19f?s=96&d=mm&r=g","contentUrl":"https:\/\/secure.gravatar.com\/avatar\/d9d7d5af93146cf2cd9622f1b59d6c7df4310fe5833ecfd923eccfc3e2b5d19f?s=96&d=mm&r=g","caption":"naitus"},"sameAs":["https:\/\/web3.cl\/dev-infancia"],"url":"https:\/\/web3.cl\/dev-infancia\/author\/naitus\/"}]}},"_links":{"self":[{"href":"https:\/\/web3.cl\/dev-infancia\/wp-json\/wp\/v2\/posts\/297","targetHints":{"allow":["GET"]}}],"collection":[{"href":"https:\/\/web3.cl\/dev-infancia\/wp-json\/wp\/v2\/posts"}],"about":[{"href":"https:\/\/web3.cl\/dev-infancia\/wp-json\/wp\/v2\/types\/post"}],"author":[{"embeddable":true,"href":"https:\/\/web3.cl\/dev-infancia\/wp-json\/wp\/v2\/users\/1"}],"replies":[{"embeddable":true,"href":"https:\/\/web3.cl\/dev-infancia\/wp-json\/wp\/v2\/comments?post=297"}],"version-history":[{"count":2,"href":"https:\/\/web3.cl\/dev-infancia\/wp-json\/wp\/v2\/posts\/297\/revisions"}],"predecessor-version":[{"id":1067,"href":"https:\/\/web3.cl\/dev-infancia\/wp-json\/wp\/v2\/posts\/297\/revisions\/1067"}],"wp:attachment":[{"href":"https:\/\/web3.cl\/dev-infancia\/wp-json\/wp\/v2\/media?parent=297"}],"wp:term":[{"taxonomy":"category","embeddable":true,"href":"https:\/\/web3.cl\/dev-infancia\/wp-json\/wp\/v2\/categories?post=297"},{"taxonomy":"post_tag","embeddable":true,"href":"https:\/\/web3.cl\/dev-infancia\/wp-json\/wp\/v2\/tags?post=297"}],"curies":[{"name":"wp","href":"https:\/\/api.w.org\/{rel}","templated":true}]}}