{"id":291,"date":"2020-07-02T11:59:39","date_gmt":"2020-07-02T14:59:39","guid":{"rendered":"https:\/\/web3.cl\/dev-infancia\/?p=291"},"modified":"2022-06-22T12:37:41","modified_gmt":"2022-06-22T15:37:41","slug":"efectos-de-la-musica-en-el-cerebro-de-los-ninos-y-las-ninas","status":"publish","type":"post","link":"https:\/\/web3.cl\/dev-infancia\/efectos-de-la-musica-en-el-cerebro-de-los-ninos-y-las-ninas\/","title":{"rendered":"EFECTOS DE LA M\u00daSICA EN EL CEREBRO DE LOS NI\u00d1OS Y LAS NI\u00d1AS"},"content":{"rendered":"<p>&nbsp;<\/p>\n<h2>M\u00daSICA PARA LOS NI\u00d1OS<\/h2>\n<p>La m\u00fasica es un elemento esencial en el desarrollo y aprendizaje de los ni\u00f1os\/as. La m\u00fasica no solo ayuda a que nuestros ni\u00f1os\/as se relajen, sino que tambi\u00e9n ayuda a desarrollar la memoria y el sentido de coordinaci\u00f3n del beb\u00e9.<\/p>\n<p>Aquellos ni\u00f1os\/as que crecen escuchando m\u00fasica,\u00a0 cantando canciones, y movi\u00e9ndose al ritmo de la m\u00fasica gozan de un mejor sistema sensorial, creando m\u00e1s enlaces en las conexiones neuronales del cerebro.<\/p>\n<p>Estudios demuestran que aquellos ni\u00f1os\/as que participan activamente en actividades relacionadas con la m\u00fasica son aquellos que hacen las mayores conexiones, porque la m\u00fasica en los ni\u00f1os\/as provoca:<\/p>\n<ul>\n<li>Un aumento en la capacidad de memoria, atenci\u00f3n y concentraci\u00f3n de los ni\u00f1os\/as.<\/li>\n<li>Mejora la habilidad para la resoluci\u00f3n de problemas matem\u00e1ticos y de razonamiento complejo.<\/li>\n<li>Hace que los ni\u00f1os\/as puedan expresarse.<\/li>\n<li>Al combinarse con el baile, estimula los sentidos, el equilibrio y el desarrollo muscular.<\/li>\n<li>Estimula la creatividad y la imaginaci\u00f3n infantil.<\/li>\n<li>Enriquece el intelecto.<\/li>\n<li>Hace que los ni\u00f1os\/as puedan interactuar entre s\u00ed.<\/li>\n<li>Aumenta la auto-estima de los ni\u00f1os\/as.<\/li>\n<\/ul>\n<p>La m\u00fasica tiene un efecto profundo en el estado de \u00e1nimo, en la inteligencia, en la memoria y en el lenguaje; como tambi\u00e9n en la salud y en sistema inmunol\u00f3gico. \u00a0El impacto de la m\u00fasica lo vemos todos los d\u00edas\u2026manipula nuestro estado de \u00e1nimo, enriquece nuestras vidas, y envuelve nuestras mentes.<\/p>\n<p>\u00bfC\u00f3mo afecta la m\u00fasica en nuestros ni\u00f1os\/as?<\/p>\n<ul>\n<li><strong>Inteligencia<\/strong>\u2014El escuchar m\u00fasica durante la infancia contribuye a crear ciertos patrones en el cerebro. \u00a0Nuestros ni\u00f1os\/as nacen con billones de neuronas en el cerebro. Si estas neuronas no son utilizadas se pierden con el tiempo. \u00a0Que los ni\u00f1os\/as reciban estimulo a trav\u00e9s de la m\u00fasica hace que m\u00e1s neuronas funcionen en el cerebro\u2026y mientras m\u00e1s neuronas se desarrollen, mas f\u00e1cil se les har\u00e1 aprender nuevas cosas y desarrollar nuevos talentos.<\/li>\n<li><strong>Memoria<\/strong>\u2014Los ni\u00f1os\/as pueden acordarse de m\u00fasica que han escuchado ya desde los tres meses de vida. Adem\u00e1s, el escuchar m\u00fasica tambi\u00e9n ayuda a los ni\u00f1os\/as a acordarse de c\u00f3mo hacer ciertas cosas, es decir, que si nuestros ni\u00f1os\/as aprenden a realizar cualquier tipo de tarea mientras escuchan m\u00fasica, favorece a que la siguiente vez que vuelvan a o\u00edr dicha melod\u00eda, recuerden con facilidad la tarea realizada y por tanto les sea m\u00e1s f\u00e1cil volver a reproducirla.<\/li>\n<li><strong>Entendimiento<\/strong>\u2014El entendimiento y el lenguaje son ayudados por la habilidad de procesar informaci\u00f3n m\u00e1s r\u00e1pidamente. \u00a0Aquellos ni\u00f1os\/as que escuchan m\u00fasica de manera regular tienen un mayor CI (Cociente Intelectual). \u00a0La habilidad de entender y \u00a0procesar el lenguaje se consigue al entender los varios sonidos que crea el lenguaje hablando. \u00a0Los ni\u00f1os\/as que suelen estar expuestos a la m\u00fasica se acostumbran a escuchar diferentes sonidos complejos, los cuales les ayudaran a discernir el lenguaje.<\/li>\n<li><strong>Emociones<\/strong>\u2014Las emociones y los estados de \u00e1nimo est\u00e1n directamente vinculados a la m\u00fasica. \u00a0Es dif\u00edcil para nosotros los adultos sentirnos felices durante una canci\u00f3n triste, como sentirnos tristes con una canci\u00f3n alegre. \u00a0Y as\u00ed mismo es para los ni\u00f1os\/as. \u00a0La m\u00fasica suave los ayuda a calmarlos, mientras que la m\u00fasica creativa los ayuda a estimularlos\/activarlos.<\/li>\n<li><strong>Salud<\/strong>\u2014La m\u00fasica puede tener un impacto poderoso en la salud. La m\u00fasica ayuda a restaurar las respiraciones, las cuales nos calman f\u00edsicamente y nos ayuda con la presi\u00f3n arterial y los latidos card\u00edacos. La m\u00fasica tambi\u00e9n tiene el efecto de aliviar el dolor y promover la mejora f\u00edsica.<\/li>\n<\/ul>\n<p><em>(Fuente: http:\/\/quetescuchen.com\/efectos-de-la-musica-en-el-cerebro-de-los-ninos\/)<\/em><\/p>\n","protected":false},"excerpt":{"rendered":"<p>&nbsp; M\u00daSICA PARA LOS NI\u00d1OS La m\u00fasica es un elemento esencial en el desarrollo y aprendizaje de los ni\u00f1os\/as. La m\u00fasica no solo ayuda a que nuestros ni\u00f1os\/as se relajen, sino que tambi\u00e9n ayuda a desarrollar la memoria y el sentido de coordinaci\u00f3n del beb\u00e9. Aquellos ni\u00f1os\/as que crecen escuchando m\u00fasica,\u00a0 cantando canciones, y movi\u00e9ndose [&hellip;]<\/p>\n","protected":false},"author":1,"featured_media":0,"comment_status":"open","ping_status":"open","sticky":false,"template":"","format":"standard","meta":{"inline_featured_image":false,"footnotes":""},"categories":[1],"tags":[],"class_list":["post-291","post","type-post","status-publish","format-standard","hentry","category-sin-categoria"],"acf":[],"yoast_head":"<!-- This site is optimized with the Yoast SEO plugin v26.9 - https:\/\/yoast.com\/product\/yoast-seo-wordpress\/ -->\n<title>EFECTOS DE LA M\u00daSICA EN EL CEREBRO DE LOS NI\u00d1OS Y LAS NI\u00d1AS - Infancia<\/title>\n<meta name=\"robots\" content=\"index, follow, max-snippet:-1, max-image-preview:large, max-video-preview:-1\" \/>\n<link rel=\"canonical\" href=\"https:\/\/web3.cl\/dev-infancia\/efectos-de-la-musica-en-el-cerebro-de-los-ninos-y-las-ninas\/\" \/>\n<meta property=\"og:locale\" content=\"es_ES\" \/>\n<meta property=\"og:type\" content=\"article\" \/>\n<meta property=\"og:title\" content=\"EFECTOS DE LA M\u00daSICA EN EL CEREBRO DE LOS NI\u00d1OS Y LAS NI\u00d1AS - Infancia\" \/>\n<meta property=\"og:description\" content=\"&nbsp; M\u00daSICA PARA LOS NI\u00d1OS La m\u00fasica es un elemento esencial en el desarrollo y aprendizaje de los ni\u00f1os\/as. La m\u00fasica no solo ayuda a que nuestros ni\u00f1os\/as se relajen, sino que tambi\u00e9n ayuda a desarrollar la memoria y el sentido de coordinaci\u00f3n del beb\u00e9. Aquellos ni\u00f1os\/as que crecen escuchando m\u00fasica,\u00a0 cantando canciones, y movi\u00e9ndose [&hellip;]\" \/>\n<meta property=\"og:url\" content=\"https:\/\/web3.cl\/dev-infancia\/efectos-de-la-musica-en-el-cerebro-de-los-ninos-y-las-ninas\/\" \/>\n<meta property=\"og:site_name\" content=\"Infancia\" \/>\n<meta property=\"article:published_time\" content=\"2020-07-02T14:59:39+00:00\" \/>\n<meta property=\"article:modified_time\" content=\"2022-06-22T15:37:41+00:00\" \/>\n<meta name=\"author\" content=\"naitus\" \/>\n<meta name=\"twitter:card\" content=\"summary_large_image\" \/>\n<meta name=\"twitter:label1\" content=\"Escrito por\" \/>\n\t<meta name=\"twitter:data1\" content=\"naitus\" \/>\n\t<meta name=\"twitter:label2\" content=\"Tiempo estimado de lectura\" \/>\n\t<meta name=\"twitter:data2\" content=\"3 minutos\" \/>\n<script type=\"application\/ld+json\" class=\"yoast-schema-graph\">{\"@context\":\"https:\/\/schema.org\",\"@graph\":[{\"@type\":\"Article\",\"@id\":\"https:\/\/web3.cl\/dev-infancia\/efectos-de-la-musica-en-el-cerebro-de-los-ninos-y-las-ninas\/#article\",\"isPartOf\":{\"@id\":\"https:\/\/web3.cl\/dev-infancia\/efectos-de-la-musica-en-el-cerebro-de-los-ninos-y-las-ninas\/\"},\"author\":{\"name\":\"naitus\",\"@id\":\"https:\/\/web3.cl\/dev-infancia\/#\/schema\/person\/cfc69e69dbb20c8536fadb51155042d8\"},\"headline\":\"EFECTOS DE LA M\u00daSICA EN EL CEREBRO DE LOS NI\u00d1OS Y LAS NI\u00d1AS\",\"datePublished\":\"2020-07-02T14:59:39+00:00\",\"dateModified\":\"2022-06-22T15:37:41+00:00\",\"mainEntityOfPage\":{\"@id\":\"https:\/\/web3.cl\/dev-infancia\/efectos-de-la-musica-en-el-cerebro-de-los-ninos-y-las-ninas\/\"},\"wordCount\":678,\"commentCount\":0,\"inLanguage\":\"es-CL\",\"potentialAction\":[{\"@type\":\"CommentAction\",\"name\":\"Comment\",\"target\":[\"https:\/\/web3.cl\/dev-infancia\/efectos-de-la-musica-en-el-cerebro-de-los-ninos-y-las-ninas\/#respond\"]}]},{\"@type\":\"WebPage\",\"@id\":\"https:\/\/web3.cl\/dev-infancia\/efectos-de-la-musica-en-el-cerebro-de-los-ninos-y-las-ninas\/\",\"url\":\"https:\/\/web3.cl\/dev-infancia\/efectos-de-la-musica-en-el-cerebro-de-los-ninos-y-las-ninas\/\",\"name\":\"EFECTOS DE LA M\u00daSICA EN EL CEREBRO DE LOS NI\u00d1OS Y LAS NI\u00d1AS - Infancia\",\"isPartOf\":{\"@id\":\"https:\/\/web3.cl\/dev-infancia\/#website\"},\"datePublished\":\"2020-07-02T14:59:39+00:00\",\"dateModified\":\"2022-06-22T15:37:41+00:00\",\"author\":{\"@id\":\"https:\/\/web3.cl\/dev-infancia\/#\/schema\/person\/cfc69e69dbb20c8536fadb51155042d8\"},\"breadcrumb\":{\"@id\":\"https:\/\/web3.cl\/dev-infancia\/efectos-de-la-musica-en-el-cerebro-de-los-ninos-y-las-ninas\/#breadcrumb\"},\"inLanguage\":\"es-CL\",\"potentialAction\":[{\"@type\":\"ReadAction\",\"target\":[\"https:\/\/web3.cl\/dev-infancia\/efectos-de-la-musica-en-el-cerebro-de-los-ninos-y-las-ninas\/\"]}]},{\"@type\":\"BreadcrumbList\",\"@id\":\"https:\/\/web3.cl\/dev-infancia\/efectos-de-la-musica-en-el-cerebro-de-los-ninos-y-las-ninas\/#breadcrumb\",\"itemListElement\":[{\"@type\":\"ListItem\",\"position\":1,\"name\":\"Portada\",\"item\":\"https:\/\/web3.cl\/dev-infancia\/\"},{\"@type\":\"ListItem\",\"position\":2,\"name\":\"EFECTOS DE LA M\u00daSICA EN EL CEREBRO DE LOS NI\u00d1OS Y LAS NI\u00d1AS\"}]},{\"@type\":\"WebSite\",\"@id\":\"https:\/\/web3.cl\/dev-infancia\/#website\",\"url\":\"https:\/\/web3.cl\/dev-infancia\/\",\"name\":\"Infancia\",\"description\":\"Corporaci\u00f3n para la infancia de Santiago\",\"potentialAction\":[{\"@type\":\"SearchAction\",\"target\":{\"@type\":\"EntryPoint\",\"urlTemplate\":\"https:\/\/web3.cl\/dev-infancia\/?s={search_term_string}\"},\"query-input\":{\"@type\":\"PropertyValueSpecification\",\"valueRequired\":true,\"valueName\":\"search_term_string\"}}],\"inLanguage\":\"es-CL\"},{\"@type\":\"Person\",\"@id\":\"https:\/\/web3.cl\/dev-infancia\/#\/schema\/person\/cfc69e69dbb20c8536fadb51155042d8\",\"name\":\"naitus\",\"image\":{\"@type\":\"ImageObject\",\"inLanguage\":\"es-CL\",\"@id\":\"https:\/\/web3.cl\/dev-infancia\/#\/schema\/person\/image\/\",\"url\":\"https:\/\/secure.gravatar.com\/avatar\/d9d7d5af93146cf2cd9622f1b59d6c7df4310fe5833ecfd923eccfc3e2b5d19f?s=96&d=mm&r=g\",\"contentUrl\":\"https:\/\/secure.gravatar.com\/avatar\/d9d7d5af93146cf2cd9622f1b59d6c7df4310fe5833ecfd923eccfc3e2b5d19f?s=96&d=mm&r=g\",\"caption\":\"naitus\"},\"sameAs\":[\"https:\/\/web3.cl\/dev-infancia\"],\"url\":\"https:\/\/web3.cl\/dev-infancia\/author\/naitus\/\"}]}<\/script>\n<!-- \/ Yoast SEO plugin. -->","yoast_head_json":{"title":"EFECTOS DE LA M\u00daSICA EN EL CEREBRO DE LOS NI\u00d1OS Y LAS NI\u00d1AS - Infancia","robots":{"index":"index","follow":"follow","max-snippet":"max-snippet:-1","max-image-preview":"max-image-preview:large","max-video-preview":"max-video-preview:-1"},"canonical":"https:\/\/web3.cl\/dev-infancia\/efectos-de-la-musica-en-el-cerebro-de-los-ninos-y-las-ninas\/","og_locale":"es_ES","og_type":"article","og_title":"EFECTOS DE LA M\u00daSICA EN EL CEREBRO DE LOS NI\u00d1OS Y LAS NI\u00d1AS - Infancia","og_description":"&nbsp; M\u00daSICA PARA LOS NI\u00d1OS La m\u00fasica es un elemento esencial en el desarrollo y aprendizaje de los ni\u00f1os\/as. La m\u00fasica no solo ayuda a que nuestros ni\u00f1os\/as se relajen, sino que tambi\u00e9n ayuda a desarrollar la memoria y el sentido de coordinaci\u00f3n del beb\u00e9. Aquellos ni\u00f1os\/as que crecen escuchando m\u00fasica,\u00a0 cantando canciones, y movi\u00e9ndose [&hellip;]","og_url":"https:\/\/web3.cl\/dev-infancia\/efectos-de-la-musica-en-el-cerebro-de-los-ninos-y-las-ninas\/","og_site_name":"Infancia","article_published_time":"2020-07-02T14:59:39+00:00","article_modified_time":"2022-06-22T15:37:41+00:00","author":"naitus","twitter_card":"summary_large_image","twitter_misc":{"Escrito por":"naitus","Tiempo estimado de lectura":"3 minutos"},"schema":{"@context":"https:\/\/schema.org","@graph":[{"@type":"Article","@id":"https:\/\/web3.cl\/dev-infancia\/efectos-de-la-musica-en-el-cerebro-de-los-ninos-y-las-ninas\/#article","isPartOf":{"@id":"https:\/\/web3.cl\/dev-infancia\/efectos-de-la-musica-en-el-cerebro-de-los-ninos-y-las-ninas\/"},"author":{"name":"naitus","@id":"https:\/\/web3.cl\/dev-infancia\/#\/schema\/person\/cfc69e69dbb20c8536fadb51155042d8"},"headline":"EFECTOS DE LA M\u00daSICA EN EL CEREBRO DE LOS NI\u00d1OS Y LAS NI\u00d1AS","datePublished":"2020-07-02T14:59:39+00:00","dateModified":"2022-06-22T15:37:41+00:00","mainEntityOfPage":{"@id":"https:\/\/web3.cl\/dev-infancia\/efectos-de-la-musica-en-el-cerebro-de-los-ninos-y-las-ninas\/"},"wordCount":678,"commentCount":0,"inLanguage":"es-CL","potentialAction":[{"@type":"CommentAction","name":"Comment","target":["https:\/\/web3.cl\/dev-infancia\/efectos-de-la-musica-en-el-cerebro-de-los-ninos-y-las-ninas\/#respond"]}]},{"@type":"WebPage","@id":"https:\/\/web3.cl\/dev-infancia\/efectos-de-la-musica-en-el-cerebro-de-los-ninos-y-las-ninas\/","url":"https:\/\/web3.cl\/dev-infancia\/efectos-de-la-musica-en-el-cerebro-de-los-ninos-y-las-ninas\/","name":"EFECTOS DE LA M\u00daSICA EN EL CEREBRO DE LOS NI\u00d1OS Y LAS NI\u00d1AS - Infancia","isPartOf":{"@id":"https:\/\/web3.cl\/dev-infancia\/#website"},"datePublished":"2020-07-02T14:59:39+00:00","dateModified":"2022-06-22T15:37:41+00:00","author":{"@id":"https:\/\/web3.cl\/dev-infancia\/#\/schema\/person\/cfc69e69dbb20c8536fadb51155042d8"},"breadcrumb":{"@id":"https:\/\/web3.cl\/dev-infancia\/efectos-de-la-musica-en-el-cerebro-de-los-ninos-y-las-ninas\/#breadcrumb"},"inLanguage":"es-CL","potentialAction":[{"@type":"ReadAction","target":["https:\/\/web3.cl\/dev-infancia\/efectos-de-la-musica-en-el-cerebro-de-los-ninos-y-las-ninas\/"]}]},{"@type":"BreadcrumbList","@id":"https:\/\/web3.cl\/dev-infancia\/efectos-de-la-musica-en-el-cerebro-de-los-ninos-y-las-ninas\/#breadcrumb","itemListElement":[{"@type":"ListItem","position":1,"name":"Portada","item":"https:\/\/web3.cl\/dev-infancia\/"},{"@type":"ListItem","position":2,"name":"EFECTOS DE LA M\u00daSICA EN EL CEREBRO DE LOS NI\u00d1OS Y LAS NI\u00d1AS"}]},{"@type":"WebSite","@id":"https:\/\/web3.cl\/dev-infancia\/#website","url":"https:\/\/web3.cl\/dev-infancia\/","name":"Infancia","description":"Corporaci\u00f3n para la infancia de Santiago","potentialAction":[{"@type":"SearchAction","target":{"@type":"EntryPoint","urlTemplate":"https:\/\/web3.cl\/dev-infancia\/?s={search_term_string}"},"query-input":{"@type":"PropertyValueSpecification","valueRequired":true,"valueName":"search_term_string"}}],"inLanguage":"es-CL"},{"@type":"Person","@id":"https:\/\/web3.cl\/dev-infancia\/#\/schema\/person\/cfc69e69dbb20c8536fadb51155042d8","name":"naitus","image":{"@type":"ImageObject","inLanguage":"es-CL","@id":"https:\/\/web3.cl\/dev-infancia\/#\/schema\/person\/image\/","url":"https:\/\/secure.gravatar.com\/avatar\/d9d7d5af93146cf2cd9622f1b59d6c7df4310fe5833ecfd923eccfc3e2b5d19f?s=96&d=mm&r=g","contentUrl":"https:\/\/secure.gravatar.com\/avatar\/d9d7d5af93146cf2cd9622f1b59d6c7df4310fe5833ecfd923eccfc3e2b5d19f?s=96&d=mm&r=g","caption":"naitus"},"sameAs":["https:\/\/web3.cl\/dev-infancia"],"url":"https:\/\/web3.cl\/dev-infancia\/author\/naitus\/"}]}},"_links":{"self":[{"href":"https:\/\/web3.cl\/dev-infancia\/wp-json\/wp\/v2\/posts\/291","targetHints":{"allow":["GET"]}}],"collection":[{"href":"https:\/\/web3.cl\/dev-infancia\/wp-json\/wp\/v2\/posts"}],"about":[{"href":"https:\/\/web3.cl\/dev-infancia\/wp-json\/wp\/v2\/types\/post"}],"author":[{"embeddable":true,"href":"https:\/\/web3.cl\/dev-infancia\/wp-json\/wp\/v2\/users\/1"}],"replies":[{"embeddable":true,"href":"https:\/\/web3.cl\/dev-infancia\/wp-json\/wp\/v2\/comments?post=291"}],"version-history":[{"count":2,"href":"https:\/\/web3.cl\/dev-infancia\/wp-json\/wp\/v2\/posts\/291\/revisions"}],"predecessor-version":[{"id":1069,"href":"https:\/\/web3.cl\/dev-infancia\/wp-json\/wp\/v2\/posts\/291\/revisions\/1069"}],"wp:attachment":[{"href":"https:\/\/web3.cl\/dev-infancia\/wp-json\/wp\/v2\/media?parent=291"}],"wp:term":[{"taxonomy":"category","embeddable":true,"href":"https:\/\/web3.cl\/dev-infancia\/wp-json\/wp\/v2\/categories?post=291"},{"taxonomy":"post_tag","embeddable":true,"href":"https:\/\/web3.cl\/dev-infancia\/wp-json\/wp\/v2\/tags?post=291"}],"curies":[{"name":"wp","href":"https:\/\/api.w.org\/{rel}","templated":true}]}}