{"id":274,"date":"2020-07-02T11:49:15","date_gmt":"2020-07-02T14:49:15","guid":{"rendered":"https:\/\/web3.cl\/dev-infancia\/?p=274"},"modified":"2022-06-06T11:53:26","modified_gmt":"2022-06-06T14:53:26","slug":"la-cis-celebra-la-diversidad-cultural","status":"publish","type":"post","link":"https:\/\/web3.cl\/dev-infancia\/la-cis-celebra-la-diversidad-cultural\/","title":{"rendered":"LA CIS CELEBRA LA DIVERSIDAD CULTURAL"},"content":{"rendered":"<p><img loading=\"lazy\" decoding=\"async\" class=\"alignnone size-medium wp-image-276\" src=\"https:\/\/web3.cl\/dev-infancia\/wp-content\/uploads\/2022\/06\/DIA-LA-DIVERSIDAD11-Medium-1024x578-1-860x400-1-300x140.jpg\" alt=\"\" width=\"300\" height=\"140\" srcset=\"https:\/\/web3.cl\/dev-infancia\/wp-content\/uploads\/2022\/06\/DIA-LA-DIVERSIDAD11-Medium-1024x578-1-860x400-1-300x140.jpg 300w, https:\/\/web3.cl\/dev-infancia\/wp-content\/uploads\/2022\/06\/DIA-LA-DIVERSIDAD11-Medium-1024x578-1-860x400-1-768x357.jpg 768w, https:\/\/web3.cl\/dev-infancia\/wp-content\/uploads\/2022\/06\/DIA-LA-DIVERSIDAD11-Medium-1024x578-1-860x400-1.jpg 860w\" sizes=\"auto, (max-width: 300px) 100vw, 300px\" \/> <img loading=\"lazy\" decoding=\"async\" class=\"alignnone size-medium wp-image-277\" src=\"https:\/\/web3.cl\/dev-infancia\/wp-content\/uploads\/2022\/06\/IMG_4924-1024x614-1-860x400-1-300x140.jpg\" alt=\"\" width=\"300\" height=\"140\" srcset=\"https:\/\/web3.cl\/dev-infancia\/wp-content\/uploads\/2022\/06\/IMG_4924-1024x614-1-860x400-1-300x140.jpg 300w, https:\/\/web3.cl\/dev-infancia\/wp-content\/uploads\/2022\/06\/IMG_4924-1024x614-1-860x400-1-768x357.jpg 768w, https:\/\/web3.cl\/dev-infancia\/wp-content\/uploads\/2022\/06\/IMG_4924-1024x614-1-860x400-1.jpg 860w\" sizes=\"auto, (max-width: 300px) 100vw, 300px\" \/> <img loading=\"lazy\" decoding=\"async\" class=\"alignnone size-medium wp-image-278\" src=\"https:\/\/web3.cl\/dev-infancia\/wp-content\/uploads\/2022\/06\/IMG_4932-1024x768-1-860x400-1-300x140.jpg\" alt=\"\" width=\"300\" height=\"140\" srcset=\"https:\/\/web3.cl\/dev-infancia\/wp-content\/uploads\/2022\/06\/IMG_4932-1024x768-1-860x400-1-300x140.jpg 300w, https:\/\/web3.cl\/dev-infancia\/wp-content\/uploads\/2022\/06\/IMG_4932-1024x768-1-860x400-1-768x357.jpg 768w, https:\/\/web3.cl\/dev-infancia\/wp-content\/uploads\/2022\/06\/IMG_4932-1024x768-1-860x400-1.jpg 860w\" sizes=\"auto, (max-width: 300px) 100vw, 300px\" \/><\/p>\n<p><img loading=\"lazy\" decoding=\"async\" class=\"alignnone size-medium wp-image-279\" src=\"https:\/\/web3.cl\/dev-infancia\/wp-content\/uploads\/2022\/06\/IMG_4950-1024x768-1-860x400-1-300x140.jpg\" alt=\"\" width=\"300\" height=\"140\" srcset=\"https:\/\/web3.cl\/dev-infancia\/wp-content\/uploads\/2022\/06\/IMG_4950-1024x768-1-860x400-1-300x140.jpg 300w, https:\/\/web3.cl\/dev-infancia\/wp-content\/uploads\/2022\/06\/IMG_4950-1024x768-1-860x400-1-768x357.jpg 768w, https:\/\/web3.cl\/dev-infancia\/wp-content\/uploads\/2022\/06\/IMG_4950-1024x768-1-860x400-1.jpg 860w\" sizes=\"auto, (max-width: 300px) 100vw, 300px\" \/> <img loading=\"lazy\" decoding=\"async\" class=\"alignnone  wp-image-275\" src=\"https:\/\/web3.cl\/dev-infancia\/wp-content\/uploads\/2022\/06\/IMG_4954-768x1024-1-768x400-1-300x156.jpg\" alt=\"\" width=\"267\" height=\"139\" srcset=\"https:\/\/web3.cl\/dev-infancia\/wp-content\/uploads\/2022\/06\/IMG_4954-768x1024-1-768x400-1-300x156.jpg 300w, https:\/\/web3.cl\/dev-infancia\/wp-content\/uploads\/2022\/06\/IMG_4954-768x1024-1-768x400-1.jpg 768w\" sizes=\"auto, (max-width: 267px) 100vw, 267px\" \/>\u00a0 \u00a0 \u00a0 \u00a0<img loading=\"lazy\" decoding=\"async\" class=\"alignnone  wp-image-280\" src=\"https:\/\/web3.cl\/dev-infancia\/wp-content\/uploads\/2022\/06\/IMG_4961-1024x768-1-860x400-1-300x140.jpg\" alt=\"\" width=\"293\" height=\"137\" srcset=\"https:\/\/web3.cl\/dev-infancia\/wp-content\/uploads\/2022\/06\/IMG_4961-1024x768-1-860x400-1-300x140.jpg 300w, https:\/\/web3.cl\/dev-infancia\/wp-content\/uploads\/2022\/06\/IMG_4961-1024x768-1-860x400-1-768x357.jpg 768w, https:\/\/web3.cl\/dev-infancia\/wp-content\/uploads\/2022\/06\/IMG_4961-1024x768-1-860x400-1.jpg 860w\" sizes=\"auto, (max-width: 293px) 100vw, 293px\" \/><\/p>\n<p><img loading=\"lazy\" decoding=\"async\" class=\"alignnone size-medium wp-image-281\" src=\"https:\/\/web3.cl\/dev-infancia\/wp-content\/uploads\/2022\/06\/IMG_4962-1024x768-1-860x400-1-300x140.jpg\" alt=\"\" width=\"300\" height=\"140\" srcset=\"https:\/\/web3.cl\/dev-infancia\/wp-content\/uploads\/2022\/06\/IMG_4962-1024x768-1-860x400-1-300x140.jpg 300w, https:\/\/web3.cl\/dev-infancia\/wp-content\/uploads\/2022\/06\/IMG_4962-1024x768-1-860x400-1-768x357.jpg 768w, https:\/\/web3.cl\/dev-infancia\/wp-content\/uploads\/2022\/06\/IMG_4962-1024x768-1-860x400-1.jpg 860w\" sizes=\"auto, (max-width: 300px) 100vw, 300px\" \/> <img loading=\"lazy\" decoding=\"async\" class=\"alignnone  wp-image-282\" src=\"https:\/\/web3.cl\/dev-infancia\/wp-content\/uploads\/2022\/06\/IMG_4967-768x1024-1-768x400-1-300x156.jpg\" alt=\"\" width=\"269\" height=\"140\" srcset=\"https:\/\/web3.cl\/dev-infancia\/wp-content\/uploads\/2022\/06\/IMG_4967-768x1024-1-768x400-1-300x156.jpg 300w, https:\/\/web3.cl\/dev-infancia\/wp-content\/uploads\/2022\/06\/IMG_4967-768x1024-1-768x400-1.jpg 768w\" sizes=\"auto, (max-width: 269px) 100vw, 269px\" \/><\/p>\n<h2>MOMENTOS \u00daNICOS DE LA DIVERSIDAD<\/h2>\n<p>La riqueza cultural de nuestra comuna de Santiago, fortalece las oportunidades de aprendizaje para nuestra primera infancia. Muestra de ello es que los ni\u00f1os y ni\u00f1as de Santiago son protagonistas de la educaci\u00f3n inclusiva que favorecemos en nuestra organizaci\u00f3n, relevando los distintos elementos que se desprenden de la cultura de los pa\u00edses de origen de sus familias e incorpor\u00e1ndolos en el quehacer educativo diario.<\/p>\n","protected":false},"excerpt":{"rendered":"<p>\u00a0 \u00a0 \u00a0 \u00a0 MOMENTOS \u00daNICOS DE LA DIVERSIDAD La riqueza cultural de nuestra comuna de Santiago, fortalece las oportunidades de aprendizaje para nuestra primera infancia. Muestra de ello es que los ni\u00f1os y ni\u00f1as de Santiago son protagonistas de la educaci\u00f3n inclusiva que favorecemos en nuestra organizaci\u00f3n, relevando los distintos elementos que se desprenden [&hellip;]<\/p>\n","protected":false},"author":1,"featured_media":0,"comment_status":"open","ping_status":"open","sticky":false,"template":"","format":"standard","meta":{"inline_featured_image":false,"footnotes":""},"categories":[1],"tags":[],"class_list":["post-274","post","type-post","status-publish","format-standard","hentry","category-sin-categoria"],"acf":[],"yoast_head":"<!-- This site is optimized with the Yoast SEO plugin v26.9 - https:\/\/yoast.com\/product\/yoast-seo-wordpress\/ -->\n<title>LA CIS CELEBRA LA DIVERSIDAD CULTURAL - Infancia<\/title>\n<meta name=\"robots\" content=\"index, follow, max-snippet:-1, max-image-preview:large, max-video-preview:-1\" \/>\n<link rel=\"canonical\" href=\"https:\/\/web3.cl\/dev-infancia\/la-cis-celebra-la-diversidad-cultural\/\" \/>\n<meta property=\"og:locale\" content=\"es_ES\" \/>\n<meta property=\"og:type\" content=\"article\" \/>\n<meta property=\"og:title\" content=\"LA CIS CELEBRA LA DIVERSIDAD CULTURAL - Infancia\" \/>\n<meta property=\"og:description\" content=\"\u00a0 \u00a0 \u00a0 \u00a0 MOMENTOS \u00daNICOS DE LA DIVERSIDAD La riqueza cultural de nuestra comuna de Santiago, fortalece las oportunidades de aprendizaje para nuestra primera infancia. Muestra de ello es que los ni\u00f1os y ni\u00f1as de Santiago son protagonistas de la educaci\u00f3n inclusiva que favorecemos en nuestra organizaci\u00f3n, relevando los distintos elementos que se desprenden [&hellip;]\" \/>\n<meta property=\"og:url\" content=\"https:\/\/web3.cl\/dev-infancia\/la-cis-celebra-la-diversidad-cultural\/\" \/>\n<meta property=\"og:site_name\" content=\"Infancia\" \/>\n<meta property=\"article:published_time\" content=\"2020-07-02T14:49:15+00:00\" \/>\n<meta property=\"article:modified_time\" content=\"2022-06-06T14:53:26+00:00\" \/>\n<meta property=\"og:image\" content=\"https:\/\/web3.cl\/dev-infancia\/wp-content\/uploads\/2022\/06\/DIA-LA-DIVERSIDAD11-Medium-1024x578-1-860x400-1-300x140.jpg\" \/>\n<meta name=\"author\" content=\"naitus\" \/>\n<meta name=\"twitter:card\" content=\"summary_large_image\" \/>\n<meta name=\"twitter:label1\" content=\"Escrito por\" \/>\n\t<meta name=\"twitter:data1\" content=\"naitus\" \/>\n<script type=\"application\/ld+json\" class=\"yoast-schema-graph\">{\"@context\":\"https:\/\/schema.org\",\"@graph\":[{\"@type\":\"Article\",\"@id\":\"https:\/\/web3.cl\/dev-infancia\/la-cis-celebra-la-diversidad-cultural\/#article\",\"isPartOf\":{\"@id\":\"https:\/\/web3.cl\/dev-infancia\/la-cis-celebra-la-diversidad-cultural\/\"},\"author\":{\"name\":\"naitus\",\"@id\":\"https:\/\/web3.cl\/dev-infancia\/#\/schema\/person\/cfc69e69dbb20c8536fadb51155042d8\"},\"headline\":\"LA CIS CELEBRA LA DIVERSIDAD CULTURAL\",\"datePublished\":\"2020-07-02T14:49:15+00:00\",\"dateModified\":\"2022-06-06T14:53:26+00:00\",\"mainEntityOfPage\":{\"@id\":\"https:\/\/web3.cl\/dev-infancia\/la-cis-celebra-la-diversidad-cultural\/\"},\"wordCount\":81,\"commentCount\":0,\"image\":{\"@id\":\"https:\/\/web3.cl\/dev-infancia\/la-cis-celebra-la-diversidad-cultural\/#primaryimage\"},\"thumbnailUrl\":\"https:\/\/web3.cl\/dev-infancia\/wp-content\/uploads\/2022\/06\/DIA-LA-DIVERSIDAD11-Medium-1024x578-1-860x400-1-300x140.jpg\",\"inLanguage\":\"es-CL\",\"potentialAction\":[{\"@type\":\"CommentAction\",\"name\":\"Comment\",\"target\":[\"https:\/\/web3.cl\/dev-infancia\/la-cis-celebra-la-diversidad-cultural\/#respond\"]}]},{\"@type\":\"WebPage\",\"@id\":\"https:\/\/web3.cl\/dev-infancia\/la-cis-celebra-la-diversidad-cultural\/\",\"url\":\"https:\/\/web3.cl\/dev-infancia\/la-cis-celebra-la-diversidad-cultural\/\",\"name\":\"LA CIS CELEBRA LA DIVERSIDAD CULTURAL - Infancia\",\"isPartOf\":{\"@id\":\"https:\/\/web3.cl\/dev-infancia\/#website\"},\"primaryImageOfPage\":{\"@id\":\"https:\/\/web3.cl\/dev-infancia\/la-cis-celebra-la-diversidad-cultural\/#primaryimage\"},\"image\":{\"@id\":\"https:\/\/web3.cl\/dev-infancia\/la-cis-celebra-la-diversidad-cultural\/#primaryimage\"},\"thumbnailUrl\":\"https:\/\/web3.cl\/dev-infancia\/wp-content\/uploads\/2022\/06\/DIA-LA-DIVERSIDAD11-Medium-1024x578-1-860x400-1-300x140.jpg\",\"datePublished\":\"2020-07-02T14:49:15+00:00\",\"dateModified\":\"2022-06-06T14:53:26+00:00\",\"author\":{\"@id\":\"https:\/\/web3.cl\/dev-infancia\/#\/schema\/person\/cfc69e69dbb20c8536fadb51155042d8\"},\"breadcrumb\":{\"@id\":\"https:\/\/web3.cl\/dev-infancia\/la-cis-celebra-la-diversidad-cultural\/#breadcrumb\"},\"inLanguage\":\"es-CL\",\"potentialAction\":[{\"@type\":\"ReadAction\",\"target\":[\"https:\/\/web3.cl\/dev-infancia\/la-cis-celebra-la-diversidad-cultural\/\"]}]},{\"@type\":\"ImageObject\",\"inLanguage\":\"es-CL\",\"@id\":\"https:\/\/web3.cl\/dev-infancia\/la-cis-celebra-la-diversidad-cultural\/#primaryimage\",\"url\":\"https:\/\/web3.cl\/dev-infancia\/wp-content\/uploads\/2022\/06\/DIA-LA-DIVERSIDAD11-Medium-1024x578-1-860x400-1.jpg\",\"contentUrl\":\"https:\/\/web3.cl\/dev-infancia\/wp-content\/uploads\/2022\/06\/DIA-LA-DIVERSIDAD11-Medium-1024x578-1-860x400-1.jpg\",\"width\":860,\"height\":400},{\"@type\":\"BreadcrumbList\",\"@id\":\"https:\/\/web3.cl\/dev-infancia\/la-cis-celebra-la-diversidad-cultural\/#breadcrumb\",\"itemListElement\":[{\"@type\":\"ListItem\",\"position\":1,\"name\":\"Portada\",\"item\":\"https:\/\/web3.cl\/dev-infancia\/\"},{\"@type\":\"ListItem\",\"position\":2,\"name\":\"LA CIS CELEBRA LA DIVERSIDAD CULTURAL\"}]},{\"@type\":\"WebSite\",\"@id\":\"https:\/\/web3.cl\/dev-infancia\/#website\",\"url\":\"https:\/\/web3.cl\/dev-infancia\/\",\"name\":\"Infancia\",\"description\":\"Corporaci\u00f3n para la infancia de Santiago\",\"potentialAction\":[{\"@type\":\"SearchAction\",\"target\":{\"@type\":\"EntryPoint\",\"urlTemplate\":\"https:\/\/web3.cl\/dev-infancia\/?s={search_term_string}\"},\"query-input\":{\"@type\":\"PropertyValueSpecification\",\"valueRequired\":true,\"valueName\":\"search_term_string\"}}],\"inLanguage\":\"es-CL\"},{\"@type\":\"Person\",\"@id\":\"https:\/\/web3.cl\/dev-infancia\/#\/schema\/person\/cfc69e69dbb20c8536fadb51155042d8\",\"name\":\"naitus\",\"image\":{\"@type\":\"ImageObject\",\"inLanguage\":\"es-CL\",\"@id\":\"https:\/\/web3.cl\/dev-infancia\/#\/schema\/person\/image\/\",\"url\":\"https:\/\/secure.gravatar.com\/avatar\/d9d7d5af93146cf2cd9622f1b59d6c7df4310fe5833ecfd923eccfc3e2b5d19f?s=96&d=mm&r=g\",\"contentUrl\":\"https:\/\/secure.gravatar.com\/avatar\/d9d7d5af93146cf2cd9622f1b59d6c7df4310fe5833ecfd923eccfc3e2b5d19f?s=96&d=mm&r=g\",\"caption\":\"naitus\"},\"sameAs\":[\"https:\/\/web3.cl\/dev-infancia\"],\"url\":\"https:\/\/web3.cl\/dev-infancia\/author\/naitus\/\"}]}<\/script>\n<!-- \/ Yoast SEO plugin. -->","yoast_head_json":{"title":"LA CIS CELEBRA LA DIVERSIDAD CULTURAL - Infancia","robots":{"index":"index","follow":"follow","max-snippet":"max-snippet:-1","max-image-preview":"max-image-preview:large","max-video-preview":"max-video-preview:-1"},"canonical":"https:\/\/web3.cl\/dev-infancia\/la-cis-celebra-la-diversidad-cultural\/","og_locale":"es_ES","og_type":"article","og_title":"LA CIS CELEBRA LA DIVERSIDAD CULTURAL - Infancia","og_description":"\u00a0 \u00a0 \u00a0 \u00a0 MOMENTOS \u00daNICOS DE LA DIVERSIDAD La riqueza cultural de nuestra comuna de Santiago, fortalece las oportunidades de aprendizaje para nuestra primera infancia. Muestra de ello es que los ni\u00f1os y ni\u00f1as de Santiago son protagonistas de la educaci\u00f3n inclusiva que favorecemos en nuestra organizaci\u00f3n, relevando los distintos elementos que se desprenden [&hellip;]","og_url":"https:\/\/web3.cl\/dev-infancia\/la-cis-celebra-la-diversidad-cultural\/","og_site_name":"Infancia","article_published_time":"2020-07-02T14:49:15+00:00","article_modified_time":"2022-06-06T14:53:26+00:00","og_image":[{"url":"https:\/\/web3.cl\/dev-infancia\/wp-content\/uploads\/2022\/06\/DIA-LA-DIVERSIDAD11-Medium-1024x578-1-860x400-1-300x140.jpg","type":"","width":"","height":""}],"author":"naitus","twitter_card":"summary_large_image","twitter_misc":{"Escrito por":"naitus"},"schema":{"@context":"https:\/\/schema.org","@graph":[{"@type":"Article","@id":"https:\/\/web3.cl\/dev-infancia\/la-cis-celebra-la-diversidad-cultural\/#article","isPartOf":{"@id":"https:\/\/web3.cl\/dev-infancia\/la-cis-celebra-la-diversidad-cultural\/"},"author":{"name":"naitus","@id":"https:\/\/web3.cl\/dev-infancia\/#\/schema\/person\/cfc69e69dbb20c8536fadb51155042d8"},"headline":"LA CIS CELEBRA LA DIVERSIDAD CULTURAL","datePublished":"2020-07-02T14:49:15+00:00","dateModified":"2022-06-06T14:53:26+00:00","mainEntityOfPage":{"@id":"https:\/\/web3.cl\/dev-infancia\/la-cis-celebra-la-diversidad-cultural\/"},"wordCount":81,"commentCount":0,"image":{"@id":"https:\/\/web3.cl\/dev-infancia\/la-cis-celebra-la-diversidad-cultural\/#primaryimage"},"thumbnailUrl":"https:\/\/web3.cl\/dev-infancia\/wp-content\/uploads\/2022\/06\/DIA-LA-DIVERSIDAD11-Medium-1024x578-1-860x400-1-300x140.jpg","inLanguage":"es-CL","potentialAction":[{"@type":"CommentAction","name":"Comment","target":["https:\/\/web3.cl\/dev-infancia\/la-cis-celebra-la-diversidad-cultural\/#respond"]}]},{"@type":"WebPage","@id":"https:\/\/web3.cl\/dev-infancia\/la-cis-celebra-la-diversidad-cultural\/","url":"https:\/\/web3.cl\/dev-infancia\/la-cis-celebra-la-diversidad-cultural\/","name":"LA CIS CELEBRA LA DIVERSIDAD CULTURAL - Infancia","isPartOf":{"@id":"https:\/\/web3.cl\/dev-infancia\/#website"},"primaryImageOfPage":{"@id":"https:\/\/web3.cl\/dev-infancia\/la-cis-celebra-la-diversidad-cultural\/#primaryimage"},"image":{"@id":"https:\/\/web3.cl\/dev-infancia\/la-cis-celebra-la-diversidad-cultural\/#primaryimage"},"thumbnailUrl":"https:\/\/web3.cl\/dev-infancia\/wp-content\/uploads\/2022\/06\/DIA-LA-DIVERSIDAD11-Medium-1024x578-1-860x400-1-300x140.jpg","datePublished":"2020-07-02T14:49:15+00:00","dateModified":"2022-06-06T14:53:26+00:00","author":{"@id":"https:\/\/web3.cl\/dev-infancia\/#\/schema\/person\/cfc69e69dbb20c8536fadb51155042d8"},"breadcrumb":{"@id":"https:\/\/web3.cl\/dev-infancia\/la-cis-celebra-la-diversidad-cultural\/#breadcrumb"},"inLanguage":"es-CL","potentialAction":[{"@type":"ReadAction","target":["https:\/\/web3.cl\/dev-infancia\/la-cis-celebra-la-diversidad-cultural\/"]}]},{"@type":"ImageObject","inLanguage":"es-CL","@id":"https:\/\/web3.cl\/dev-infancia\/la-cis-celebra-la-diversidad-cultural\/#primaryimage","url":"https:\/\/web3.cl\/dev-infancia\/wp-content\/uploads\/2022\/06\/DIA-LA-DIVERSIDAD11-Medium-1024x578-1-860x400-1.jpg","contentUrl":"https:\/\/web3.cl\/dev-infancia\/wp-content\/uploads\/2022\/06\/DIA-LA-DIVERSIDAD11-Medium-1024x578-1-860x400-1.jpg","width":860,"height":400},{"@type":"BreadcrumbList","@id":"https:\/\/web3.cl\/dev-infancia\/la-cis-celebra-la-diversidad-cultural\/#breadcrumb","itemListElement":[{"@type":"ListItem","position":1,"name":"Portada","item":"https:\/\/web3.cl\/dev-infancia\/"},{"@type":"ListItem","position":2,"name":"LA CIS CELEBRA LA DIVERSIDAD CULTURAL"}]},{"@type":"WebSite","@id":"https:\/\/web3.cl\/dev-infancia\/#website","url":"https:\/\/web3.cl\/dev-infancia\/","name":"Infancia","description":"Corporaci\u00f3n para la infancia de Santiago","potentialAction":[{"@type":"SearchAction","target":{"@type":"EntryPoint","urlTemplate":"https:\/\/web3.cl\/dev-infancia\/?s={search_term_string}"},"query-input":{"@type":"PropertyValueSpecification","valueRequired":true,"valueName":"search_term_string"}}],"inLanguage":"es-CL"},{"@type":"Person","@id":"https:\/\/web3.cl\/dev-infancia\/#\/schema\/person\/cfc69e69dbb20c8536fadb51155042d8","name":"naitus","image":{"@type":"ImageObject","inLanguage":"es-CL","@id":"https:\/\/web3.cl\/dev-infancia\/#\/schema\/person\/image\/","url":"https:\/\/secure.gravatar.com\/avatar\/d9d7d5af93146cf2cd9622f1b59d6c7df4310fe5833ecfd923eccfc3e2b5d19f?s=96&d=mm&r=g","contentUrl":"https:\/\/secure.gravatar.com\/avatar\/d9d7d5af93146cf2cd9622f1b59d6c7df4310fe5833ecfd923eccfc3e2b5d19f?s=96&d=mm&r=g","caption":"naitus"},"sameAs":["https:\/\/web3.cl\/dev-infancia"],"url":"https:\/\/web3.cl\/dev-infancia\/author\/naitus\/"}]}},"_links":{"self":[{"href":"https:\/\/web3.cl\/dev-infancia\/wp-json\/wp\/v2\/posts\/274","targetHints":{"allow":["GET"]}}],"collection":[{"href":"https:\/\/web3.cl\/dev-infancia\/wp-json\/wp\/v2\/posts"}],"about":[{"href":"https:\/\/web3.cl\/dev-infancia\/wp-json\/wp\/v2\/types\/post"}],"author":[{"embeddable":true,"href":"https:\/\/web3.cl\/dev-infancia\/wp-json\/wp\/v2\/users\/1"}],"replies":[{"embeddable":true,"href":"https:\/\/web3.cl\/dev-infancia\/wp-json\/wp\/v2\/comments?post=274"}],"version-history":[{"count":1,"href":"https:\/\/web3.cl\/dev-infancia\/wp-json\/wp\/v2\/posts\/274\/revisions"}],"predecessor-version":[{"id":283,"href":"https:\/\/web3.cl\/dev-infancia\/wp-json\/wp\/v2\/posts\/274\/revisions\/283"}],"wp:attachment":[{"href":"https:\/\/web3.cl\/dev-infancia\/wp-json\/wp\/v2\/media?parent=274"}],"wp:term":[{"taxonomy":"category","embeddable":true,"href":"https:\/\/web3.cl\/dev-infancia\/wp-json\/wp\/v2\/categories?post=274"},{"taxonomy":"post_tag","embeddable":true,"href":"https:\/\/web3.cl\/dev-infancia\/wp-json\/wp\/v2\/tags?post=274"}],"curies":[{"name":"wp","href":"https:\/\/api.w.org\/{rel}","templated":true}]}}