{"id":271,"date":"2020-06-03T11:45:58","date_gmt":"2020-06-03T14:45:58","guid":{"rendered":"https:\/\/web3.cl\/dev-infancia\/?p=271"},"modified":"2022-06-06T11:48:38","modified_gmt":"2022-06-06T14:48:38","slug":"proceso-de-postulacion-jardines-infantiles-y-salas-cuna-cis-santiago","status":"publish","type":"post","link":"https:\/\/web3.cl\/dev-infancia\/proceso-de-postulacion-jardines-infantiles-y-salas-cuna-cis-santiago\/","title":{"rendered":"PROCESO DE POSTULACI\u00d3N JARDINES INFANTILES Y SALAS CUNA CIS SANTIAGO"},"content":{"rendered":"<p>Desde el<strong>\u00a04 de Noviembre 2019 al 15 de Enero 2020<\/strong>, se inicia el proceso de postulaci\u00f3n a los Jardines infantiles y Salas Cunas de la Corporaci\u00f3n para la Infancia de Santiago de la I. Municipalidad de Santiago para todos quienes necesitan matr\u00edcula para ni\u00f1os y ni\u00f1as entre los 3 meses y los 3 a\u00f1os para el periodo 2020.<\/p>\n<p>En este proceso es importante que cada familia se acerque al centro educativo m\u00e1s cercano a su domicilio para solicitar una hora de postulaci\u00f3n, en la que deber\u00e1 tener presente la siguiente informaci\u00f3n de requisitos y documentaci\u00f3n:<\/p>\n<p><strong>SALA CUNA Y JARDINES INFANTILES<\/strong><\/p>\n<p><strong>REQUISITOS (EDAD):<\/strong><br \/>\n\u2013 SALA CUNA: Lactantes que tenga cumplidos 3 meses a 1 a\u00f1o 11 meses de edad al 31 de Marzo 2020<br \/>\n\u2013 JARDINES INFANTILES: Ni\u00f1os que tengan cumplidos 2 a 3 a\u00f1os de edad al 31 de Marzo del 2020<\/p>\n<p><strong>DOCUMENTOS:<\/strong><br \/>\n\u2013 Fotocopia de Certificado de nacimiento del ni\u00f1@.<br \/>\n\u2013 Documento que acredite actividad que realizan los padres que viven con el ni\u00f1@:<br \/>\n1. Padres que trabajan: Fotocopia de liquidaci\u00f3n de sueldo o contrato de trabajo<br \/>\n2. Padres que estudian: Fotocopia de certificado de estudio o documento que acredite esta situaci\u00f3n.<br \/>\n\u2013 Fotocopia del Carnet de Identidad de los Padres (ambos lados) o pasaporte<br \/>\n\u2013 Otros que la Directora de cada centro educativo pueda solicitar.<\/p>\n<p>En caso de que los padres cuenten con c\u00e9dula de identidad deben solicitar en el Municipio que corresponde a su domicilio la aplicaci\u00f3n del Registro Social de Hogares.<\/p>\n<p>Los resultados de este proceso se publicar\u00e1n en la puerta principal de cada uno de los Jardines Infantiles y Salas Cuna, la \u00faltima semana del mes de Enero 2020.<\/p>\n<p><strong>Frente a cualquier duda pueden comunicarse al 232206673 \u2013 232206676<\/strong><\/p>\n","protected":false},"excerpt":{"rendered":"<p>Desde el\u00a04 de Noviembre 2019 al 15 de Enero 2020, se inicia el proceso de postulaci\u00f3n a los Jardines infantiles y Salas Cunas de la Corporaci\u00f3n para la Infancia de Santiago de la I. Municipalidad de Santiago para todos quienes necesitan matr\u00edcula para ni\u00f1os y ni\u00f1as entre los 3 meses y los 3 a\u00f1os para [&hellip;]<\/p>\n","protected":false},"author":1,"featured_media":0,"comment_status":"open","ping_status":"open","sticky":false,"template":"","format":"standard","meta":{"inline_featured_image":false,"footnotes":""},"categories":[1],"tags":[],"class_list":["post-271","post","type-post","status-publish","format-standard","hentry","category-sin-categoria"],"acf":[],"yoast_head":"<!-- This site is optimized with the Yoast SEO plugin v26.9 - https:\/\/yoast.com\/product\/yoast-seo-wordpress\/ -->\n<title>PROCESO DE POSTULACI\u00d3N JARDINES INFANTILES Y SALAS CUNA CIS SANTIAGO - Infancia<\/title>\n<meta name=\"robots\" content=\"index, follow, max-snippet:-1, max-image-preview:large, max-video-preview:-1\" \/>\n<link rel=\"canonical\" href=\"https:\/\/web3.cl\/dev-infancia\/proceso-de-postulacion-jardines-infantiles-y-salas-cuna-cis-santiago\/\" \/>\n<meta property=\"og:locale\" content=\"es_ES\" \/>\n<meta property=\"og:type\" content=\"article\" \/>\n<meta property=\"og:title\" content=\"PROCESO DE POSTULACI\u00d3N JARDINES INFANTILES Y SALAS CUNA CIS SANTIAGO - Infancia\" \/>\n<meta property=\"og:description\" content=\"Desde el\u00a04 de Noviembre 2019 al 15 de Enero 2020, se inicia el proceso de postulaci\u00f3n a los Jardines infantiles y Salas Cunas de la Corporaci\u00f3n para la Infancia de Santiago de la I. Municipalidad de Santiago para todos quienes necesitan matr\u00edcula para ni\u00f1os y ni\u00f1as entre los 3 meses y los 3 a\u00f1os para [&hellip;]\" \/>\n<meta property=\"og:url\" content=\"https:\/\/web3.cl\/dev-infancia\/proceso-de-postulacion-jardines-infantiles-y-salas-cuna-cis-santiago\/\" \/>\n<meta property=\"og:site_name\" content=\"Infancia\" \/>\n<meta property=\"article:published_time\" content=\"2020-06-03T14:45:58+00:00\" \/>\n<meta property=\"article:modified_time\" content=\"2022-06-06T14:48:38+00:00\" \/>\n<meta name=\"author\" content=\"naitus\" \/>\n<meta name=\"twitter:card\" content=\"summary_large_image\" \/>\n<meta name=\"twitter:label1\" content=\"Escrito por\" \/>\n\t<meta name=\"twitter:data1\" content=\"naitus\" \/>\n\t<meta name=\"twitter:label2\" content=\"Tiempo estimado de lectura\" \/>\n\t<meta name=\"twitter:data2\" content=\"1 minuto\" \/>\n<script type=\"application\/ld+json\" class=\"yoast-schema-graph\">{\"@context\":\"https:\/\/schema.org\",\"@graph\":[{\"@type\":\"Article\",\"@id\":\"https:\/\/web3.cl\/dev-infancia\/proceso-de-postulacion-jardines-infantiles-y-salas-cuna-cis-santiago\/#article\",\"isPartOf\":{\"@id\":\"https:\/\/web3.cl\/dev-infancia\/proceso-de-postulacion-jardines-infantiles-y-salas-cuna-cis-santiago\/\"},\"author\":{\"name\":\"naitus\",\"@id\":\"https:\/\/web3.cl\/dev-infancia\/#\/schema\/person\/cfc69e69dbb20c8536fadb51155042d8\"},\"headline\":\"PROCESO DE POSTULACI\u00d3N JARDINES INFANTILES Y SALAS CUNA CIS SANTIAGO\",\"datePublished\":\"2020-06-03T14:45:58+00:00\",\"dateModified\":\"2022-06-06T14:48:38+00:00\",\"mainEntityOfPage\":{\"@id\":\"https:\/\/web3.cl\/dev-infancia\/proceso-de-postulacion-jardines-infantiles-y-salas-cuna-cis-santiago\/\"},\"wordCount\":286,\"commentCount\":0,\"inLanguage\":\"es-CL\",\"potentialAction\":[{\"@type\":\"CommentAction\",\"name\":\"Comment\",\"target\":[\"https:\/\/web3.cl\/dev-infancia\/proceso-de-postulacion-jardines-infantiles-y-salas-cuna-cis-santiago\/#respond\"]}]},{\"@type\":\"WebPage\",\"@id\":\"https:\/\/web3.cl\/dev-infancia\/proceso-de-postulacion-jardines-infantiles-y-salas-cuna-cis-santiago\/\",\"url\":\"https:\/\/web3.cl\/dev-infancia\/proceso-de-postulacion-jardines-infantiles-y-salas-cuna-cis-santiago\/\",\"name\":\"PROCESO DE POSTULACI\u00d3N JARDINES INFANTILES Y SALAS CUNA CIS SANTIAGO - Infancia\",\"isPartOf\":{\"@id\":\"https:\/\/web3.cl\/dev-infancia\/#website\"},\"datePublished\":\"2020-06-03T14:45:58+00:00\",\"dateModified\":\"2022-06-06T14:48:38+00:00\",\"author\":{\"@id\":\"https:\/\/web3.cl\/dev-infancia\/#\/schema\/person\/cfc69e69dbb20c8536fadb51155042d8\"},\"breadcrumb\":{\"@id\":\"https:\/\/web3.cl\/dev-infancia\/proceso-de-postulacion-jardines-infantiles-y-salas-cuna-cis-santiago\/#breadcrumb\"},\"inLanguage\":\"es-CL\",\"potentialAction\":[{\"@type\":\"ReadAction\",\"target\":[\"https:\/\/web3.cl\/dev-infancia\/proceso-de-postulacion-jardines-infantiles-y-salas-cuna-cis-santiago\/\"]}]},{\"@type\":\"BreadcrumbList\",\"@id\":\"https:\/\/web3.cl\/dev-infancia\/proceso-de-postulacion-jardines-infantiles-y-salas-cuna-cis-santiago\/#breadcrumb\",\"itemListElement\":[{\"@type\":\"ListItem\",\"position\":1,\"name\":\"Portada\",\"item\":\"https:\/\/web3.cl\/dev-infancia\/\"},{\"@type\":\"ListItem\",\"position\":2,\"name\":\"PROCESO DE POSTULACI\u00d3N JARDINES INFANTILES Y SALAS CUNA CIS SANTIAGO\"}]},{\"@type\":\"WebSite\",\"@id\":\"https:\/\/web3.cl\/dev-infancia\/#website\",\"url\":\"https:\/\/web3.cl\/dev-infancia\/\",\"name\":\"Infancia\",\"description\":\"Corporaci\u00f3n para la infancia de Santiago\",\"potentialAction\":[{\"@type\":\"SearchAction\",\"target\":{\"@type\":\"EntryPoint\",\"urlTemplate\":\"https:\/\/web3.cl\/dev-infancia\/?s={search_term_string}\"},\"query-input\":{\"@type\":\"PropertyValueSpecification\",\"valueRequired\":true,\"valueName\":\"search_term_string\"}}],\"inLanguage\":\"es-CL\"},{\"@type\":\"Person\",\"@id\":\"https:\/\/web3.cl\/dev-infancia\/#\/schema\/person\/cfc69e69dbb20c8536fadb51155042d8\",\"name\":\"naitus\",\"image\":{\"@type\":\"ImageObject\",\"inLanguage\":\"es-CL\",\"@id\":\"https:\/\/web3.cl\/dev-infancia\/#\/schema\/person\/image\/\",\"url\":\"https:\/\/secure.gravatar.com\/avatar\/d9d7d5af93146cf2cd9622f1b59d6c7df4310fe5833ecfd923eccfc3e2b5d19f?s=96&d=mm&r=g\",\"contentUrl\":\"https:\/\/secure.gravatar.com\/avatar\/d9d7d5af93146cf2cd9622f1b59d6c7df4310fe5833ecfd923eccfc3e2b5d19f?s=96&d=mm&r=g\",\"caption\":\"naitus\"},\"sameAs\":[\"https:\/\/web3.cl\/dev-infancia\"],\"url\":\"https:\/\/web3.cl\/dev-infancia\/author\/naitus\/\"}]}<\/script>\n<!-- \/ Yoast SEO plugin. -->","yoast_head_json":{"title":"PROCESO DE POSTULACI\u00d3N JARDINES INFANTILES Y SALAS CUNA CIS SANTIAGO - Infancia","robots":{"index":"index","follow":"follow","max-snippet":"max-snippet:-1","max-image-preview":"max-image-preview:large","max-video-preview":"max-video-preview:-1"},"canonical":"https:\/\/web3.cl\/dev-infancia\/proceso-de-postulacion-jardines-infantiles-y-salas-cuna-cis-santiago\/","og_locale":"es_ES","og_type":"article","og_title":"PROCESO DE POSTULACI\u00d3N JARDINES INFANTILES Y SALAS CUNA CIS SANTIAGO - Infancia","og_description":"Desde el\u00a04 de Noviembre 2019 al 15 de Enero 2020, se inicia el proceso de postulaci\u00f3n a los Jardines infantiles y Salas Cunas de la Corporaci\u00f3n para la Infancia de Santiago de la I. Municipalidad de Santiago para todos quienes necesitan matr\u00edcula para ni\u00f1os y ni\u00f1as entre los 3 meses y los 3 a\u00f1os para [&hellip;]","og_url":"https:\/\/web3.cl\/dev-infancia\/proceso-de-postulacion-jardines-infantiles-y-salas-cuna-cis-santiago\/","og_site_name":"Infancia","article_published_time":"2020-06-03T14:45:58+00:00","article_modified_time":"2022-06-06T14:48:38+00:00","author":"naitus","twitter_card":"summary_large_image","twitter_misc":{"Escrito por":"naitus","Tiempo estimado de lectura":"1 minuto"},"schema":{"@context":"https:\/\/schema.org","@graph":[{"@type":"Article","@id":"https:\/\/web3.cl\/dev-infancia\/proceso-de-postulacion-jardines-infantiles-y-salas-cuna-cis-santiago\/#article","isPartOf":{"@id":"https:\/\/web3.cl\/dev-infancia\/proceso-de-postulacion-jardines-infantiles-y-salas-cuna-cis-santiago\/"},"author":{"name":"naitus","@id":"https:\/\/web3.cl\/dev-infancia\/#\/schema\/person\/cfc69e69dbb20c8536fadb51155042d8"},"headline":"PROCESO DE POSTULACI\u00d3N JARDINES INFANTILES Y SALAS CUNA CIS SANTIAGO","datePublished":"2020-06-03T14:45:58+00:00","dateModified":"2022-06-06T14:48:38+00:00","mainEntityOfPage":{"@id":"https:\/\/web3.cl\/dev-infancia\/proceso-de-postulacion-jardines-infantiles-y-salas-cuna-cis-santiago\/"},"wordCount":286,"commentCount":0,"inLanguage":"es-CL","potentialAction":[{"@type":"CommentAction","name":"Comment","target":["https:\/\/web3.cl\/dev-infancia\/proceso-de-postulacion-jardines-infantiles-y-salas-cuna-cis-santiago\/#respond"]}]},{"@type":"WebPage","@id":"https:\/\/web3.cl\/dev-infancia\/proceso-de-postulacion-jardines-infantiles-y-salas-cuna-cis-santiago\/","url":"https:\/\/web3.cl\/dev-infancia\/proceso-de-postulacion-jardines-infantiles-y-salas-cuna-cis-santiago\/","name":"PROCESO DE POSTULACI\u00d3N JARDINES INFANTILES Y SALAS CUNA CIS SANTIAGO - Infancia","isPartOf":{"@id":"https:\/\/web3.cl\/dev-infancia\/#website"},"datePublished":"2020-06-03T14:45:58+00:00","dateModified":"2022-06-06T14:48:38+00:00","author":{"@id":"https:\/\/web3.cl\/dev-infancia\/#\/schema\/person\/cfc69e69dbb20c8536fadb51155042d8"},"breadcrumb":{"@id":"https:\/\/web3.cl\/dev-infancia\/proceso-de-postulacion-jardines-infantiles-y-salas-cuna-cis-santiago\/#breadcrumb"},"inLanguage":"es-CL","potentialAction":[{"@type":"ReadAction","target":["https:\/\/web3.cl\/dev-infancia\/proceso-de-postulacion-jardines-infantiles-y-salas-cuna-cis-santiago\/"]}]},{"@type":"BreadcrumbList","@id":"https:\/\/web3.cl\/dev-infancia\/proceso-de-postulacion-jardines-infantiles-y-salas-cuna-cis-santiago\/#breadcrumb","itemListElement":[{"@type":"ListItem","position":1,"name":"Portada","item":"https:\/\/web3.cl\/dev-infancia\/"},{"@type":"ListItem","position":2,"name":"PROCESO DE POSTULACI\u00d3N JARDINES INFANTILES Y SALAS CUNA CIS SANTIAGO"}]},{"@type":"WebSite","@id":"https:\/\/web3.cl\/dev-infancia\/#website","url":"https:\/\/web3.cl\/dev-infancia\/","name":"Infancia","description":"Corporaci\u00f3n para la infancia de Santiago","potentialAction":[{"@type":"SearchAction","target":{"@type":"EntryPoint","urlTemplate":"https:\/\/web3.cl\/dev-infancia\/?s={search_term_string}"},"query-input":{"@type":"PropertyValueSpecification","valueRequired":true,"valueName":"search_term_string"}}],"inLanguage":"es-CL"},{"@type":"Person","@id":"https:\/\/web3.cl\/dev-infancia\/#\/schema\/person\/cfc69e69dbb20c8536fadb51155042d8","name":"naitus","image":{"@type":"ImageObject","inLanguage":"es-CL","@id":"https:\/\/web3.cl\/dev-infancia\/#\/schema\/person\/image\/","url":"https:\/\/secure.gravatar.com\/avatar\/d9d7d5af93146cf2cd9622f1b59d6c7df4310fe5833ecfd923eccfc3e2b5d19f?s=96&d=mm&r=g","contentUrl":"https:\/\/secure.gravatar.com\/avatar\/d9d7d5af93146cf2cd9622f1b59d6c7df4310fe5833ecfd923eccfc3e2b5d19f?s=96&d=mm&r=g","caption":"naitus"},"sameAs":["https:\/\/web3.cl\/dev-infancia"],"url":"https:\/\/web3.cl\/dev-infancia\/author\/naitus\/"}]}},"_links":{"self":[{"href":"https:\/\/web3.cl\/dev-infancia\/wp-json\/wp\/v2\/posts\/271","targetHints":{"allow":["GET"]}}],"collection":[{"href":"https:\/\/web3.cl\/dev-infancia\/wp-json\/wp\/v2\/posts"}],"about":[{"href":"https:\/\/web3.cl\/dev-infancia\/wp-json\/wp\/v2\/types\/post"}],"author":[{"embeddable":true,"href":"https:\/\/web3.cl\/dev-infancia\/wp-json\/wp\/v2\/users\/1"}],"replies":[{"embeddable":true,"href":"https:\/\/web3.cl\/dev-infancia\/wp-json\/wp\/v2\/comments?post=271"}],"version-history":[{"count":1,"href":"https:\/\/web3.cl\/dev-infancia\/wp-json\/wp\/v2\/posts\/271\/revisions"}],"predecessor-version":[{"id":273,"href":"https:\/\/web3.cl\/dev-infancia\/wp-json\/wp\/v2\/posts\/271\/revisions\/273"}],"wp:attachment":[{"href":"https:\/\/web3.cl\/dev-infancia\/wp-json\/wp\/v2\/media?parent=271"}],"wp:term":[{"taxonomy":"category","embeddable":true,"href":"https:\/\/web3.cl\/dev-infancia\/wp-json\/wp\/v2\/categories?post=271"},{"taxonomy":"post_tag","embeddable":true,"href":"https:\/\/web3.cl\/dev-infancia\/wp-json\/wp\/v2\/tags?post=271"}],"curies":[{"name":"wp","href":"https:\/\/api.w.org\/{rel}","templated":true}]}}