{"id":261,"date":"2020-06-03T11:42:59","date_gmt":"2020-06-03T14:42:59","guid":{"rendered":"https:\/\/web3.cl\/dev-infancia\/?p=261"},"modified":"2022-06-20T11:44:43","modified_gmt":"2022-06-20T14:44:43","slug":"celebracion-de-la-convencion-de-los-derechos-del-nino-y-la-nina","status":"publish","type":"post","link":"https:\/\/web3.cl\/dev-infancia\/celebracion-de-la-convencion-de-los-derechos-del-nino-y-la-nina\/","title":{"rendered":"CELEBRACI\u00d3N DE LA CONVENCI\u00d3N DE LOS DERECHOS DEL NI\u00d1O Y LA NI\u00d1A"},"content":{"rendered":"<p><img loading=\"lazy\" decoding=\"async\" class=\"alignnone size-medium wp-image-262\" src=\"https:\/\/web3.cl\/dev-infancia\/wp-content\/uploads\/2022\/06\/Derechos-del-nino-9-860x400-1-300x140.jpeg\" alt=\"\" width=\"300\" height=\"140\" srcset=\"https:\/\/web3.cl\/dev-infancia\/wp-content\/uploads\/2022\/06\/Derechos-del-nino-9-860x400-1-300x140.jpeg 300w, https:\/\/web3.cl\/dev-infancia\/wp-content\/uploads\/2022\/06\/Derechos-del-nino-9-860x400-1-768x357.jpeg 768w, https:\/\/web3.cl\/dev-infancia\/wp-content\/uploads\/2022\/06\/Derechos-del-nino-9-860x400-1.jpeg 860w\" sizes=\"auto, (max-width: 300px) 100vw, 300px\" \/>\u00a0 \u00a0 <img loading=\"lazy\" decoding=\"async\" class=\"alignnone size-medium wp-image-263\" src=\"https:\/\/web3.cl\/dev-infancia\/wp-content\/uploads\/2022\/06\/Derechos-del-nino-6-860x400-1-300x140.jpeg\" alt=\"\" width=\"300\" height=\"140\" srcset=\"https:\/\/web3.cl\/dev-infancia\/wp-content\/uploads\/2022\/06\/Derechos-del-nino-6-860x400-1-300x140.jpeg 300w, https:\/\/web3.cl\/dev-infancia\/wp-content\/uploads\/2022\/06\/Derechos-del-nino-6-860x400-1-768x357.jpeg 768w, https:\/\/web3.cl\/dev-infancia\/wp-content\/uploads\/2022\/06\/Derechos-del-nino-6-860x400-1.jpeg 860w\" sizes=\"auto, (max-width: 300px) 100vw, 300px\" \/> <img loading=\"lazy\" decoding=\"async\" class=\"alignnone size-medium wp-image-265\" src=\"https:\/\/web3.cl\/dev-infancia\/wp-content\/uploads\/2022\/06\/Derechos-del-nino-5-860x400-1-300x140.jpeg\" alt=\"\" width=\"300\" height=\"140\" srcset=\"https:\/\/web3.cl\/dev-infancia\/wp-content\/uploads\/2022\/06\/Derechos-del-nino-5-860x400-1-300x140.jpeg 300w, https:\/\/web3.cl\/dev-infancia\/wp-content\/uploads\/2022\/06\/Derechos-del-nino-5-860x400-1-768x357.jpeg 768w, https:\/\/web3.cl\/dev-infancia\/wp-content\/uploads\/2022\/06\/Derechos-del-nino-5-860x400-1.jpeg 860w\" sizes=\"auto, (max-width: 300px) 100vw, 300px\" \/><\/p>\n<p><img loading=\"lazy\" decoding=\"async\" class=\"alignnone size-medium wp-image-266\" src=\"https:\/\/web3.cl\/dev-infancia\/wp-content\/uploads\/2022\/06\/Derechos-del-nino-4-860x400-1-300x140.jpeg\" alt=\"\" width=\"300\" height=\"140\" srcset=\"https:\/\/web3.cl\/dev-infancia\/wp-content\/uploads\/2022\/06\/Derechos-del-nino-4-860x400-1-300x140.jpeg 300w, https:\/\/web3.cl\/dev-infancia\/wp-content\/uploads\/2022\/06\/Derechos-del-nino-4-860x400-1-768x357.jpeg 768w, https:\/\/web3.cl\/dev-infancia\/wp-content\/uploads\/2022\/06\/Derechos-del-nino-4-860x400-1.jpeg 860w\" sizes=\"auto, (max-width: 300px) 100vw, 300px\" \/><img loading=\"lazy\" decoding=\"async\" class=\"alignnone size-medium wp-image-267\" src=\"https:\/\/web3.cl\/dev-infancia\/wp-content\/uploads\/2022\/06\/Derechos-del-nino-11-860x400-1-300x140.jpeg\" alt=\"\" width=\"300\" height=\"140\" srcset=\"https:\/\/web3.cl\/dev-infancia\/wp-content\/uploads\/2022\/06\/Derechos-del-nino-11-860x400-1-300x140.jpeg 300w, https:\/\/web3.cl\/dev-infancia\/wp-content\/uploads\/2022\/06\/Derechos-del-nino-11-860x400-1-768x357.jpeg 768w, https:\/\/web3.cl\/dev-infancia\/wp-content\/uploads\/2022\/06\/Derechos-del-nino-11-860x400-1.jpeg 860w\" sizes=\"auto, (max-width: 300px) 100vw, 300px\" \/>\u00a0 <img loading=\"lazy\" decoding=\"async\" class=\"alignnone size-medium wp-image-268\" src=\"https:\/\/web3.cl\/dev-infancia\/wp-content\/uploads\/2022\/06\/Derechos-del-nino-10-860x400-1-300x140.jpeg\" alt=\"\" width=\"300\" height=\"140\" srcset=\"https:\/\/web3.cl\/dev-infancia\/wp-content\/uploads\/2022\/06\/Derechos-del-nino-10-860x400-1-300x140.jpeg 300w, https:\/\/web3.cl\/dev-infancia\/wp-content\/uploads\/2022\/06\/Derechos-del-nino-10-860x400-1-768x357.jpeg 768w, https:\/\/web3.cl\/dev-infancia\/wp-content\/uploads\/2022\/06\/Derechos-del-nino-10-860x400-1.jpeg 860w\" sizes=\"auto, (max-width: 300px) 100vw, 300px\" \/><\/p>\n<p><img loading=\"lazy\" decoding=\"async\" class=\"alignnone size-medium wp-image-269\" src=\"https:\/\/web3.cl\/dev-infancia\/wp-content\/uploads\/2022\/06\/WDerechos-del-nino-7-860x400-1-300x140.jpeg\" alt=\"\" width=\"300\" height=\"140\" srcset=\"https:\/\/web3.cl\/dev-infancia\/wp-content\/uploads\/2022\/06\/WDerechos-del-nino-7-860x400-1-300x140.jpeg 300w, https:\/\/web3.cl\/dev-infancia\/wp-content\/uploads\/2022\/06\/WDerechos-del-nino-7-860x400-1-768x357.jpeg 768w, https:\/\/web3.cl\/dev-infancia\/wp-content\/uploads\/2022\/06\/WDerechos-del-nino-7-860x400-1.jpeg 860w\" sizes=\"auto, (max-width: 300px) 100vw, 300px\" \/><\/p>\n<p>En el marco de la celebraci\u00f3n de la Convenci\u00f3n de los Derechos del ni\u00f1o y la ni\u00f1a, nuestros Centros Educativos desarrollan y participan de distintas experiencias orientadas a celebrar este importante tratado internacional, que reconoce a los ni\u00f1os y ni\u00f1as como sujetos de derecho. Parte de esta celebraci\u00f3n se enmarc\u00f3 en la actividad desarrollada el d\u00eda 21 de Noviembre en el Museo Hist\u00f3rico Militar, instancia en la cual un grupo de ni\u00f1os y ni\u00f1as de los Jardines Infantiles Copiap\u00f3 y Padre Alberto Hurtado, compartieron distintas experiencias pensadas especialmente para ellos con la participaci\u00f3n de Deporte Santiago, 4\u00b0 Comisar\u00eda de Carabineros, Oficina de la Infancia, Chile Crece Contigo, Fantasilandia, entre otros.<\/p>\n","protected":false},"excerpt":{"rendered":"<p>En el marco de la celebraci\u00f3n de la Convenci\u00f3n de los Derechos del ni\u00f1o y la ni\u00f1a, nuestros Centros Educativos desarrollan y participan de distintas experiencias orientadas a celebrar este importante tratado internacional, que reconoce a los ni\u00f1os y ni\u00f1as como sujetos de derecho&#8230;<\/p>\n","protected":false},"author":1,"featured_media":0,"comment_status":"open","ping_status":"open","sticky":false,"template":"","format":"standard","meta":{"inline_featured_image":false,"footnotes":""},"categories":[1],"tags":[],"class_list":["post-261","post","type-post","status-publish","format-standard","hentry","category-sin-categoria"],"acf":[],"yoast_head":"<!-- This site is optimized with the Yoast SEO plugin v26.9 - https:\/\/yoast.com\/product\/yoast-seo-wordpress\/ -->\n<title>CELEBRACI\u00d3N DE LA CONVENCI\u00d3N DE LOS DERECHOS DEL NI\u00d1O Y LA NI\u00d1A - Infancia<\/title>\n<meta name=\"robots\" content=\"index, follow, max-snippet:-1, max-image-preview:large, max-video-preview:-1\" \/>\n<link rel=\"canonical\" href=\"https:\/\/web3.cl\/dev-infancia\/celebracion-de-la-convencion-de-los-derechos-del-nino-y-la-nina\/\" \/>\n<meta property=\"og:locale\" content=\"es_ES\" \/>\n<meta property=\"og:type\" content=\"article\" \/>\n<meta property=\"og:title\" content=\"CELEBRACI\u00d3N DE LA CONVENCI\u00d3N DE LOS DERECHOS DEL NI\u00d1O Y LA NI\u00d1A - Infancia\" \/>\n<meta property=\"og:description\" content=\"En el marco de la celebraci\u00f3n de la Convenci\u00f3n de los Derechos del ni\u00f1o y la ni\u00f1a, nuestros Centros Educativos desarrollan y participan de distintas experiencias orientadas a celebrar este importante tratado internacional, que reconoce a los ni\u00f1os y ni\u00f1as como sujetos de derecho...\" \/>\n<meta property=\"og:url\" content=\"https:\/\/web3.cl\/dev-infancia\/celebracion-de-la-convencion-de-los-derechos-del-nino-y-la-nina\/\" \/>\n<meta property=\"og:site_name\" content=\"Infancia\" \/>\n<meta property=\"article:published_time\" content=\"2020-06-03T14:42:59+00:00\" \/>\n<meta property=\"article:modified_time\" content=\"2022-06-20T14:44:43+00:00\" \/>\n<meta property=\"og:image\" content=\"https:\/\/web3.cl\/dev-infancia\/wp-content\/uploads\/2022\/06\/Derechos-del-nino-9-860x400-1-300x140.jpeg\" \/>\n<meta name=\"author\" content=\"naitus\" \/>\n<meta name=\"twitter:card\" content=\"summary_large_image\" \/>\n<meta name=\"twitter:label1\" content=\"Escrito por\" \/>\n\t<meta name=\"twitter:data1\" content=\"naitus\" \/>\n\t<meta name=\"twitter:label2\" content=\"Tiempo estimado de lectura\" \/>\n\t<meta name=\"twitter:data2\" content=\"1 minuto\" \/>\n<script type=\"application\/ld+json\" class=\"yoast-schema-graph\">{\"@context\":\"https:\/\/schema.org\",\"@graph\":[{\"@type\":\"Article\",\"@id\":\"https:\/\/web3.cl\/dev-infancia\/celebracion-de-la-convencion-de-los-derechos-del-nino-y-la-nina\/#article\",\"isPartOf\":{\"@id\":\"https:\/\/web3.cl\/dev-infancia\/celebracion-de-la-convencion-de-los-derechos-del-nino-y-la-nina\/\"},\"author\":{\"name\":\"naitus\",\"@id\":\"https:\/\/web3.cl\/dev-infancia\/#\/schema\/person\/cfc69e69dbb20c8536fadb51155042d8\"},\"headline\":\"CELEBRACI\u00d3N DE LA CONVENCI\u00d3N DE LOS DERECHOS DEL NI\u00d1O Y LA NI\u00d1A\",\"datePublished\":\"2020-06-03T14:42:59+00:00\",\"dateModified\":\"2022-06-20T14:44:43+00:00\",\"mainEntityOfPage\":{\"@id\":\"https:\/\/web3.cl\/dev-infancia\/celebracion-de-la-convencion-de-los-derechos-del-nino-y-la-nina\/\"},\"wordCount\":137,\"commentCount\":0,\"image\":{\"@id\":\"https:\/\/web3.cl\/dev-infancia\/celebracion-de-la-convencion-de-los-derechos-del-nino-y-la-nina\/#primaryimage\"},\"thumbnailUrl\":\"https:\/\/web3.cl\/dev-infancia\/wp-content\/uploads\/2022\/06\/Derechos-del-nino-9-860x400-1-300x140.jpeg\",\"inLanguage\":\"es-CL\",\"potentialAction\":[{\"@type\":\"CommentAction\",\"name\":\"Comment\",\"target\":[\"https:\/\/web3.cl\/dev-infancia\/celebracion-de-la-convencion-de-los-derechos-del-nino-y-la-nina\/#respond\"]}]},{\"@type\":\"WebPage\",\"@id\":\"https:\/\/web3.cl\/dev-infancia\/celebracion-de-la-convencion-de-los-derechos-del-nino-y-la-nina\/\",\"url\":\"https:\/\/web3.cl\/dev-infancia\/celebracion-de-la-convencion-de-los-derechos-del-nino-y-la-nina\/\",\"name\":\"CELEBRACI\u00d3N DE LA CONVENCI\u00d3N DE LOS DERECHOS DEL NI\u00d1O Y LA NI\u00d1A - Infancia\",\"isPartOf\":{\"@id\":\"https:\/\/web3.cl\/dev-infancia\/#website\"},\"primaryImageOfPage\":{\"@id\":\"https:\/\/web3.cl\/dev-infancia\/celebracion-de-la-convencion-de-los-derechos-del-nino-y-la-nina\/#primaryimage\"},\"image\":{\"@id\":\"https:\/\/web3.cl\/dev-infancia\/celebracion-de-la-convencion-de-los-derechos-del-nino-y-la-nina\/#primaryimage\"},\"thumbnailUrl\":\"https:\/\/web3.cl\/dev-infancia\/wp-content\/uploads\/2022\/06\/Derechos-del-nino-9-860x400-1-300x140.jpeg\",\"datePublished\":\"2020-06-03T14:42:59+00:00\",\"dateModified\":\"2022-06-20T14:44:43+00:00\",\"author\":{\"@id\":\"https:\/\/web3.cl\/dev-infancia\/#\/schema\/person\/cfc69e69dbb20c8536fadb51155042d8\"},\"breadcrumb\":{\"@id\":\"https:\/\/web3.cl\/dev-infancia\/celebracion-de-la-convencion-de-los-derechos-del-nino-y-la-nina\/#breadcrumb\"},\"inLanguage\":\"es-CL\",\"potentialAction\":[{\"@type\":\"ReadAction\",\"target\":[\"https:\/\/web3.cl\/dev-infancia\/celebracion-de-la-convencion-de-los-derechos-del-nino-y-la-nina\/\"]}]},{\"@type\":\"ImageObject\",\"inLanguage\":\"es-CL\",\"@id\":\"https:\/\/web3.cl\/dev-infancia\/celebracion-de-la-convencion-de-los-derechos-del-nino-y-la-nina\/#primaryimage\",\"url\":\"https:\/\/web3.cl\/dev-infancia\/wp-content\/uploads\/2022\/06\/Derechos-del-nino-9-860x400-1.jpeg\",\"contentUrl\":\"https:\/\/web3.cl\/dev-infancia\/wp-content\/uploads\/2022\/06\/Derechos-del-nino-9-860x400-1.jpeg\",\"width\":860,\"height\":400},{\"@type\":\"BreadcrumbList\",\"@id\":\"https:\/\/web3.cl\/dev-infancia\/celebracion-de-la-convencion-de-los-derechos-del-nino-y-la-nina\/#breadcrumb\",\"itemListElement\":[{\"@type\":\"ListItem\",\"position\":1,\"name\":\"Portada\",\"item\":\"https:\/\/web3.cl\/dev-infancia\/\"},{\"@type\":\"ListItem\",\"position\":2,\"name\":\"CELEBRACI\u00d3N DE LA CONVENCI\u00d3N DE LOS DERECHOS DEL NI\u00d1O Y LA NI\u00d1A\"}]},{\"@type\":\"WebSite\",\"@id\":\"https:\/\/web3.cl\/dev-infancia\/#website\",\"url\":\"https:\/\/web3.cl\/dev-infancia\/\",\"name\":\"Infancia\",\"description\":\"Corporaci\u00f3n para la infancia de Santiago\",\"potentialAction\":[{\"@type\":\"SearchAction\",\"target\":{\"@type\":\"EntryPoint\",\"urlTemplate\":\"https:\/\/web3.cl\/dev-infancia\/?s={search_term_string}\"},\"query-input\":{\"@type\":\"PropertyValueSpecification\",\"valueRequired\":true,\"valueName\":\"search_term_string\"}}],\"inLanguage\":\"es-CL\"},{\"@type\":\"Person\",\"@id\":\"https:\/\/web3.cl\/dev-infancia\/#\/schema\/person\/cfc69e69dbb20c8536fadb51155042d8\",\"name\":\"naitus\",\"image\":{\"@type\":\"ImageObject\",\"inLanguage\":\"es-CL\",\"@id\":\"https:\/\/web3.cl\/dev-infancia\/#\/schema\/person\/image\/\",\"url\":\"https:\/\/secure.gravatar.com\/avatar\/d9d7d5af93146cf2cd9622f1b59d6c7df4310fe5833ecfd923eccfc3e2b5d19f?s=96&d=mm&r=g\",\"contentUrl\":\"https:\/\/secure.gravatar.com\/avatar\/d9d7d5af93146cf2cd9622f1b59d6c7df4310fe5833ecfd923eccfc3e2b5d19f?s=96&d=mm&r=g\",\"caption\":\"naitus\"},\"sameAs\":[\"https:\/\/web3.cl\/dev-infancia\"],\"url\":\"https:\/\/web3.cl\/dev-infancia\/author\/naitus\/\"}]}<\/script>\n<!-- \/ Yoast SEO plugin. -->","yoast_head_json":{"title":"CELEBRACI\u00d3N DE LA CONVENCI\u00d3N DE LOS DERECHOS DEL NI\u00d1O Y LA NI\u00d1A - Infancia","robots":{"index":"index","follow":"follow","max-snippet":"max-snippet:-1","max-image-preview":"max-image-preview:large","max-video-preview":"max-video-preview:-1"},"canonical":"https:\/\/web3.cl\/dev-infancia\/celebracion-de-la-convencion-de-los-derechos-del-nino-y-la-nina\/","og_locale":"es_ES","og_type":"article","og_title":"CELEBRACI\u00d3N DE LA CONVENCI\u00d3N DE LOS DERECHOS DEL NI\u00d1O Y LA NI\u00d1A - Infancia","og_description":"En el marco de la celebraci\u00f3n de la Convenci\u00f3n de los Derechos del ni\u00f1o y la ni\u00f1a, nuestros Centros Educativos desarrollan y participan de distintas experiencias orientadas a celebrar este importante tratado internacional, que reconoce a los ni\u00f1os y ni\u00f1as como sujetos de derecho...","og_url":"https:\/\/web3.cl\/dev-infancia\/celebracion-de-la-convencion-de-los-derechos-del-nino-y-la-nina\/","og_site_name":"Infancia","article_published_time":"2020-06-03T14:42:59+00:00","article_modified_time":"2022-06-20T14:44:43+00:00","og_image":[{"url":"https:\/\/web3.cl\/dev-infancia\/wp-content\/uploads\/2022\/06\/Derechos-del-nino-9-860x400-1-300x140.jpeg","type":"","width":"","height":""}],"author":"naitus","twitter_card":"summary_large_image","twitter_misc":{"Escrito por":"naitus","Tiempo estimado de lectura":"1 minuto"},"schema":{"@context":"https:\/\/schema.org","@graph":[{"@type":"Article","@id":"https:\/\/web3.cl\/dev-infancia\/celebracion-de-la-convencion-de-los-derechos-del-nino-y-la-nina\/#article","isPartOf":{"@id":"https:\/\/web3.cl\/dev-infancia\/celebracion-de-la-convencion-de-los-derechos-del-nino-y-la-nina\/"},"author":{"name":"naitus","@id":"https:\/\/web3.cl\/dev-infancia\/#\/schema\/person\/cfc69e69dbb20c8536fadb51155042d8"},"headline":"CELEBRACI\u00d3N DE LA CONVENCI\u00d3N DE LOS DERECHOS DEL NI\u00d1O Y LA NI\u00d1A","datePublished":"2020-06-03T14:42:59+00:00","dateModified":"2022-06-20T14:44:43+00:00","mainEntityOfPage":{"@id":"https:\/\/web3.cl\/dev-infancia\/celebracion-de-la-convencion-de-los-derechos-del-nino-y-la-nina\/"},"wordCount":137,"commentCount":0,"image":{"@id":"https:\/\/web3.cl\/dev-infancia\/celebracion-de-la-convencion-de-los-derechos-del-nino-y-la-nina\/#primaryimage"},"thumbnailUrl":"https:\/\/web3.cl\/dev-infancia\/wp-content\/uploads\/2022\/06\/Derechos-del-nino-9-860x400-1-300x140.jpeg","inLanguage":"es-CL","potentialAction":[{"@type":"CommentAction","name":"Comment","target":["https:\/\/web3.cl\/dev-infancia\/celebracion-de-la-convencion-de-los-derechos-del-nino-y-la-nina\/#respond"]}]},{"@type":"WebPage","@id":"https:\/\/web3.cl\/dev-infancia\/celebracion-de-la-convencion-de-los-derechos-del-nino-y-la-nina\/","url":"https:\/\/web3.cl\/dev-infancia\/celebracion-de-la-convencion-de-los-derechos-del-nino-y-la-nina\/","name":"CELEBRACI\u00d3N DE LA CONVENCI\u00d3N DE LOS DERECHOS DEL NI\u00d1O Y LA NI\u00d1A - Infancia","isPartOf":{"@id":"https:\/\/web3.cl\/dev-infancia\/#website"},"primaryImageOfPage":{"@id":"https:\/\/web3.cl\/dev-infancia\/celebracion-de-la-convencion-de-los-derechos-del-nino-y-la-nina\/#primaryimage"},"image":{"@id":"https:\/\/web3.cl\/dev-infancia\/celebracion-de-la-convencion-de-los-derechos-del-nino-y-la-nina\/#primaryimage"},"thumbnailUrl":"https:\/\/web3.cl\/dev-infancia\/wp-content\/uploads\/2022\/06\/Derechos-del-nino-9-860x400-1-300x140.jpeg","datePublished":"2020-06-03T14:42:59+00:00","dateModified":"2022-06-20T14:44:43+00:00","author":{"@id":"https:\/\/web3.cl\/dev-infancia\/#\/schema\/person\/cfc69e69dbb20c8536fadb51155042d8"},"breadcrumb":{"@id":"https:\/\/web3.cl\/dev-infancia\/celebracion-de-la-convencion-de-los-derechos-del-nino-y-la-nina\/#breadcrumb"},"inLanguage":"es-CL","potentialAction":[{"@type":"ReadAction","target":["https:\/\/web3.cl\/dev-infancia\/celebracion-de-la-convencion-de-los-derechos-del-nino-y-la-nina\/"]}]},{"@type":"ImageObject","inLanguage":"es-CL","@id":"https:\/\/web3.cl\/dev-infancia\/celebracion-de-la-convencion-de-los-derechos-del-nino-y-la-nina\/#primaryimage","url":"https:\/\/web3.cl\/dev-infancia\/wp-content\/uploads\/2022\/06\/Derechos-del-nino-9-860x400-1.jpeg","contentUrl":"https:\/\/web3.cl\/dev-infancia\/wp-content\/uploads\/2022\/06\/Derechos-del-nino-9-860x400-1.jpeg","width":860,"height":400},{"@type":"BreadcrumbList","@id":"https:\/\/web3.cl\/dev-infancia\/celebracion-de-la-convencion-de-los-derechos-del-nino-y-la-nina\/#breadcrumb","itemListElement":[{"@type":"ListItem","position":1,"name":"Portada","item":"https:\/\/web3.cl\/dev-infancia\/"},{"@type":"ListItem","position":2,"name":"CELEBRACI\u00d3N DE LA CONVENCI\u00d3N DE LOS DERECHOS DEL NI\u00d1O Y LA NI\u00d1A"}]},{"@type":"WebSite","@id":"https:\/\/web3.cl\/dev-infancia\/#website","url":"https:\/\/web3.cl\/dev-infancia\/","name":"Infancia","description":"Corporaci\u00f3n para la infancia de Santiago","potentialAction":[{"@type":"SearchAction","target":{"@type":"EntryPoint","urlTemplate":"https:\/\/web3.cl\/dev-infancia\/?s={search_term_string}"},"query-input":{"@type":"PropertyValueSpecification","valueRequired":true,"valueName":"search_term_string"}}],"inLanguage":"es-CL"},{"@type":"Person","@id":"https:\/\/web3.cl\/dev-infancia\/#\/schema\/person\/cfc69e69dbb20c8536fadb51155042d8","name":"naitus","image":{"@type":"ImageObject","inLanguage":"es-CL","@id":"https:\/\/web3.cl\/dev-infancia\/#\/schema\/person\/image\/","url":"https:\/\/secure.gravatar.com\/avatar\/d9d7d5af93146cf2cd9622f1b59d6c7df4310fe5833ecfd923eccfc3e2b5d19f?s=96&d=mm&r=g","contentUrl":"https:\/\/secure.gravatar.com\/avatar\/d9d7d5af93146cf2cd9622f1b59d6c7df4310fe5833ecfd923eccfc3e2b5d19f?s=96&d=mm&r=g","caption":"naitus"},"sameAs":["https:\/\/web3.cl\/dev-infancia"],"url":"https:\/\/web3.cl\/dev-infancia\/author\/naitus\/"}]}},"_links":{"self":[{"href":"https:\/\/web3.cl\/dev-infancia\/wp-json\/wp\/v2\/posts\/261","targetHints":{"allow":["GET"]}}],"collection":[{"href":"https:\/\/web3.cl\/dev-infancia\/wp-json\/wp\/v2\/posts"}],"about":[{"href":"https:\/\/web3.cl\/dev-infancia\/wp-json\/wp\/v2\/types\/post"}],"author":[{"embeddable":true,"href":"https:\/\/web3.cl\/dev-infancia\/wp-json\/wp\/v2\/users\/1"}],"replies":[{"embeddable":true,"href":"https:\/\/web3.cl\/dev-infancia\/wp-json\/wp\/v2\/comments?post=261"}],"version-history":[{"count":2,"href":"https:\/\/web3.cl\/dev-infancia\/wp-json\/wp\/v2\/posts\/261\/revisions"}],"predecessor-version":[{"id":1040,"href":"https:\/\/web3.cl\/dev-infancia\/wp-json\/wp\/v2\/posts\/261\/revisions\/1040"}],"wp:attachment":[{"href":"https:\/\/web3.cl\/dev-infancia\/wp-json\/wp\/v2\/media?parent=261"}],"wp:term":[{"taxonomy":"category","embeddable":true,"href":"https:\/\/web3.cl\/dev-infancia\/wp-json\/wp\/v2\/categories?post=261"},{"taxonomy":"post_tag","embeddable":true,"href":"https:\/\/web3.cl\/dev-infancia\/wp-json\/wp\/v2\/tags?post=261"}],"curies":[{"name":"wp","href":"https:\/\/api.w.org\/{rel}","templated":true}]}}