{"id":250,"date":"2020-06-03T11:34:48","date_gmt":"2020-06-03T14:34:48","guid":{"rendered":"https:\/\/web3.cl\/dev-infancia\/?p=250"},"modified":"2022-06-06T11:38:54","modified_gmt":"2022-06-06T14:38:54","slug":"la-importancia-de-la-naturaleza","status":"publish","type":"post","link":"https:\/\/web3.cl\/dev-infancia\/la-importancia-de-la-naturaleza\/","title":{"rendered":"LA IMPORTANCIA DE LA NATURALEZA"},"content":{"rendered":"<p><img loading=\"lazy\" decoding=\"async\" class=\"alignnone wp-image-252\" src=\"https:\/\/web3.cl\/dev-infancia\/wp-content\/uploads\/2022\/06\/Padre-Alberto-Hurtado-1024x768-1-300x225.jpeg\" alt=\"\" width=\"995\" height=\"747\" srcset=\"https:\/\/web3.cl\/dev-infancia\/wp-content\/uploads\/2022\/06\/Padre-Alberto-Hurtado-1024x768-1-300x225.jpeg 300w, https:\/\/web3.cl\/dev-infancia\/wp-content\/uploads\/2022\/06\/Padre-Alberto-Hurtado-1024x768-1-768x576.jpeg 768w, https:\/\/web3.cl\/dev-infancia\/wp-content\/uploads\/2022\/06\/Padre-Alberto-Hurtado-1024x768-1.jpeg 1024w\" sizes=\"auto, (max-width: 995px) 100vw, 995px\" \/><\/p>\n<p>EXPERTOS HABLAN DE LA IMPORTANCIA DE VOLVER A JUGAR EN LA NATURALEZA<\/p>\n<p>Promover la vinculaci\u00f3n de ni\u00f1os y ni\u00f1as con la naturaleza para mejorar su desarrollo, aprendizaje, bienestar y salud.<br \/>\nEl evento re\u00fane a varios expertos nacionales e internacionales que presentar\u00e1n sus experiencias en torno a la creaci\u00f3n y\/o reconversi\u00f3n de \u00e1reas al aire libre para la educaci\u00f3n, parques urbanos p\u00fablicos y privados, y jardines terap\u00e9uticos, adem\u00e1s de referirse a la importancia de la participaci\u00f3n de ni\u00f1os y ni\u00f1as en el dise\u00f1o y ejecuci\u00f3n de esas experiencias.<br \/>\n\u201cLos ni\u00f1os y ni\u00f1as que viven en ciudades tienen cada vez menos cercan\u00eda con la naturaleza, debido a una significativa disminuci\u00f3n en las \u00e1reas verdes, como consecuencia de la urbanizaci\u00f3n de los espacios. Esto ha incidido directamente en la salud f\u00edsica y mental de los ni\u00f1os\u201d, explica Daniela Casanello, Directora de Ecoplan.<br \/>\nEste fen\u00f3meno ha sido descrito por el investigador Richard Louv como \u201cs\u00edndrome de d\u00e9ficit de la naturaleza\u201d, y estar\u00eda dando lugar, adem\u00e1s, a una menor preocupaci\u00f3n y respeto hacia el medio ambiente. Actualmente son varios los estudios que demuestran que el contacto directo con la naturaleza mejora el rendimiento cognitivo de los ni\u00f1os, su autoestima y concentraci\u00f3n, los ayuda a sentirse libres y relajados, y reduce sus comportamientos agresivos, su estr\u00e9s y s\u00edntomas de d\u00e9ficit de atenci\u00f3n cr\u00f3nico o d\u00e9ficit atencional con hiperactividad.<br \/>\nComplementariamente, Karen Malone -Directora Adjunta para el Centro de Investigaci\u00f3n para la Educaci\u00f3n de la Universidad de Western Sydney, ha se\u00f1alado que \u201cel juego en la naturaleza no s\u00f3lo es valioso por s\u00ed mismo como una actividad recreativa, tambi\u00e9n es un proceso a trav\u00e9s del cual los ni\u00f1os aprenden. Aumentan su capacidad de resoluci\u00f3n de problemas, desarrollan la comunicaci\u00f3n, la cooperaci\u00f3n, la creatividad, la responsabilidad personal y la imaginaci\u00f3n\u201d.<br \/>\n\u201cHoy los ni\u00f1os pasan la mayor parte del tiempo en las salas de clases de jardines infantiles y\/o colegios, sin vincularse con la naturaleza m\u00e1s que los minutos que dura el recreo, en caso de aquellos establecimientos que cuentan con jardines. La interacci\u00f3n directa y consciente con el medio natural es escasa y eso hay que revertirlo urgentemente\u201d, enfatiz\u00f3 parte Sonia Cox, directora ejecutiva de Fundaci\u00f3n Ilumina.<\/p>\n<p>Extracto II Seminario Internacional Reconectando ni\u00f1os y ni\u00f1as con la naturaleza:<\/p>\n","protected":false},"excerpt":{"rendered":"<p>EXPERTOS HABLAN DE LA IMPORTANCIA DE VOLVER A JUGAR EN LA NATURALEZA Promover la vinculaci\u00f3n de ni\u00f1os y ni\u00f1as con la naturaleza para mejorar su desarrollo, aprendizaje, bienestar y salud. El evento re\u00fane a varios expertos nacionales e internacionales que presentar\u00e1n sus experiencias en torno a la creaci\u00f3n y\/o reconversi\u00f3n de \u00e1reas al aire libre [&hellip;]<\/p>\n","protected":false},"author":1,"featured_media":0,"comment_status":"open","ping_status":"open","sticky":false,"template":"","format":"standard","meta":{"inline_featured_image":false,"footnotes":""},"categories":[1],"tags":[],"class_list":["post-250","post","type-post","status-publish","format-standard","hentry","category-sin-categoria"],"acf":[],"yoast_head":"<!-- This site is optimized with the Yoast SEO plugin v26.9 - https:\/\/yoast.com\/product\/yoast-seo-wordpress\/ -->\n<title>LA IMPORTANCIA DE LA NATURALEZA - Infancia<\/title>\n<meta name=\"robots\" content=\"index, follow, max-snippet:-1, max-image-preview:large, max-video-preview:-1\" \/>\n<link rel=\"canonical\" href=\"https:\/\/web3.cl\/dev-infancia\/la-importancia-de-la-naturaleza\/\" \/>\n<meta property=\"og:locale\" content=\"es_ES\" \/>\n<meta property=\"og:type\" content=\"article\" \/>\n<meta property=\"og:title\" content=\"LA IMPORTANCIA DE LA NATURALEZA - Infancia\" \/>\n<meta property=\"og:description\" content=\"EXPERTOS HABLAN DE LA IMPORTANCIA DE VOLVER A JUGAR EN LA NATURALEZA Promover la vinculaci\u00f3n de ni\u00f1os y ni\u00f1as con la naturaleza para mejorar su desarrollo, aprendizaje, bienestar y salud. El evento re\u00fane a varios expertos nacionales e internacionales que presentar\u00e1n sus experiencias en torno a la creaci\u00f3n y\/o reconversi\u00f3n de \u00e1reas al aire libre [&hellip;]\" \/>\n<meta property=\"og:url\" content=\"https:\/\/web3.cl\/dev-infancia\/la-importancia-de-la-naturaleza\/\" \/>\n<meta property=\"og:site_name\" content=\"Infancia\" \/>\n<meta property=\"article:published_time\" content=\"2020-06-03T14:34:48+00:00\" \/>\n<meta property=\"article:modified_time\" content=\"2022-06-06T14:38:54+00:00\" \/>\n<meta property=\"og:image\" content=\"https:\/\/web3.cl\/dev-infancia\/wp-content\/uploads\/2022\/06\/Padre-Alberto-Hurtado-1024x768-1-300x225.jpeg\" \/>\n<meta name=\"author\" content=\"naitus\" \/>\n<meta name=\"twitter:card\" content=\"summary_large_image\" \/>\n<meta name=\"twitter:label1\" content=\"Escrito por\" \/>\n\t<meta name=\"twitter:data1\" content=\"naitus\" \/>\n\t<meta name=\"twitter:label2\" content=\"Tiempo estimado de lectura\" \/>\n\t<meta name=\"twitter:data2\" content=\"2 minutos\" \/>\n<script type=\"application\/ld+json\" class=\"yoast-schema-graph\">{\"@context\":\"https:\/\/schema.org\",\"@graph\":[{\"@type\":\"Article\",\"@id\":\"https:\/\/web3.cl\/dev-infancia\/la-importancia-de-la-naturaleza\/#article\",\"isPartOf\":{\"@id\":\"https:\/\/web3.cl\/dev-infancia\/la-importancia-de-la-naturaleza\/\"},\"author\":{\"name\":\"naitus\",\"@id\":\"https:\/\/web3.cl\/dev-infancia\/#\/schema\/person\/cfc69e69dbb20c8536fadb51155042d8\"},\"headline\":\"LA IMPORTANCIA DE LA NATURALEZA\",\"datePublished\":\"2020-06-03T14:34:48+00:00\",\"dateModified\":\"2022-06-06T14:38:54+00:00\",\"mainEntityOfPage\":{\"@id\":\"https:\/\/web3.cl\/dev-infancia\/la-importancia-de-la-naturaleza\/\"},\"wordCount\":430,\"commentCount\":0,\"image\":{\"@id\":\"https:\/\/web3.cl\/dev-infancia\/la-importancia-de-la-naturaleza\/#primaryimage\"},\"thumbnailUrl\":\"https:\/\/web3.cl\/dev-infancia\/wp-content\/uploads\/2022\/06\/Padre-Alberto-Hurtado-1024x768-1-300x225.jpeg\",\"inLanguage\":\"es-CL\",\"potentialAction\":[{\"@type\":\"CommentAction\",\"name\":\"Comment\",\"target\":[\"https:\/\/web3.cl\/dev-infancia\/la-importancia-de-la-naturaleza\/#respond\"]}]},{\"@type\":\"WebPage\",\"@id\":\"https:\/\/web3.cl\/dev-infancia\/la-importancia-de-la-naturaleza\/\",\"url\":\"https:\/\/web3.cl\/dev-infancia\/la-importancia-de-la-naturaleza\/\",\"name\":\"LA IMPORTANCIA DE LA NATURALEZA - Infancia\",\"isPartOf\":{\"@id\":\"https:\/\/web3.cl\/dev-infancia\/#website\"},\"primaryImageOfPage\":{\"@id\":\"https:\/\/web3.cl\/dev-infancia\/la-importancia-de-la-naturaleza\/#primaryimage\"},\"image\":{\"@id\":\"https:\/\/web3.cl\/dev-infancia\/la-importancia-de-la-naturaleza\/#primaryimage\"},\"thumbnailUrl\":\"https:\/\/web3.cl\/dev-infancia\/wp-content\/uploads\/2022\/06\/Padre-Alberto-Hurtado-1024x768-1-300x225.jpeg\",\"datePublished\":\"2020-06-03T14:34:48+00:00\",\"dateModified\":\"2022-06-06T14:38:54+00:00\",\"author\":{\"@id\":\"https:\/\/web3.cl\/dev-infancia\/#\/schema\/person\/cfc69e69dbb20c8536fadb51155042d8\"},\"breadcrumb\":{\"@id\":\"https:\/\/web3.cl\/dev-infancia\/la-importancia-de-la-naturaleza\/#breadcrumb\"},\"inLanguage\":\"es-CL\",\"potentialAction\":[{\"@type\":\"ReadAction\",\"target\":[\"https:\/\/web3.cl\/dev-infancia\/la-importancia-de-la-naturaleza\/\"]}]},{\"@type\":\"ImageObject\",\"inLanguage\":\"es-CL\",\"@id\":\"https:\/\/web3.cl\/dev-infancia\/la-importancia-de-la-naturaleza\/#primaryimage\",\"url\":\"https:\/\/web3.cl\/dev-infancia\/wp-content\/uploads\/2022\/06\/Padre-Alberto-Hurtado-1024x768-1.jpeg\",\"contentUrl\":\"https:\/\/web3.cl\/dev-infancia\/wp-content\/uploads\/2022\/06\/Padre-Alberto-Hurtado-1024x768-1.jpeg\",\"width\":1024,\"height\":768},{\"@type\":\"BreadcrumbList\",\"@id\":\"https:\/\/web3.cl\/dev-infancia\/la-importancia-de-la-naturaleza\/#breadcrumb\",\"itemListElement\":[{\"@type\":\"ListItem\",\"position\":1,\"name\":\"Portada\",\"item\":\"https:\/\/web3.cl\/dev-infancia\/\"},{\"@type\":\"ListItem\",\"position\":2,\"name\":\"LA IMPORTANCIA DE LA NATURALEZA\"}]},{\"@type\":\"WebSite\",\"@id\":\"https:\/\/web3.cl\/dev-infancia\/#website\",\"url\":\"https:\/\/web3.cl\/dev-infancia\/\",\"name\":\"Infancia\",\"description\":\"Corporaci\u00f3n para la infancia de Santiago\",\"potentialAction\":[{\"@type\":\"SearchAction\",\"target\":{\"@type\":\"EntryPoint\",\"urlTemplate\":\"https:\/\/web3.cl\/dev-infancia\/?s={search_term_string}\"},\"query-input\":{\"@type\":\"PropertyValueSpecification\",\"valueRequired\":true,\"valueName\":\"search_term_string\"}}],\"inLanguage\":\"es-CL\"},{\"@type\":\"Person\",\"@id\":\"https:\/\/web3.cl\/dev-infancia\/#\/schema\/person\/cfc69e69dbb20c8536fadb51155042d8\",\"name\":\"naitus\",\"image\":{\"@type\":\"ImageObject\",\"inLanguage\":\"es-CL\",\"@id\":\"https:\/\/web3.cl\/dev-infancia\/#\/schema\/person\/image\/\",\"url\":\"https:\/\/secure.gravatar.com\/avatar\/d9d7d5af93146cf2cd9622f1b59d6c7df4310fe5833ecfd923eccfc3e2b5d19f?s=96&d=mm&r=g\",\"contentUrl\":\"https:\/\/secure.gravatar.com\/avatar\/d9d7d5af93146cf2cd9622f1b59d6c7df4310fe5833ecfd923eccfc3e2b5d19f?s=96&d=mm&r=g\",\"caption\":\"naitus\"},\"sameAs\":[\"https:\/\/web3.cl\/dev-infancia\"],\"url\":\"https:\/\/web3.cl\/dev-infancia\/author\/naitus\/\"}]}<\/script>\n<!-- \/ Yoast SEO plugin. -->","yoast_head_json":{"title":"LA IMPORTANCIA DE LA NATURALEZA - Infancia","robots":{"index":"index","follow":"follow","max-snippet":"max-snippet:-1","max-image-preview":"max-image-preview:large","max-video-preview":"max-video-preview:-1"},"canonical":"https:\/\/web3.cl\/dev-infancia\/la-importancia-de-la-naturaleza\/","og_locale":"es_ES","og_type":"article","og_title":"LA IMPORTANCIA DE LA NATURALEZA - Infancia","og_description":"EXPERTOS HABLAN DE LA IMPORTANCIA DE VOLVER A JUGAR EN LA NATURALEZA Promover la vinculaci\u00f3n de ni\u00f1os y ni\u00f1as con la naturaleza para mejorar su desarrollo, aprendizaje, bienestar y salud. El evento re\u00fane a varios expertos nacionales e internacionales que presentar\u00e1n sus experiencias en torno a la creaci\u00f3n y\/o reconversi\u00f3n de \u00e1reas al aire libre [&hellip;]","og_url":"https:\/\/web3.cl\/dev-infancia\/la-importancia-de-la-naturaleza\/","og_site_name":"Infancia","article_published_time":"2020-06-03T14:34:48+00:00","article_modified_time":"2022-06-06T14:38:54+00:00","og_image":[{"url":"https:\/\/web3.cl\/dev-infancia\/wp-content\/uploads\/2022\/06\/Padre-Alberto-Hurtado-1024x768-1-300x225.jpeg","type":"","width":"","height":""}],"author":"naitus","twitter_card":"summary_large_image","twitter_misc":{"Escrito por":"naitus","Tiempo estimado de lectura":"2 minutos"},"schema":{"@context":"https:\/\/schema.org","@graph":[{"@type":"Article","@id":"https:\/\/web3.cl\/dev-infancia\/la-importancia-de-la-naturaleza\/#article","isPartOf":{"@id":"https:\/\/web3.cl\/dev-infancia\/la-importancia-de-la-naturaleza\/"},"author":{"name":"naitus","@id":"https:\/\/web3.cl\/dev-infancia\/#\/schema\/person\/cfc69e69dbb20c8536fadb51155042d8"},"headline":"LA IMPORTANCIA DE LA NATURALEZA","datePublished":"2020-06-03T14:34:48+00:00","dateModified":"2022-06-06T14:38:54+00:00","mainEntityOfPage":{"@id":"https:\/\/web3.cl\/dev-infancia\/la-importancia-de-la-naturaleza\/"},"wordCount":430,"commentCount":0,"image":{"@id":"https:\/\/web3.cl\/dev-infancia\/la-importancia-de-la-naturaleza\/#primaryimage"},"thumbnailUrl":"https:\/\/web3.cl\/dev-infancia\/wp-content\/uploads\/2022\/06\/Padre-Alberto-Hurtado-1024x768-1-300x225.jpeg","inLanguage":"es-CL","potentialAction":[{"@type":"CommentAction","name":"Comment","target":["https:\/\/web3.cl\/dev-infancia\/la-importancia-de-la-naturaleza\/#respond"]}]},{"@type":"WebPage","@id":"https:\/\/web3.cl\/dev-infancia\/la-importancia-de-la-naturaleza\/","url":"https:\/\/web3.cl\/dev-infancia\/la-importancia-de-la-naturaleza\/","name":"LA IMPORTANCIA DE LA NATURALEZA - Infancia","isPartOf":{"@id":"https:\/\/web3.cl\/dev-infancia\/#website"},"primaryImageOfPage":{"@id":"https:\/\/web3.cl\/dev-infancia\/la-importancia-de-la-naturaleza\/#primaryimage"},"image":{"@id":"https:\/\/web3.cl\/dev-infancia\/la-importancia-de-la-naturaleza\/#primaryimage"},"thumbnailUrl":"https:\/\/web3.cl\/dev-infancia\/wp-content\/uploads\/2022\/06\/Padre-Alberto-Hurtado-1024x768-1-300x225.jpeg","datePublished":"2020-06-03T14:34:48+00:00","dateModified":"2022-06-06T14:38:54+00:00","author":{"@id":"https:\/\/web3.cl\/dev-infancia\/#\/schema\/person\/cfc69e69dbb20c8536fadb51155042d8"},"breadcrumb":{"@id":"https:\/\/web3.cl\/dev-infancia\/la-importancia-de-la-naturaleza\/#breadcrumb"},"inLanguage":"es-CL","potentialAction":[{"@type":"ReadAction","target":["https:\/\/web3.cl\/dev-infancia\/la-importancia-de-la-naturaleza\/"]}]},{"@type":"ImageObject","inLanguage":"es-CL","@id":"https:\/\/web3.cl\/dev-infancia\/la-importancia-de-la-naturaleza\/#primaryimage","url":"https:\/\/web3.cl\/dev-infancia\/wp-content\/uploads\/2022\/06\/Padre-Alberto-Hurtado-1024x768-1.jpeg","contentUrl":"https:\/\/web3.cl\/dev-infancia\/wp-content\/uploads\/2022\/06\/Padre-Alberto-Hurtado-1024x768-1.jpeg","width":1024,"height":768},{"@type":"BreadcrumbList","@id":"https:\/\/web3.cl\/dev-infancia\/la-importancia-de-la-naturaleza\/#breadcrumb","itemListElement":[{"@type":"ListItem","position":1,"name":"Portada","item":"https:\/\/web3.cl\/dev-infancia\/"},{"@type":"ListItem","position":2,"name":"LA IMPORTANCIA DE LA NATURALEZA"}]},{"@type":"WebSite","@id":"https:\/\/web3.cl\/dev-infancia\/#website","url":"https:\/\/web3.cl\/dev-infancia\/","name":"Infancia","description":"Corporaci\u00f3n para la infancia de Santiago","potentialAction":[{"@type":"SearchAction","target":{"@type":"EntryPoint","urlTemplate":"https:\/\/web3.cl\/dev-infancia\/?s={search_term_string}"},"query-input":{"@type":"PropertyValueSpecification","valueRequired":true,"valueName":"search_term_string"}}],"inLanguage":"es-CL"},{"@type":"Person","@id":"https:\/\/web3.cl\/dev-infancia\/#\/schema\/person\/cfc69e69dbb20c8536fadb51155042d8","name":"naitus","image":{"@type":"ImageObject","inLanguage":"es-CL","@id":"https:\/\/web3.cl\/dev-infancia\/#\/schema\/person\/image\/","url":"https:\/\/secure.gravatar.com\/avatar\/d9d7d5af93146cf2cd9622f1b59d6c7df4310fe5833ecfd923eccfc3e2b5d19f?s=96&d=mm&r=g","contentUrl":"https:\/\/secure.gravatar.com\/avatar\/d9d7d5af93146cf2cd9622f1b59d6c7df4310fe5833ecfd923eccfc3e2b5d19f?s=96&d=mm&r=g","caption":"naitus"},"sameAs":["https:\/\/web3.cl\/dev-infancia"],"url":"https:\/\/web3.cl\/dev-infancia\/author\/naitus\/"}]}},"_links":{"self":[{"href":"https:\/\/web3.cl\/dev-infancia\/wp-json\/wp\/v2\/posts\/250","targetHints":{"allow":["GET"]}}],"collection":[{"href":"https:\/\/web3.cl\/dev-infancia\/wp-json\/wp\/v2\/posts"}],"about":[{"href":"https:\/\/web3.cl\/dev-infancia\/wp-json\/wp\/v2\/types\/post"}],"author":[{"embeddable":true,"href":"https:\/\/web3.cl\/dev-infancia\/wp-json\/wp\/v2\/users\/1"}],"replies":[{"embeddable":true,"href":"https:\/\/web3.cl\/dev-infancia\/wp-json\/wp\/v2\/comments?post=250"}],"version-history":[{"count":2,"href":"https:\/\/web3.cl\/dev-infancia\/wp-json\/wp\/v2\/posts\/250\/revisions"}],"predecessor-version":[{"id":254,"href":"https:\/\/web3.cl\/dev-infancia\/wp-json\/wp\/v2\/posts\/250\/revisions\/254"}],"wp:attachment":[{"href":"https:\/\/web3.cl\/dev-infancia\/wp-json\/wp\/v2\/media?parent=250"}],"wp:term":[{"taxonomy":"category","embeddable":true,"href":"https:\/\/web3.cl\/dev-infancia\/wp-json\/wp\/v2\/categories?post=250"},{"taxonomy":"post_tag","embeddable":true,"href":"https:\/\/web3.cl\/dev-infancia\/wp-json\/wp\/v2\/tags?post=250"}],"curies":[{"name":"wp","href":"https:\/\/api.w.org\/{rel}","templated":true}]}}