{"id":235,"date":"2022-04-29T17:30:07","date_gmt":"2022-04-29T20:30:07","guid":{"rendered":"https:\/\/web3.cl\/dev-infancia\/?p=235"},"modified":"2022-06-03T17:31:27","modified_gmt":"2022-06-03T20:31:27","slug":"plan-piloto-de-refuerzo-en-seguridad","status":"publish","type":"post","link":"https:\/\/web3.cl\/dev-infancia\/plan-piloto-de-refuerzo-en-seguridad\/","title":{"rendered":"PLAN PILOTO DE REFUERZO EN SEGURIDAD"},"content":{"rendered":"<p>Gracias al trabajo conjunto con la Direcci\u00f3n de Seguridad de la Ilustre Municipalidad de Santiago, se ha gestado un plan pilo que reforzar\u00e1 la seguridad de los Jardines Infantiles y Salas Cunas administrados por la Corporaci\u00f3n para la Infancia de Santiago. En las im\u00e1genes se evidencia el trabajo colaborativo entre los equipos educativos de uno de los jardines ubicado en el barrio Matta Sur y los inspectores de seguridad municipal, quienes adem\u00e1s de patrullajes preventivos las 24 horas del d\u00eda, los 7 d\u00edas de la semana, realizan servicios focalizados para de asistencia vecinal para prevenir incivilidades y delitos en horarios espec\u00edficos en diversos sectores y barrios de la comuna de Santiago.<\/p>\n<p>&nbsp;<\/p>\n<p>Consultada sobre la implementaci\u00f3n de este plan piloto, Liliana Barrera, Directora Ejecutiva de la Corporaci\u00f3n para la Infancia de Santiago, indic\u00f3: \u201cEstoy plenamente convencida que el velar por la seguridad de nuestros centros educativos, no depende tan s\u00f3lo de nuestra gesti\u00f3n, sino tambi\u00e9n de la articulaci\u00f3n de la comunidad educativa, el entorno y las instituciones que permanentemente colaboran en esta misi\u00f3n. Agradezco a la Direcci\u00f3n de Seguridad Municipal, pues con este aporte, brindan tranquilidad y seguridad a los equipos educativos, y sobre todo los ni\u00f1os, ni\u00f1as y sus familias\u201d<\/p>\n<p><img loading=\"lazy\" decoding=\"async\" class=\"alignnone wp-image-236\" src=\"https:\/\/web3.cl\/dev-infancia\/wp-content\/uploads\/2022\/06\/1-169x300.jpeg\" alt=\"\" width=\"204\" height=\"362\" srcset=\"https:\/\/web3.cl\/dev-infancia\/wp-content\/uploads\/2022\/06\/1-169x300.jpeg 169w, https:\/\/web3.cl\/dev-infancia\/wp-content\/uploads\/2022\/06\/1-576x1024.jpeg 576w, https:\/\/web3.cl\/dev-infancia\/wp-content\/uploads\/2022\/06\/1.jpeg 607w\" sizes=\"auto, (max-width: 204px) 100vw, 204px\" \/>\u00a0 \u00a0 \u00a0 \u00a0 \u00a0 \u00a0 \u00a0 \u00a0<img loading=\"lazy\" decoding=\"async\" class=\"alignnone wp-image-237\" src=\"https:\/\/web3.cl\/dev-infancia\/wp-content\/uploads\/2022\/06\/2-169x300.jpeg\" alt=\"\" width=\"203\" height=\"360\" srcset=\"https:\/\/web3.cl\/dev-infancia\/wp-content\/uploads\/2022\/06\/2-169x300.jpeg 169w, https:\/\/web3.cl\/dev-infancia\/wp-content\/uploads\/2022\/06\/2-576x1024.jpeg 576w, https:\/\/web3.cl\/dev-infancia\/wp-content\/uploads\/2022\/06\/2.jpeg 607w\" sizes=\"auto, (max-width: 203px) 100vw, 203px\" \/><\/p>\n","protected":false},"excerpt":{"rendered":"<p>Gracias al trabajo conjunto con la Direcci\u00f3n de Seguridad de la Ilustre Municipalidad de Santiago, se ha gestado un plan pilo que reforzar\u00e1 la seguridad de los Jardines Infantiles y Salas Cunas administrados por la Corporaci\u00f3n para la Infancia de Santiago. En las im\u00e1genes se evidencia el trabajo colaborativo entre los equipos educativos de uno [&hellip;]<\/p>\n","protected":false},"author":1,"featured_media":0,"comment_status":"open","ping_status":"open","sticky":false,"template":"","format":"standard","meta":{"inline_featured_image":false,"footnotes":""},"categories":[1],"tags":[],"class_list":["post-235","post","type-post","status-publish","format-standard","hentry","category-sin-categoria"],"acf":[],"yoast_head":"<!-- This site is optimized with the Yoast SEO plugin v26.9 - https:\/\/yoast.com\/product\/yoast-seo-wordpress\/ -->\n<title>PLAN PILOTO DE REFUERZO EN SEGURIDAD - Infancia<\/title>\n<meta name=\"robots\" content=\"index, follow, max-snippet:-1, max-image-preview:large, max-video-preview:-1\" \/>\n<link rel=\"canonical\" href=\"https:\/\/web3.cl\/dev-infancia\/plan-piloto-de-refuerzo-en-seguridad\/\" \/>\n<meta property=\"og:locale\" content=\"es_ES\" \/>\n<meta property=\"og:type\" content=\"article\" \/>\n<meta property=\"og:title\" content=\"PLAN PILOTO DE REFUERZO EN SEGURIDAD - Infancia\" \/>\n<meta property=\"og:description\" content=\"Gracias al trabajo conjunto con la Direcci\u00f3n de Seguridad de la Ilustre Municipalidad de Santiago, se ha gestado un plan pilo que reforzar\u00e1 la seguridad de los Jardines Infantiles y Salas Cunas administrados por la Corporaci\u00f3n para la Infancia de Santiago. En las im\u00e1genes se evidencia el trabajo colaborativo entre los equipos educativos de uno [&hellip;]\" \/>\n<meta property=\"og:url\" content=\"https:\/\/web3.cl\/dev-infancia\/plan-piloto-de-refuerzo-en-seguridad\/\" \/>\n<meta property=\"og:site_name\" content=\"Infancia\" \/>\n<meta property=\"article:published_time\" content=\"2022-04-29T20:30:07+00:00\" \/>\n<meta property=\"article:modified_time\" content=\"2022-06-03T20:31:27+00:00\" \/>\n<meta property=\"og:image\" content=\"https:\/\/web3.cl\/dev-infancia\/wp-content\/uploads\/2022\/06\/1-169x300.jpeg\" \/>\n<meta name=\"author\" content=\"naitus\" \/>\n<meta name=\"twitter:card\" content=\"summary_large_image\" \/>\n<meta name=\"twitter:label1\" content=\"Escrito por\" \/>\n\t<meta name=\"twitter:data1\" content=\"naitus\" \/>\n\t<meta name=\"twitter:label2\" content=\"Tiempo estimado de lectura\" \/>\n\t<meta name=\"twitter:data2\" content=\"1 minuto\" \/>\n<script type=\"application\/ld+json\" class=\"yoast-schema-graph\">{\"@context\":\"https:\/\/schema.org\",\"@graph\":[{\"@type\":\"Article\",\"@id\":\"https:\/\/web3.cl\/dev-infancia\/plan-piloto-de-refuerzo-en-seguridad\/#article\",\"isPartOf\":{\"@id\":\"https:\/\/web3.cl\/dev-infancia\/plan-piloto-de-refuerzo-en-seguridad\/\"},\"author\":{\"name\":\"naitus\",\"@id\":\"https:\/\/web3.cl\/dev-infancia\/#\/schema\/person\/cfc69e69dbb20c8536fadb51155042d8\"},\"headline\":\"PLAN PILOTO DE REFUERZO EN SEGURIDAD\",\"datePublished\":\"2022-04-29T20:30:07+00:00\",\"dateModified\":\"2022-06-03T20:31:27+00:00\",\"mainEntityOfPage\":{\"@id\":\"https:\/\/web3.cl\/dev-infancia\/plan-piloto-de-refuerzo-en-seguridad\/\"},\"wordCount\":222,\"commentCount\":0,\"image\":{\"@id\":\"https:\/\/web3.cl\/dev-infancia\/plan-piloto-de-refuerzo-en-seguridad\/#primaryimage\"},\"thumbnailUrl\":\"https:\/\/web3.cl\/dev-infancia\/wp-content\/uploads\/2022\/06\/1-169x300.jpeg\",\"inLanguage\":\"es-CL\",\"potentialAction\":[{\"@type\":\"CommentAction\",\"name\":\"Comment\",\"target\":[\"https:\/\/web3.cl\/dev-infancia\/plan-piloto-de-refuerzo-en-seguridad\/#respond\"]}]},{\"@type\":\"WebPage\",\"@id\":\"https:\/\/web3.cl\/dev-infancia\/plan-piloto-de-refuerzo-en-seguridad\/\",\"url\":\"https:\/\/web3.cl\/dev-infancia\/plan-piloto-de-refuerzo-en-seguridad\/\",\"name\":\"PLAN PILOTO DE REFUERZO EN SEGURIDAD - Infancia\",\"isPartOf\":{\"@id\":\"https:\/\/web3.cl\/dev-infancia\/#website\"},\"primaryImageOfPage\":{\"@id\":\"https:\/\/web3.cl\/dev-infancia\/plan-piloto-de-refuerzo-en-seguridad\/#primaryimage\"},\"image\":{\"@id\":\"https:\/\/web3.cl\/dev-infancia\/plan-piloto-de-refuerzo-en-seguridad\/#primaryimage\"},\"thumbnailUrl\":\"https:\/\/web3.cl\/dev-infancia\/wp-content\/uploads\/2022\/06\/1-169x300.jpeg\",\"datePublished\":\"2022-04-29T20:30:07+00:00\",\"dateModified\":\"2022-06-03T20:31:27+00:00\",\"author\":{\"@id\":\"https:\/\/web3.cl\/dev-infancia\/#\/schema\/person\/cfc69e69dbb20c8536fadb51155042d8\"},\"breadcrumb\":{\"@id\":\"https:\/\/web3.cl\/dev-infancia\/plan-piloto-de-refuerzo-en-seguridad\/#breadcrumb\"},\"inLanguage\":\"es-CL\",\"potentialAction\":[{\"@type\":\"ReadAction\",\"target\":[\"https:\/\/web3.cl\/dev-infancia\/plan-piloto-de-refuerzo-en-seguridad\/\"]}]},{\"@type\":\"ImageObject\",\"inLanguage\":\"es-CL\",\"@id\":\"https:\/\/web3.cl\/dev-infancia\/plan-piloto-de-refuerzo-en-seguridad\/#primaryimage\",\"url\":\"https:\/\/web3.cl\/dev-infancia\/wp-content\/uploads\/2022\/06\/1.jpeg\",\"contentUrl\":\"https:\/\/web3.cl\/dev-infancia\/wp-content\/uploads\/2022\/06\/1.jpeg\",\"width\":607,\"height\":1080},{\"@type\":\"BreadcrumbList\",\"@id\":\"https:\/\/web3.cl\/dev-infancia\/plan-piloto-de-refuerzo-en-seguridad\/#breadcrumb\",\"itemListElement\":[{\"@type\":\"ListItem\",\"position\":1,\"name\":\"Portada\",\"item\":\"https:\/\/web3.cl\/dev-infancia\/\"},{\"@type\":\"ListItem\",\"position\":2,\"name\":\"PLAN PILOTO DE REFUERZO EN SEGURIDAD\"}]},{\"@type\":\"WebSite\",\"@id\":\"https:\/\/web3.cl\/dev-infancia\/#website\",\"url\":\"https:\/\/web3.cl\/dev-infancia\/\",\"name\":\"Infancia\",\"description\":\"Corporaci\u00f3n para la infancia de Santiago\",\"potentialAction\":[{\"@type\":\"SearchAction\",\"target\":{\"@type\":\"EntryPoint\",\"urlTemplate\":\"https:\/\/web3.cl\/dev-infancia\/?s={search_term_string}\"},\"query-input\":{\"@type\":\"PropertyValueSpecification\",\"valueRequired\":true,\"valueName\":\"search_term_string\"}}],\"inLanguage\":\"es-CL\"},{\"@type\":\"Person\",\"@id\":\"https:\/\/web3.cl\/dev-infancia\/#\/schema\/person\/cfc69e69dbb20c8536fadb51155042d8\",\"name\":\"naitus\",\"image\":{\"@type\":\"ImageObject\",\"inLanguage\":\"es-CL\",\"@id\":\"https:\/\/web3.cl\/dev-infancia\/#\/schema\/person\/image\/\",\"url\":\"https:\/\/secure.gravatar.com\/avatar\/d9d7d5af93146cf2cd9622f1b59d6c7df4310fe5833ecfd923eccfc3e2b5d19f?s=96&d=mm&r=g\",\"contentUrl\":\"https:\/\/secure.gravatar.com\/avatar\/d9d7d5af93146cf2cd9622f1b59d6c7df4310fe5833ecfd923eccfc3e2b5d19f?s=96&d=mm&r=g\",\"caption\":\"naitus\"},\"sameAs\":[\"https:\/\/web3.cl\/dev-infancia\"],\"url\":\"https:\/\/web3.cl\/dev-infancia\/author\/naitus\/\"}]}<\/script>\n<!-- \/ Yoast SEO plugin. -->","yoast_head_json":{"title":"PLAN PILOTO DE REFUERZO EN SEGURIDAD - Infancia","robots":{"index":"index","follow":"follow","max-snippet":"max-snippet:-1","max-image-preview":"max-image-preview:large","max-video-preview":"max-video-preview:-1"},"canonical":"https:\/\/web3.cl\/dev-infancia\/plan-piloto-de-refuerzo-en-seguridad\/","og_locale":"es_ES","og_type":"article","og_title":"PLAN PILOTO DE REFUERZO EN SEGURIDAD - Infancia","og_description":"Gracias al trabajo conjunto con la Direcci\u00f3n de Seguridad de la Ilustre Municipalidad de Santiago, se ha gestado un plan pilo que reforzar\u00e1 la seguridad de los Jardines Infantiles y Salas Cunas administrados por la Corporaci\u00f3n para la Infancia de Santiago. En las im\u00e1genes se evidencia el trabajo colaborativo entre los equipos educativos de uno [&hellip;]","og_url":"https:\/\/web3.cl\/dev-infancia\/plan-piloto-de-refuerzo-en-seguridad\/","og_site_name":"Infancia","article_published_time":"2022-04-29T20:30:07+00:00","article_modified_time":"2022-06-03T20:31:27+00:00","og_image":[{"url":"https:\/\/web3.cl\/dev-infancia\/wp-content\/uploads\/2022\/06\/1-169x300.jpeg","type":"","width":"","height":""}],"author":"naitus","twitter_card":"summary_large_image","twitter_misc":{"Escrito por":"naitus","Tiempo estimado de lectura":"1 minuto"},"schema":{"@context":"https:\/\/schema.org","@graph":[{"@type":"Article","@id":"https:\/\/web3.cl\/dev-infancia\/plan-piloto-de-refuerzo-en-seguridad\/#article","isPartOf":{"@id":"https:\/\/web3.cl\/dev-infancia\/plan-piloto-de-refuerzo-en-seguridad\/"},"author":{"name":"naitus","@id":"https:\/\/web3.cl\/dev-infancia\/#\/schema\/person\/cfc69e69dbb20c8536fadb51155042d8"},"headline":"PLAN PILOTO DE REFUERZO EN SEGURIDAD","datePublished":"2022-04-29T20:30:07+00:00","dateModified":"2022-06-03T20:31:27+00:00","mainEntityOfPage":{"@id":"https:\/\/web3.cl\/dev-infancia\/plan-piloto-de-refuerzo-en-seguridad\/"},"wordCount":222,"commentCount":0,"image":{"@id":"https:\/\/web3.cl\/dev-infancia\/plan-piloto-de-refuerzo-en-seguridad\/#primaryimage"},"thumbnailUrl":"https:\/\/web3.cl\/dev-infancia\/wp-content\/uploads\/2022\/06\/1-169x300.jpeg","inLanguage":"es-CL","potentialAction":[{"@type":"CommentAction","name":"Comment","target":["https:\/\/web3.cl\/dev-infancia\/plan-piloto-de-refuerzo-en-seguridad\/#respond"]}]},{"@type":"WebPage","@id":"https:\/\/web3.cl\/dev-infancia\/plan-piloto-de-refuerzo-en-seguridad\/","url":"https:\/\/web3.cl\/dev-infancia\/plan-piloto-de-refuerzo-en-seguridad\/","name":"PLAN PILOTO DE REFUERZO EN SEGURIDAD - Infancia","isPartOf":{"@id":"https:\/\/web3.cl\/dev-infancia\/#website"},"primaryImageOfPage":{"@id":"https:\/\/web3.cl\/dev-infancia\/plan-piloto-de-refuerzo-en-seguridad\/#primaryimage"},"image":{"@id":"https:\/\/web3.cl\/dev-infancia\/plan-piloto-de-refuerzo-en-seguridad\/#primaryimage"},"thumbnailUrl":"https:\/\/web3.cl\/dev-infancia\/wp-content\/uploads\/2022\/06\/1-169x300.jpeg","datePublished":"2022-04-29T20:30:07+00:00","dateModified":"2022-06-03T20:31:27+00:00","author":{"@id":"https:\/\/web3.cl\/dev-infancia\/#\/schema\/person\/cfc69e69dbb20c8536fadb51155042d8"},"breadcrumb":{"@id":"https:\/\/web3.cl\/dev-infancia\/plan-piloto-de-refuerzo-en-seguridad\/#breadcrumb"},"inLanguage":"es-CL","potentialAction":[{"@type":"ReadAction","target":["https:\/\/web3.cl\/dev-infancia\/plan-piloto-de-refuerzo-en-seguridad\/"]}]},{"@type":"ImageObject","inLanguage":"es-CL","@id":"https:\/\/web3.cl\/dev-infancia\/plan-piloto-de-refuerzo-en-seguridad\/#primaryimage","url":"https:\/\/web3.cl\/dev-infancia\/wp-content\/uploads\/2022\/06\/1.jpeg","contentUrl":"https:\/\/web3.cl\/dev-infancia\/wp-content\/uploads\/2022\/06\/1.jpeg","width":607,"height":1080},{"@type":"BreadcrumbList","@id":"https:\/\/web3.cl\/dev-infancia\/plan-piloto-de-refuerzo-en-seguridad\/#breadcrumb","itemListElement":[{"@type":"ListItem","position":1,"name":"Portada","item":"https:\/\/web3.cl\/dev-infancia\/"},{"@type":"ListItem","position":2,"name":"PLAN PILOTO DE REFUERZO EN SEGURIDAD"}]},{"@type":"WebSite","@id":"https:\/\/web3.cl\/dev-infancia\/#website","url":"https:\/\/web3.cl\/dev-infancia\/","name":"Infancia","description":"Corporaci\u00f3n para la infancia de Santiago","potentialAction":[{"@type":"SearchAction","target":{"@type":"EntryPoint","urlTemplate":"https:\/\/web3.cl\/dev-infancia\/?s={search_term_string}"},"query-input":{"@type":"PropertyValueSpecification","valueRequired":true,"valueName":"search_term_string"}}],"inLanguage":"es-CL"},{"@type":"Person","@id":"https:\/\/web3.cl\/dev-infancia\/#\/schema\/person\/cfc69e69dbb20c8536fadb51155042d8","name":"naitus","image":{"@type":"ImageObject","inLanguage":"es-CL","@id":"https:\/\/web3.cl\/dev-infancia\/#\/schema\/person\/image\/","url":"https:\/\/secure.gravatar.com\/avatar\/d9d7d5af93146cf2cd9622f1b59d6c7df4310fe5833ecfd923eccfc3e2b5d19f?s=96&d=mm&r=g","contentUrl":"https:\/\/secure.gravatar.com\/avatar\/d9d7d5af93146cf2cd9622f1b59d6c7df4310fe5833ecfd923eccfc3e2b5d19f?s=96&d=mm&r=g","caption":"naitus"},"sameAs":["https:\/\/web3.cl\/dev-infancia"],"url":"https:\/\/web3.cl\/dev-infancia\/author\/naitus\/"}]}},"_links":{"self":[{"href":"https:\/\/web3.cl\/dev-infancia\/wp-json\/wp\/v2\/posts\/235","targetHints":{"allow":["GET"]}}],"collection":[{"href":"https:\/\/web3.cl\/dev-infancia\/wp-json\/wp\/v2\/posts"}],"about":[{"href":"https:\/\/web3.cl\/dev-infancia\/wp-json\/wp\/v2\/types\/post"}],"author":[{"embeddable":true,"href":"https:\/\/web3.cl\/dev-infancia\/wp-json\/wp\/v2\/users\/1"}],"replies":[{"embeddable":true,"href":"https:\/\/web3.cl\/dev-infancia\/wp-json\/wp\/v2\/comments?post=235"}],"version-history":[{"count":2,"href":"https:\/\/web3.cl\/dev-infancia\/wp-json\/wp\/v2\/posts\/235\/revisions"}],"predecessor-version":[{"id":239,"href":"https:\/\/web3.cl\/dev-infancia\/wp-json\/wp\/v2\/posts\/235\/revisions\/239"}],"wp:attachment":[{"href":"https:\/\/web3.cl\/dev-infancia\/wp-json\/wp\/v2\/media?parent=235"}],"wp:term":[{"taxonomy":"category","embeddable":true,"href":"https:\/\/web3.cl\/dev-infancia\/wp-json\/wp\/v2\/categories?post=235"},{"taxonomy":"post_tag","embeddable":true,"href":"https:\/\/web3.cl\/dev-infancia\/wp-json\/wp\/v2\/tags?post=235"}],"curies":[{"name":"wp","href":"https:\/\/api.w.org\/{rel}","templated":true}]}}