{"id":227,"date":"2022-05-20T17:28:02","date_gmt":"2022-05-20T20:28:02","guid":{"rendered":"https:\/\/web3.cl\/dev-infancia\/?p=227"},"modified":"2022-06-03T17:28:28","modified_gmt":"2022-06-03T20:28:28","slug":"explorando-el-fondo-marino-en-jardin-padre-hurtado","status":"publish","type":"post","link":"https:\/\/web3.cl\/dev-infancia\/explorando-el-fondo-marino-en-jardin-padre-hurtado\/","title":{"rendered":"EXPLORANDO EL FONDO MARINO EN JARD\u00cdN PADRE HURTADO"},"content":{"rendered":"<p>Mediante la experiencia interactiva \u201cExplorando el fondo del Mar\u201d, los ni\u00f1os y ni\u00f1as del Jard\u00edn Infantil y Sala Cuna Padre Alberto Hurtado disfrutaron de las maravillas de la naturaleza submarina, teniendo la posibilidad de explorar el oc\u00e9ano a trav\u00e9s de sus sentidos.<\/p>\n<p>&nbsp;<\/p>\n<p>\u00c9l aula estaba divida en tres zonas, una que representa el fondo marino, donde exploraron animales y distintos elementos; otra art\u00edstica llamada \u201ccrea tu pez\u201d, d\u00f3nde pod\u00edan utilizar su imaginaci\u00f3n para dise\u00f1ar distintos peces; y la \u00faltima \u201c\u00e1rea de cine\u201d donde pod\u00edan observar documentales de animales marinos y algunos acuarios creados por las familias.<\/p>\n<p><img loading=\"lazy\" decoding=\"async\" class=\"alignnone size-medium wp-image-229\" src=\"https:\/\/web3.cl\/dev-infancia\/wp-content\/uploads\/2022\/06\/WhatsApp-Image-2022-05-20-at-12.49.-1-225x300.jpeg\" alt=\"\" width=\"225\" height=\"300\" srcset=\"https:\/\/web3.cl\/dev-infancia\/wp-content\/uploads\/2022\/06\/WhatsApp-Image-2022-05-20-at-12.49.-1-225x300.jpeg 225w, https:\/\/web3.cl\/dev-infancia\/wp-content\/uploads\/2022\/06\/WhatsApp-Image-2022-05-20-at-12.49.-1-766x1024.jpeg 766w, https:\/\/web3.cl\/dev-infancia\/wp-content\/uploads\/2022\/06\/WhatsApp-Image-2022-05-20-at-12.49.-1-768x1026.jpeg 768w, https:\/\/web3.cl\/dev-infancia\/wp-content\/uploads\/2022\/06\/WhatsApp-Image-2022-05-20-at-12.49.-1.jpeg 958w\" sizes=\"auto, (max-width: 225px) 100vw, 225px\" \/>\u00a0 \u00a0 \u00a0 <img loading=\"lazy\" decoding=\"async\" class=\"alignnone wp-image-232\" src=\"https:\/\/web3.cl\/dev-infancia\/wp-content\/uploads\/2022\/06\/WhatsApp-Image-2022-05-20-at-12.49.20-PM-2-1-300x168.jpeg\" alt=\"\" width=\"405\" height=\"227\" srcset=\"https:\/\/web3.cl\/dev-infancia\/wp-content\/uploads\/2022\/06\/WhatsApp-Image-2022-05-20-at-12.49.20-PM-2-1-300x168.jpeg 300w, https:\/\/web3.cl\/dev-infancia\/wp-content\/uploads\/2022\/06\/WhatsApp-Image-2022-05-20-at-12.49.20-PM-2-1-1024x572.jpeg 1024w, https:\/\/web3.cl\/dev-infancia\/wp-content\/uploads\/2022\/06\/WhatsApp-Image-2022-05-20-at-12.49.20-PM-2-1-768x429.jpeg 768w, https:\/\/web3.cl\/dev-infancia\/wp-content\/uploads\/2022\/06\/WhatsApp-Image-2022-05-20-at-12.49.20-PM-2-1-1536x858.jpeg 1536w, https:\/\/web3.cl\/dev-infancia\/wp-content\/uploads\/2022\/06\/WhatsApp-Image-2022-05-20-at-12.49.20-PM-2-1.jpeg 1600w\" sizes=\"auto, (max-width: 405px) 100vw, 405px\" \/>\u00a0 <img loading=\"lazy\" decoding=\"async\" class=\"alignnone size-medium wp-image-233\" src=\"https:\/\/web3.cl\/dev-infancia\/wp-content\/uploads\/2022\/06\/WhatsApp-Image-2022-05-20-at-12.49.20-PM-225x300.jpeg\" alt=\"\" width=\"225\" height=\"300\" srcset=\"https:\/\/web3.cl\/dev-infancia\/wp-content\/uploads\/2022\/06\/WhatsApp-Image-2022-05-20-at-12.49.20-PM-225x300.jpeg 225w, https:\/\/web3.cl\/dev-infancia\/wp-content\/uploads\/2022\/06\/WhatsApp-Image-2022-05-20-at-12.49.20-PM-768x1024.jpeg 768w, https:\/\/web3.cl\/dev-infancia\/wp-content\/uploads\/2022\/06\/WhatsApp-Image-2022-05-20-at-12.49.20-PM-1152x1536.jpeg 1152w, https:\/\/web3.cl\/dev-infancia\/wp-content\/uploads\/2022\/06\/WhatsApp-Image-2022-05-20-at-12.49.20-PM.jpeg 1200w\" sizes=\"auto, (max-width: 225px) 100vw, 225px\" \/><\/p>\n","protected":false},"excerpt":{"rendered":"<p>Mediante la experiencia interactiva \u201cExplorando el fondo del Mar\u201d, los ni\u00f1os y ni\u00f1as del Jard\u00edn Infantil y Sala Cuna Padre Alberto Hurtado disfrutaron de las maravillas de la naturaleza submarina, teniendo la posibilidad de explorar el oc\u00e9ano a trav\u00e9s de sus sentidos. &nbsp; \u00c9l aula estaba divida en tres zonas, una que representa el fondo [&hellip;]<\/p>\n","protected":false},"author":1,"featured_media":0,"comment_status":"open","ping_status":"open","sticky":false,"template":"","format":"standard","meta":{"inline_featured_image":false,"footnotes":""},"categories":[1],"tags":[],"class_list":["post-227","post","type-post","status-publish","format-standard","hentry","category-sin-categoria"],"acf":[],"yoast_head":"<!-- This site is optimized with the Yoast SEO plugin v26.9 - https:\/\/yoast.com\/product\/yoast-seo-wordpress\/ -->\n<title>EXPLORANDO EL FONDO MARINO EN JARD\u00cdN PADRE HURTADO - Infancia<\/title>\n<meta name=\"robots\" content=\"index, follow, max-snippet:-1, max-image-preview:large, max-video-preview:-1\" \/>\n<link rel=\"canonical\" href=\"https:\/\/web3.cl\/dev-infancia\/explorando-el-fondo-marino-en-jardin-padre-hurtado\/\" \/>\n<meta property=\"og:locale\" content=\"es_ES\" \/>\n<meta property=\"og:type\" content=\"article\" \/>\n<meta property=\"og:title\" content=\"EXPLORANDO EL FONDO MARINO EN JARD\u00cdN PADRE HURTADO - Infancia\" \/>\n<meta property=\"og:description\" content=\"Mediante la experiencia interactiva \u201cExplorando el fondo del Mar\u201d, los ni\u00f1os y ni\u00f1as del Jard\u00edn Infantil y Sala Cuna Padre Alberto Hurtado disfrutaron de las maravillas de la naturaleza submarina, teniendo la posibilidad de explorar el oc\u00e9ano a trav\u00e9s de sus sentidos. &nbsp; \u00c9l aula estaba divida en tres zonas, una que representa el fondo [&hellip;]\" \/>\n<meta property=\"og:url\" content=\"https:\/\/web3.cl\/dev-infancia\/explorando-el-fondo-marino-en-jardin-padre-hurtado\/\" \/>\n<meta property=\"og:site_name\" content=\"Infancia\" \/>\n<meta property=\"article:published_time\" content=\"2022-05-20T20:28:02+00:00\" \/>\n<meta property=\"article:modified_time\" content=\"2022-06-03T20:28:28+00:00\" \/>\n<meta property=\"og:image\" content=\"https:\/\/web3.cl\/dev-infancia\/wp-content\/uploads\/2022\/06\/WhatsApp-Image-2022-05-20-at-12.49.-1-225x300.jpeg\" \/>\n<meta name=\"author\" content=\"naitus\" \/>\n<meta name=\"twitter:card\" content=\"summary_large_image\" \/>\n<meta name=\"twitter:label1\" content=\"Escrito por\" \/>\n\t<meta name=\"twitter:data1\" content=\"naitus\" \/>\n\t<meta name=\"twitter:label2\" content=\"Tiempo estimado de lectura\" \/>\n\t<meta name=\"twitter:data2\" content=\"1 minuto\" \/>\n<script type=\"application\/ld+json\" class=\"yoast-schema-graph\">{\"@context\":\"https:\/\/schema.org\",\"@graph\":[{\"@type\":\"Article\",\"@id\":\"https:\/\/web3.cl\/dev-infancia\/explorando-el-fondo-marino-en-jardin-padre-hurtado\/#article\",\"isPartOf\":{\"@id\":\"https:\/\/web3.cl\/dev-infancia\/explorando-el-fondo-marino-en-jardin-padre-hurtado\/\"},\"author\":{\"name\":\"naitus\",\"@id\":\"https:\/\/web3.cl\/dev-infancia\/#\/schema\/person\/cfc69e69dbb20c8536fadb51155042d8\"},\"headline\":\"EXPLORANDO EL FONDO MARINO EN JARD\u00cdN PADRE HURTADO\",\"datePublished\":\"2022-05-20T20:28:02+00:00\",\"dateModified\":\"2022-06-03T20:28:28+00:00\",\"mainEntityOfPage\":{\"@id\":\"https:\/\/web3.cl\/dev-infancia\/explorando-el-fondo-marino-en-jardin-padre-hurtado\/\"},\"wordCount\":117,\"commentCount\":0,\"image\":{\"@id\":\"https:\/\/web3.cl\/dev-infancia\/explorando-el-fondo-marino-en-jardin-padre-hurtado\/#primaryimage\"},\"thumbnailUrl\":\"https:\/\/web3.cl\/dev-infancia\/wp-content\/uploads\/2022\/06\/WhatsApp-Image-2022-05-20-at-12.49.-1-225x300.jpeg\",\"inLanguage\":\"es-CL\",\"potentialAction\":[{\"@type\":\"CommentAction\",\"name\":\"Comment\",\"target\":[\"https:\/\/web3.cl\/dev-infancia\/explorando-el-fondo-marino-en-jardin-padre-hurtado\/#respond\"]}]},{\"@type\":\"WebPage\",\"@id\":\"https:\/\/web3.cl\/dev-infancia\/explorando-el-fondo-marino-en-jardin-padre-hurtado\/\",\"url\":\"https:\/\/web3.cl\/dev-infancia\/explorando-el-fondo-marino-en-jardin-padre-hurtado\/\",\"name\":\"EXPLORANDO EL FONDO MARINO EN JARD\u00cdN PADRE HURTADO - Infancia\",\"isPartOf\":{\"@id\":\"https:\/\/web3.cl\/dev-infancia\/#website\"},\"primaryImageOfPage\":{\"@id\":\"https:\/\/web3.cl\/dev-infancia\/explorando-el-fondo-marino-en-jardin-padre-hurtado\/#primaryimage\"},\"image\":{\"@id\":\"https:\/\/web3.cl\/dev-infancia\/explorando-el-fondo-marino-en-jardin-padre-hurtado\/#primaryimage\"},\"thumbnailUrl\":\"https:\/\/web3.cl\/dev-infancia\/wp-content\/uploads\/2022\/06\/WhatsApp-Image-2022-05-20-at-12.49.-1-225x300.jpeg\",\"datePublished\":\"2022-05-20T20:28:02+00:00\",\"dateModified\":\"2022-06-03T20:28:28+00:00\",\"author\":{\"@id\":\"https:\/\/web3.cl\/dev-infancia\/#\/schema\/person\/cfc69e69dbb20c8536fadb51155042d8\"},\"breadcrumb\":{\"@id\":\"https:\/\/web3.cl\/dev-infancia\/explorando-el-fondo-marino-en-jardin-padre-hurtado\/#breadcrumb\"},\"inLanguage\":\"es-CL\",\"potentialAction\":[{\"@type\":\"ReadAction\",\"target\":[\"https:\/\/web3.cl\/dev-infancia\/explorando-el-fondo-marino-en-jardin-padre-hurtado\/\"]}]},{\"@type\":\"ImageObject\",\"inLanguage\":\"es-CL\",\"@id\":\"https:\/\/web3.cl\/dev-infancia\/explorando-el-fondo-marino-en-jardin-padre-hurtado\/#primaryimage\",\"url\":\"https:\/\/web3.cl\/dev-infancia\/wp-content\/uploads\/2022\/06\/WhatsApp-Image-2022-05-20-at-12.49.-1.jpeg\",\"contentUrl\":\"https:\/\/web3.cl\/dev-infancia\/wp-content\/uploads\/2022\/06\/WhatsApp-Image-2022-05-20-at-12.49.-1.jpeg\",\"width\":958,\"height\":1280},{\"@type\":\"BreadcrumbList\",\"@id\":\"https:\/\/web3.cl\/dev-infancia\/explorando-el-fondo-marino-en-jardin-padre-hurtado\/#breadcrumb\",\"itemListElement\":[{\"@type\":\"ListItem\",\"position\":1,\"name\":\"Portada\",\"item\":\"https:\/\/web3.cl\/dev-infancia\/\"},{\"@type\":\"ListItem\",\"position\":2,\"name\":\"EXPLORANDO EL FONDO MARINO EN JARD\u00cdN PADRE HURTADO\"}]},{\"@type\":\"WebSite\",\"@id\":\"https:\/\/web3.cl\/dev-infancia\/#website\",\"url\":\"https:\/\/web3.cl\/dev-infancia\/\",\"name\":\"Infancia\",\"description\":\"Corporaci\u00f3n para la infancia de Santiago\",\"potentialAction\":[{\"@type\":\"SearchAction\",\"target\":{\"@type\":\"EntryPoint\",\"urlTemplate\":\"https:\/\/web3.cl\/dev-infancia\/?s={search_term_string}\"},\"query-input\":{\"@type\":\"PropertyValueSpecification\",\"valueRequired\":true,\"valueName\":\"search_term_string\"}}],\"inLanguage\":\"es-CL\"},{\"@type\":\"Person\",\"@id\":\"https:\/\/web3.cl\/dev-infancia\/#\/schema\/person\/cfc69e69dbb20c8536fadb51155042d8\",\"name\":\"naitus\",\"image\":{\"@type\":\"ImageObject\",\"inLanguage\":\"es-CL\",\"@id\":\"https:\/\/web3.cl\/dev-infancia\/#\/schema\/person\/image\/\",\"url\":\"https:\/\/secure.gravatar.com\/avatar\/d9d7d5af93146cf2cd9622f1b59d6c7df4310fe5833ecfd923eccfc3e2b5d19f?s=96&d=mm&r=g\",\"contentUrl\":\"https:\/\/secure.gravatar.com\/avatar\/d9d7d5af93146cf2cd9622f1b59d6c7df4310fe5833ecfd923eccfc3e2b5d19f?s=96&d=mm&r=g\",\"caption\":\"naitus\"},\"sameAs\":[\"https:\/\/web3.cl\/dev-infancia\"],\"url\":\"https:\/\/web3.cl\/dev-infancia\/author\/naitus\/\"}]}<\/script>\n<!-- \/ Yoast SEO plugin. -->","yoast_head_json":{"title":"EXPLORANDO EL FONDO MARINO EN JARD\u00cdN PADRE HURTADO - Infancia","robots":{"index":"index","follow":"follow","max-snippet":"max-snippet:-1","max-image-preview":"max-image-preview:large","max-video-preview":"max-video-preview:-1"},"canonical":"https:\/\/web3.cl\/dev-infancia\/explorando-el-fondo-marino-en-jardin-padre-hurtado\/","og_locale":"es_ES","og_type":"article","og_title":"EXPLORANDO EL FONDO MARINO EN JARD\u00cdN PADRE HURTADO - Infancia","og_description":"Mediante la experiencia interactiva \u201cExplorando el fondo del Mar\u201d, los ni\u00f1os y ni\u00f1as del Jard\u00edn Infantil y Sala Cuna Padre Alberto Hurtado disfrutaron de las maravillas de la naturaleza submarina, teniendo la posibilidad de explorar el oc\u00e9ano a trav\u00e9s de sus sentidos. &nbsp; \u00c9l aula estaba divida en tres zonas, una que representa el fondo [&hellip;]","og_url":"https:\/\/web3.cl\/dev-infancia\/explorando-el-fondo-marino-en-jardin-padre-hurtado\/","og_site_name":"Infancia","article_published_time":"2022-05-20T20:28:02+00:00","article_modified_time":"2022-06-03T20:28:28+00:00","og_image":[{"url":"https:\/\/web3.cl\/dev-infancia\/wp-content\/uploads\/2022\/06\/WhatsApp-Image-2022-05-20-at-12.49.-1-225x300.jpeg","type":"","width":"","height":""}],"author":"naitus","twitter_card":"summary_large_image","twitter_misc":{"Escrito por":"naitus","Tiempo estimado de lectura":"1 minuto"},"schema":{"@context":"https:\/\/schema.org","@graph":[{"@type":"Article","@id":"https:\/\/web3.cl\/dev-infancia\/explorando-el-fondo-marino-en-jardin-padre-hurtado\/#article","isPartOf":{"@id":"https:\/\/web3.cl\/dev-infancia\/explorando-el-fondo-marino-en-jardin-padre-hurtado\/"},"author":{"name":"naitus","@id":"https:\/\/web3.cl\/dev-infancia\/#\/schema\/person\/cfc69e69dbb20c8536fadb51155042d8"},"headline":"EXPLORANDO EL FONDO MARINO EN JARD\u00cdN PADRE HURTADO","datePublished":"2022-05-20T20:28:02+00:00","dateModified":"2022-06-03T20:28:28+00:00","mainEntityOfPage":{"@id":"https:\/\/web3.cl\/dev-infancia\/explorando-el-fondo-marino-en-jardin-padre-hurtado\/"},"wordCount":117,"commentCount":0,"image":{"@id":"https:\/\/web3.cl\/dev-infancia\/explorando-el-fondo-marino-en-jardin-padre-hurtado\/#primaryimage"},"thumbnailUrl":"https:\/\/web3.cl\/dev-infancia\/wp-content\/uploads\/2022\/06\/WhatsApp-Image-2022-05-20-at-12.49.-1-225x300.jpeg","inLanguage":"es-CL","potentialAction":[{"@type":"CommentAction","name":"Comment","target":["https:\/\/web3.cl\/dev-infancia\/explorando-el-fondo-marino-en-jardin-padre-hurtado\/#respond"]}]},{"@type":"WebPage","@id":"https:\/\/web3.cl\/dev-infancia\/explorando-el-fondo-marino-en-jardin-padre-hurtado\/","url":"https:\/\/web3.cl\/dev-infancia\/explorando-el-fondo-marino-en-jardin-padre-hurtado\/","name":"EXPLORANDO EL FONDO MARINO EN JARD\u00cdN PADRE HURTADO - Infancia","isPartOf":{"@id":"https:\/\/web3.cl\/dev-infancia\/#website"},"primaryImageOfPage":{"@id":"https:\/\/web3.cl\/dev-infancia\/explorando-el-fondo-marino-en-jardin-padre-hurtado\/#primaryimage"},"image":{"@id":"https:\/\/web3.cl\/dev-infancia\/explorando-el-fondo-marino-en-jardin-padre-hurtado\/#primaryimage"},"thumbnailUrl":"https:\/\/web3.cl\/dev-infancia\/wp-content\/uploads\/2022\/06\/WhatsApp-Image-2022-05-20-at-12.49.-1-225x300.jpeg","datePublished":"2022-05-20T20:28:02+00:00","dateModified":"2022-06-03T20:28:28+00:00","author":{"@id":"https:\/\/web3.cl\/dev-infancia\/#\/schema\/person\/cfc69e69dbb20c8536fadb51155042d8"},"breadcrumb":{"@id":"https:\/\/web3.cl\/dev-infancia\/explorando-el-fondo-marino-en-jardin-padre-hurtado\/#breadcrumb"},"inLanguage":"es-CL","potentialAction":[{"@type":"ReadAction","target":["https:\/\/web3.cl\/dev-infancia\/explorando-el-fondo-marino-en-jardin-padre-hurtado\/"]}]},{"@type":"ImageObject","inLanguage":"es-CL","@id":"https:\/\/web3.cl\/dev-infancia\/explorando-el-fondo-marino-en-jardin-padre-hurtado\/#primaryimage","url":"https:\/\/web3.cl\/dev-infancia\/wp-content\/uploads\/2022\/06\/WhatsApp-Image-2022-05-20-at-12.49.-1.jpeg","contentUrl":"https:\/\/web3.cl\/dev-infancia\/wp-content\/uploads\/2022\/06\/WhatsApp-Image-2022-05-20-at-12.49.-1.jpeg","width":958,"height":1280},{"@type":"BreadcrumbList","@id":"https:\/\/web3.cl\/dev-infancia\/explorando-el-fondo-marino-en-jardin-padre-hurtado\/#breadcrumb","itemListElement":[{"@type":"ListItem","position":1,"name":"Portada","item":"https:\/\/web3.cl\/dev-infancia\/"},{"@type":"ListItem","position":2,"name":"EXPLORANDO EL FONDO MARINO EN JARD\u00cdN PADRE HURTADO"}]},{"@type":"WebSite","@id":"https:\/\/web3.cl\/dev-infancia\/#website","url":"https:\/\/web3.cl\/dev-infancia\/","name":"Infancia","description":"Corporaci\u00f3n para la infancia de Santiago","potentialAction":[{"@type":"SearchAction","target":{"@type":"EntryPoint","urlTemplate":"https:\/\/web3.cl\/dev-infancia\/?s={search_term_string}"},"query-input":{"@type":"PropertyValueSpecification","valueRequired":true,"valueName":"search_term_string"}}],"inLanguage":"es-CL"},{"@type":"Person","@id":"https:\/\/web3.cl\/dev-infancia\/#\/schema\/person\/cfc69e69dbb20c8536fadb51155042d8","name":"naitus","image":{"@type":"ImageObject","inLanguage":"es-CL","@id":"https:\/\/web3.cl\/dev-infancia\/#\/schema\/person\/image\/","url":"https:\/\/secure.gravatar.com\/avatar\/d9d7d5af93146cf2cd9622f1b59d6c7df4310fe5833ecfd923eccfc3e2b5d19f?s=96&d=mm&r=g","contentUrl":"https:\/\/secure.gravatar.com\/avatar\/d9d7d5af93146cf2cd9622f1b59d6c7df4310fe5833ecfd923eccfc3e2b5d19f?s=96&d=mm&r=g","caption":"naitus"},"sameAs":["https:\/\/web3.cl\/dev-infancia"],"url":"https:\/\/web3.cl\/dev-infancia\/author\/naitus\/"}]}},"_links":{"self":[{"href":"https:\/\/web3.cl\/dev-infancia\/wp-json\/wp\/v2\/posts\/227","targetHints":{"allow":["GET"]}}],"collection":[{"href":"https:\/\/web3.cl\/dev-infancia\/wp-json\/wp\/v2\/posts"}],"about":[{"href":"https:\/\/web3.cl\/dev-infancia\/wp-json\/wp\/v2\/types\/post"}],"author":[{"embeddable":true,"href":"https:\/\/web3.cl\/dev-infancia\/wp-json\/wp\/v2\/users\/1"}],"replies":[{"embeddable":true,"href":"https:\/\/web3.cl\/dev-infancia\/wp-json\/wp\/v2\/comments?post=227"}],"version-history":[{"count":1,"href":"https:\/\/web3.cl\/dev-infancia\/wp-json\/wp\/v2\/posts\/227\/revisions"}],"predecessor-version":[{"id":234,"href":"https:\/\/web3.cl\/dev-infancia\/wp-json\/wp\/v2\/posts\/227\/revisions\/234"}],"wp:attachment":[{"href":"https:\/\/web3.cl\/dev-infancia\/wp-json\/wp\/v2\/media?parent=227"}],"wp:term":[{"taxonomy":"category","embeddable":true,"href":"https:\/\/web3.cl\/dev-infancia\/wp-json\/wp\/v2\/categories?post=227"},{"taxonomy":"post_tag","embeddable":true,"href":"https:\/\/web3.cl\/dev-infancia\/wp-json\/wp\/v2\/tags?post=227"}],"curies":[{"name":"wp","href":"https:\/\/api.w.org\/{rel}","templated":true}]}}