{"id":1041,"date":"2022-06-13T11:46:11","date_gmt":"2022-06-13T14:46:11","guid":{"rendered":"https:\/\/web3.cl\/dev-infancia\/?p=1041"},"modified":"2022-06-22T12:17:43","modified_gmt":"2022-06-22T15:17:43","slug":"encuentro-de-acompanamiento-tecnico-sobre-ambientes-para-el-bienestar-y-aprendizaje","status":"publish","type":"post","link":"https:\/\/web3.cl\/dev-infancia\/encuentro-de-acompanamiento-tecnico-sobre-ambientes-para-el-bienestar-y-aprendizaje\/","title":{"rendered":"ENCUENTRO DE ACOMPA\u00d1AMIENTO T\u00c9CNICO SOBRE AMBIENTES PARA EL BIENESTAR Y APRENDIZAJE"},"content":{"rendered":"<p>La instancia convocada por el \u00e1rea educativa busca generar un espacio de reflexi\u00f3n en base a los ambientes preparados para el aprendizaje, como \u00abtercer educador\u00bb.<\/p>\n<p>Durante la tarde de hoy, se llev\u00f3 a cabo por v\u00eda telem\u00e1tica, un nuevo encuentro de acompa\u00f1amiento t\u00e9cnico, en que participaron directoras y parte de los equipos educativos, de los jardines infantiles y salas cunas administrados por la Corporaci\u00f3n para la Infancia de Santiago.<\/p>\n<p>En la oportunidad, Macarena Madrid, asesora educativa, present\u00f3 los referentes curriculares y criterios para la creaci\u00f3n de ambientes propicios para el aprendizaje. Por su parte, Lynda Landaeta, docente de la carrera de Educaci\u00f3n Parvularia de la Universidad Cardenal Ra\u00fal Silva Henr\u00edquez y supervisora de pr\u00e1ctica profesional, detall\u00f3 los est\u00e1ndares para las interacciones pedag\u00f3gicas que comprenden la generaci\u00f3n de experiencias de aprendizaje mediado en las que el ambiente enriquecido es parte central de las oportunidades de desarrollo y aprendizaje. La jefa del \u00e1rea educativa Fernanda Rubio, a la vez, explic\u00f3 en detalle las adecuaciones que se han debido hacer en los \u00faltimos per\u00edodos, a ra\u00edz de los protocolos sanitarios intentando proteger la salud de ni\u00f1os y ni\u00f1as y asegurar sus trayectorias educativas y procesos de aprendizaje. Tambi\u00e9n hizo referencia a cinco caracter\u00edsticas o ejes que se deben tener en consideraci\u00f3n al momento de preparar ambientes para el bienestar y aprendizajes: Est\u00e9tica, Instalaciones, Organizaci\u00f3n y accesibilidad de los recursos educativos, Identidad y la Pertenencia Objetual.<\/p>\n<p>Las directoras y agentes educativas, que intervinieron, se mostraron receptivas e indicaron estar dispuestas a recibir en cada uno de sus jardines infantiles y salas cunas, las orientaciones y sugerencias para la mejora sobre los ambientes preparados, poniendo siempre como prioridad el bienestar y proceso de aprendizaje de los ni\u00f1os y ni\u00f1as.<\/p>\n<p><img loading=\"lazy\" decoding=\"async\" class=\"alignnone wp-image-1042\" src=\"https:\/\/web3.cl\/dev-infancia\/wp-content\/uploads\/2022\/06\/1_1-150x150-1.png\" alt=\"\" width=\"240\" height=\"240\" \/>\u00a0 <img loading=\"lazy\" decoding=\"async\" class=\"alignnone wp-image-1043\" src=\"https:\/\/web3.cl\/dev-infancia\/wp-content\/uploads\/2022\/06\/5_5-150x150-1.png\" alt=\"\" width=\"240\" height=\"240\" \/>\u00a0 <img loading=\"lazy\" decoding=\"async\" class=\"alignnone wp-image-1044\" src=\"https:\/\/web3.cl\/dev-infancia\/wp-content\/uploads\/2022\/06\/30_30-150x150-1.png\" alt=\"\" width=\"238\" height=\"238\" \/><\/p>\n<p><img loading=\"lazy\" decoding=\"async\" class=\"alignnone wp-image-1045\" src=\"https:\/\/web3.cl\/dev-infancia\/wp-content\/uploads\/2022\/06\/42_42-150x150-1.png\" alt=\"\" width=\"241\" height=\"241\" \/>\u00a0 <img loading=\"lazy\" decoding=\"async\" class=\"alignnone wp-image-1046\" src=\"https:\/\/web3.cl\/dev-infancia\/wp-content\/uploads\/2022\/06\/50_50-150x150-1.png\" alt=\"\" width=\"240\" height=\"240\" \/><\/p>\n","protected":false},"excerpt":{"rendered":"<p>La instancia convocada por el \u00e1rea educativa busca generar un espacio de reflexi\u00f3n en base a los ambientes preparados para&#8230;<\/p>\n","protected":false},"author":1,"featured_media":0,"comment_status":"open","ping_status":"open","sticky":false,"template":"","format":"standard","meta":{"inline_featured_image":false,"footnotes":""},"categories":[1],"tags":[],"class_list":["post-1041","post","type-post","status-publish","format-standard","hentry","category-sin-categoria"],"acf":[],"yoast_head":"<!-- This site is optimized with the Yoast SEO plugin v26.9 - https:\/\/yoast.com\/product\/yoast-seo-wordpress\/ -->\n<title>ENCUENTRO DE ACOMPA\u00d1AMIENTO T\u00c9CNICO SOBRE AMBIENTES PARA EL BIENESTAR Y APRENDIZAJE - Infancia<\/title>\n<meta name=\"robots\" content=\"index, follow, max-snippet:-1, max-image-preview:large, max-video-preview:-1\" \/>\n<link rel=\"canonical\" href=\"https:\/\/web3.cl\/dev-infancia\/encuentro-de-acompanamiento-tecnico-sobre-ambientes-para-el-bienestar-y-aprendizaje\/\" \/>\n<meta property=\"og:locale\" content=\"es_ES\" \/>\n<meta property=\"og:type\" content=\"article\" \/>\n<meta property=\"og:title\" content=\"ENCUENTRO DE ACOMPA\u00d1AMIENTO T\u00c9CNICO SOBRE AMBIENTES PARA EL BIENESTAR Y APRENDIZAJE - Infancia\" \/>\n<meta property=\"og:description\" content=\"La instancia convocada por el \u00e1rea educativa busca generar un espacio de reflexi\u00f3n en base a los ambientes preparados para...\" \/>\n<meta property=\"og:url\" content=\"https:\/\/web3.cl\/dev-infancia\/encuentro-de-acompanamiento-tecnico-sobre-ambientes-para-el-bienestar-y-aprendizaje\/\" \/>\n<meta property=\"og:site_name\" content=\"Infancia\" \/>\n<meta property=\"article:published_time\" content=\"2022-06-13T14:46:11+00:00\" \/>\n<meta property=\"article:modified_time\" content=\"2022-06-22T15:17:43+00:00\" \/>\n<meta property=\"og:image\" content=\"https:\/\/web3.cl\/dev-infancia\/wp-content\/uploads\/2022\/06\/1_1-150x150-1.png\" \/>\n<meta name=\"author\" content=\"naitus\" \/>\n<meta name=\"twitter:card\" content=\"summary_large_image\" \/>\n<meta name=\"twitter:label1\" content=\"Escrito por\" \/>\n\t<meta name=\"twitter:data1\" content=\"naitus\" \/>\n\t<meta name=\"twitter:label2\" content=\"Tiempo estimado de lectura\" \/>\n\t<meta name=\"twitter:data2\" content=\"2 minutos\" \/>\n<script type=\"application\/ld+json\" class=\"yoast-schema-graph\">{\"@context\":\"https:\/\/schema.org\",\"@graph\":[{\"@type\":\"Article\",\"@id\":\"https:\/\/web3.cl\/dev-infancia\/encuentro-de-acompanamiento-tecnico-sobre-ambientes-para-el-bienestar-y-aprendizaje\/#article\",\"isPartOf\":{\"@id\":\"https:\/\/web3.cl\/dev-infancia\/encuentro-de-acompanamiento-tecnico-sobre-ambientes-para-el-bienestar-y-aprendizaje\/\"},\"author\":{\"name\":\"naitus\",\"@id\":\"https:\/\/web3.cl\/dev-infancia\/#\/schema\/person\/cfc69e69dbb20c8536fadb51155042d8\"},\"headline\":\"ENCUENTRO DE ACOMPA\u00d1AMIENTO T\u00c9CNICO SOBRE AMBIENTES PARA EL BIENESTAR Y APRENDIZAJE\",\"datePublished\":\"2022-06-13T14:46:11+00:00\",\"dateModified\":\"2022-06-22T15:17:43+00:00\",\"mainEntityOfPage\":{\"@id\":\"https:\/\/web3.cl\/dev-infancia\/encuentro-de-acompanamiento-tecnico-sobre-ambientes-para-el-bienestar-y-aprendizaje\/\"},\"wordCount\":322,\"commentCount\":0,\"image\":{\"@id\":\"https:\/\/web3.cl\/dev-infancia\/encuentro-de-acompanamiento-tecnico-sobre-ambientes-para-el-bienestar-y-aprendizaje\/#primaryimage\"},\"thumbnailUrl\":\"https:\/\/web3.cl\/dev-infancia\/wp-content\/uploads\/2022\/06\/1_1-150x150-1.png\",\"inLanguage\":\"es-CL\",\"potentialAction\":[{\"@type\":\"CommentAction\",\"name\":\"Comment\",\"target\":[\"https:\/\/web3.cl\/dev-infancia\/encuentro-de-acompanamiento-tecnico-sobre-ambientes-para-el-bienestar-y-aprendizaje\/#respond\"]}]},{\"@type\":\"WebPage\",\"@id\":\"https:\/\/web3.cl\/dev-infancia\/encuentro-de-acompanamiento-tecnico-sobre-ambientes-para-el-bienestar-y-aprendizaje\/\",\"url\":\"https:\/\/web3.cl\/dev-infancia\/encuentro-de-acompanamiento-tecnico-sobre-ambientes-para-el-bienestar-y-aprendizaje\/\",\"name\":\"ENCUENTRO DE ACOMPA\u00d1AMIENTO T\u00c9CNICO SOBRE AMBIENTES PARA EL BIENESTAR Y APRENDIZAJE - Infancia\",\"isPartOf\":{\"@id\":\"https:\/\/web3.cl\/dev-infancia\/#website\"},\"primaryImageOfPage\":{\"@id\":\"https:\/\/web3.cl\/dev-infancia\/encuentro-de-acompanamiento-tecnico-sobre-ambientes-para-el-bienestar-y-aprendizaje\/#primaryimage\"},\"image\":{\"@id\":\"https:\/\/web3.cl\/dev-infancia\/encuentro-de-acompanamiento-tecnico-sobre-ambientes-para-el-bienestar-y-aprendizaje\/#primaryimage\"},\"thumbnailUrl\":\"https:\/\/web3.cl\/dev-infancia\/wp-content\/uploads\/2022\/06\/1_1-150x150-1.png\",\"datePublished\":\"2022-06-13T14:46:11+00:00\",\"dateModified\":\"2022-06-22T15:17:43+00:00\",\"author\":{\"@id\":\"https:\/\/web3.cl\/dev-infancia\/#\/schema\/person\/cfc69e69dbb20c8536fadb51155042d8\"},\"breadcrumb\":{\"@id\":\"https:\/\/web3.cl\/dev-infancia\/encuentro-de-acompanamiento-tecnico-sobre-ambientes-para-el-bienestar-y-aprendizaje\/#breadcrumb\"},\"inLanguage\":\"es-CL\",\"potentialAction\":[{\"@type\":\"ReadAction\",\"target\":[\"https:\/\/web3.cl\/dev-infancia\/encuentro-de-acompanamiento-tecnico-sobre-ambientes-para-el-bienestar-y-aprendizaje\/\"]}]},{\"@type\":\"ImageObject\",\"inLanguage\":\"es-CL\",\"@id\":\"https:\/\/web3.cl\/dev-infancia\/encuentro-de-acompanamiento-tecnico-sobre-ambientes-para-el-bienestar-y-aprendizaje\/#primaryimage\",\"url\":\"https:\/\/web3.cl\/dev-infancia\/wp-content\/uploads\/2022\/06\/1_1-150x150-1.png\",\"contentUrl\":\"https:\/\/web3.cl\/dev-infancia\/wp-content\/uploads\/2022\/06\/1_1-150x150-1.png\",\"width\":150,\"height\":150},{\"@type\":\"BreadcrumbList\",\"@id\":\"https:\/\/web3.cl\/dev-infancia\/encuentro-de-acompanamiento-tecnico-sobre-ambientes-para-el-bienestar-y-aprendizaje\/#breadcrumb\",\"itemListElement\":[{\"@type\":\"ListItem\",\"position\":1,\"name\":\"Portada\",\"item\":\"https:\/\/web3.cl\/dev-infancia\/\"},{\"@type\":\"ListItem\",\"position\":2,\"name\":\"ENCUENTRO DE ACOMPA\u00d1AMIENTO T\u00c9CNICO SOBRE AMBIENTES PARA EL BIENESTAR Y APRENDIZAJE\"}]},{\"@type\":\"WebSite\",\"@id\":\"https:\/\/web3.cl\/dev-infancia\/#website\",\"url\":\"https:\/\/web3.cl\/dev-infancia\/\",\"name\":\"Infancia\",\"description\":\"Corporaci\u00f3n para la infancia de Santiago\",\"potentialAction\":[{\"@type\":\"SearchAction\",\"target\":{\"@type\":\"EntryPoint\",\"urlTemplate\":\"https:\/\/web3.cl\/dev-infancia\/?s={search_term_string}\"},\"query-input\":{\"@type\":\"PropertyValueSpecification\",\"valueRequired\":true,\"valueName\":\"search_term_string\"}}],\"inLanguage\":\"es-CL\"},{\"@type\":\"Person\",\"@id\":\"https:\/\/web3.cl\/dev-infancia\/#\/schema\/person\/cfc69e69dbb20c8536fadb51155042d8\",\"name\":\"naitus\",\"image\":{\"@type\":\"ImageObject\",\"inLanguage\":\"es-CL\",\"@id\":\"https:\/\/web3.cl\/dev-infancia\/#\/schema\/person\/image\/\",\"url\":\"https:\/\/secure.gravatar.com\/avatar\/d9d7d5af93146cf2cd9622f1b59d6c7df4310fe5833ecfd923eccfc3e2b5d19f?s=96&d=mm&r=g\",\"contentUrl\":\"https:\/\/secure.gravatar.com\/avatar\/d9d7d5af93146cf2cd9622f1b59d6c7df4310fe5833ecfd923eccfc3e2b5d19f?s=96&d=mm&r=g\",\"caption\":\"naitus\"},\"sameAs\":[\"https:\/\/web3.cl\/dev-infancia\"],\"url\":\"https:\/\/web3.cl\/dev-infancia\/author\/naitus\/\"}]}<\/script>\n<!-- \/ Yoast SEO plugin. -->","yoast_head_json":{"title":"ENCUENTRO DE ACOMPA\u00d1AMIENTO T\u00c9CNICO SOBRE AMBIENTES PARA EL BIENESTAR Y APRENDIZAJE - Infancia","robots":{"index":"index","follow":"follow","max-snippet":"max-snippet:-1","max-image-preview":"max-image-preview:large","max-video-preview":"max-video-preview:-1"},"canonical":"https:\/\/web3.cl\/dev-infancia\/encuentro-de-acompanamiento-tecnico-sobre-ambientes-para-el-bienestar-y-aprendizaje\/","og_locale":"es_ES","og_type":"article","og_title":"ENCUENTRO DE ACOMPA\u00d1AMIENTO T\u00c9CNICO SOBRE AMBIENTES PARA EL BIENESTAR Y APRENDIZAJE - Infancia","og_description":"La instancia convocada por el \u00e1rea educativa busca generar un espacio de reflexi\u00f3n en base a los ambientes preparados para...","og_url":"https:\/\/web3.cl\/dev-infancia\/encuentro-de-acompanamiento-tecnico-sobre-ambientes-para-el-bienestar-y-aprendizaje\/","og_site_name":"Infancia","article_published_time":"2022-06-13T14:46:11+00:00","article_modified_time":"2022-06-22T15:17:43+00:00","og_image":[{"url":"https:\/\/web3.cl\/dev-infancia\/wp-content\/uploads\/2022\/06\/1_1-150x150-1.png","type":"","width":"","height":""}],"author":"naitus","twitter_card":"summary_large_image","twitter_misc":{"Escrito por":"naitus","Tiempo estimado de lectura":"2 minutos"},"schema":{"@context":"https:\/\/schema.org","@graph":[{"@type":"Article","@id":"https:\/\/web3.cl\/dev-infancia\/encuentro-de-acompanamiento-tecnico-sobre-ambientes-para-el-bienestar-y-aprendizaje\/#article","isPartOf":{"@id":"https:\/\/web3.cl\/dev-infancia\/encuentro-de-acompanamiento-tecnico-sobre-ambientes-para-el-bienestar-y-aprendizaje\/"},"author":{"name":"naitus","@id":"https:\/\/web3.cl\/dev-infancia\/#\/schema\/person\/cfc69e69dbb20c8536fadb51155042d8"},"headline":"ENCUENTRO DE ACOMPA\u00d1AMIENTO T\u00c9CNICO SOBRE AMBIENTES PARA EL BIENESTAR Y APRENDIZAJE","datePublished":"2022-06-13T14:46:11+00:00","dateModified":"2022-06-22T15:17:43+00:00","mainEntityOfPage":{"@id":"https:\/\/web3.cl\/dev-infancia\/encuentro-de-acompanamiento-tecnico-sobre-ambientes-para-el-bienestar-y-aprendizaje\/"},"wordCount":322,"commentCount":0,"image":{"@id":"https:\/\/web3.cl\/dev-infancia\/encuentro-de-acompanamiento-tecnico-sobre-ambientes-para-el-bienestar-y-aprendizaje\/#primaryimage"},"thumbnailUrl":"https:\/\/web3.cl\/dev-infancia\/wp-content\/uploads\/2022\/06\/1_1-150x150-1.png","inLanguage":"es-CL","potentialAction":[{"@type":"CommentAction","name":"Comment","target":["https:\/\/web3.cl\/dev-infancia\/encuentro-de-acompanamiento-tecnico-sobre-ambientes-para-el-bienestar-y-aprendizaje\/#respond"]}]},{"@type":"WebPage","@id":"https:\/\/web3.cl\/dev-infancia\/encuentro-de-acompanamiento-tecnico-sobre-ambientes-para-el-bienestar-y-aprendizaje\/","url":"https:\/\/web3.cl\/dev-infancia\/encuentro-de-acompanamiento-tecnico-sobre-ambientes-para-el-bienestar-y-aprendizaje\/","name":"ENCUENTRO DE ACOMPA\u00d1AMIENTO T\u00c9CNICO SOBRE AMBIENTES PARA EL BIENESTAR Y APRENDIZAJE - Infancia","isPartOf":{"@id":"https:\/\/web3.cl\/dev-infancia\/#website"},"primaryImageOfPage":{"@id":"https:\/\/web3.cl\/dev-infancia\/encuentro-de-acompanamiento-tecnico-sobre-ambientes-para-el-bienestar-y-aprendizaje\/#primaryimage"},"image":{"@id":"https:\/\/web3.cl\/dev-infancia\/encuentro-de-acompanamiento-tecnico-sobre-ambientes-para-el-bienestar-y-aprendizaje\/#primaryimage"},"thumbnailUrl":"https:\/\/web3.cl\/dev-infancia\/wp-content\/uploads\/2022\/06\/1_1-150x150-1.png","datePublished":"2022-06-13T14:46:11+00:00","dateModified":"2022-06-22T15:17:43+00:00","author":{"@id":"https:\/\/web3.cl\/dev-infancia\/#\/schema\/person\/cfc69e69dbb20c8536fadb51155042d8"},"breadcrumb":{"@id":"https:\/\/web3.cl\/dev-infancia\/encuentro-de-acompanamiento-tecnico-sobre-ambientes-para-el-bienestar-y-aprendizaje\/#breadcrumb"},"inLanguage":"es-CL","potentialAction":[{"@type":"ReadAction","target":["https:\/\/web3.cl\/dev-infancia\/encuentro-de-acompanamiento-tecnico-sobre-ambientes-para-el-bienestar-y-aprendizaje\/"]}]},{"@type":"ImageObject","inLanguage":"es-CL","@id":"https:\/\/web3.cl\/dev-infancia\/encuentro-de-acompanamiento-tecnico-sobre-ambientes-para-el-bienestar-y-aprendizaje\/#primaryimage","url":"https:\/\/web3.cl\/dev-infancia\/wp-content\/uploads\/2022\/06\/1_1-150x150-1.png","contentUrl":"https:\/\/web3.cl\/dev-infancia\/wp-content\/uploads\/2022\/06\/1_1-150x150-1.png","width":150,"height":150},{"@type":"BreadcrumbList","@id":"https:\/\/web3.cl\/dev-infancia\/encuentro-de-acompanamiento-tecnico-sobre-ambientes-para-el-bienestar-y-aprendizaje\/#breadcrumb","itemListElement":[{"@type":"ListItem","position":1,"name":"Portada","item":"https:\/\/web3.cl\/dev-infancia\/"},{"@type":"ListItem","position":2,"name":"ENCUENTRO DE ACOMPA\u00d1AMIENTO T\u00c9CNICO SOBRE AMBIENTES PARA EL BIENESTAR Y APRENDIZAJE"}]},{"@type":"WebSite","@id":"https:\/\/web3.cl\/dev-infancia\/#website","url":"https:\/\/web3.cl\/dev-infancia\/","name":"Infancia","description":"Corporaci\u00f3n para la infancia de Santiago","potentialAction":[{"@type":"SearchAction","target":{"@type":"EntryPoint","urlTemplate":"https:\/\/web3.cl\/dev-infancia\/?s={search_term_string}"},"query-input":{"@type":"PropertyValueSpecification","valueRequired":true,"valueName":"search_term_string"}}],"inLanguage":"es-CL"},{"@type":"Person","@id":"https:\/\/web3.cl\/dev-infancia\/#\/schema\/person\/cfc69e69dbb20c8536fadb51155042d8","name":"naitus","image":{"@type":"ImageObject","inLanguage":"es-CL","@id":"https:\/\/web3.cl\/dev-infancia\/#\/schema\/person\/image\/","url":"https:\/\/secure.gravatar.com\/avatar\/d9d7d5af93146cf2cd9622f1b59d6c7df4310fe5833ecfd923eccfc3e2b5d19f?s=96&d=mm&r=g","contentUrl":"https:\/\/secure.gravatar.com\/avatar\/d9d7d5af93146cf2cd9622f1b59d6c7df4310fe5833ecfd923eccfc3e2b5d19f?s=96&d=mm&r=g","caption":"naitus"},"sameAs":["https:\/\/web3.cl\/dev-infancia"],"url":"https:\/\/web3.cl\/dev-infancia\/author\/naitus\/"}]}},"_links":{"self":[{"href":"https:\/\/web3.cl\/dev-infancia\/wp-json\/wp\/v2\/posts\/1041","targetHints":{"allow":["GET"]}}],"collection":[{"href":"https:\/\/web3.cl\/dev-infancia\/wp-json\/wp\/v2\/posts"}],"about":[{"href":"https:\/\/web3.cl\/dev-infancia\/wp-json\/wp\/v2\/types\/post"}],"author":[{"embeddable":true,"href":"https:\/\/web3.cl\/dev-infancia\/wp-json\/wp\/v2\/users\/1"}],"replies":[{"embeddable":true,"href":"https:\/\/web3.cl\/dev-infancia\/wp-json\/wp\/v2\/comments?post=1041"}],"version-history":[{"count":2,"href":"https:\/\/web3.cl\/dev-infancia\/wp-json\/wp\/v2\/posts\/1041\/revisions"}],"predecessor-version":[{"id":1054,"href":"https:\/\/web3.cl\/dev-infancia\/wp-json\/wp\/v2\/posts\/1041\/revisions\/1054"}],"wp:attachment":[{"href":"https:\/\/web3.cl\/dev-infancia\/wp-json\/wp\/v2\/media?parent=1041"}],"wp:term":[{"taxonomy":"category","embeddable":true,"href":"https:\/\/web3.cl\/dev-infancia\/wp-json\/wp\/v2\/categories?post=1041"},{"taxonomy":"post_tag","embeddable":true,"href":"https:\/\/web3.cl\/dev-infancia\/wp-json\/wp\/v2\/tags?post=1041"}],"curies":[{"name":"wp","href":"https:\/\/api.w.org\/{rel}","templated":true}]}}